{"id":3607,"date":"2022-02-23T11:08:48","date_gmt":"2022-02-23T09:08:48","guid":{"rendered":"https:\/\/blogsaverroes.juntadeandalucia.es\/14700705\/?p=3607"},"modified":"2022-02-23T11:08:48","modified_gmt":"2022-02-23T09:08:48","slug":"curso-de-arbitros","status":"publish","type":"post","link":"https:\/\/blogsaverroes.juntadeandalucia.es\/14700705\/2022\/02\/23\/curso-de-arbitros\/","title":{"rendered":"Curso de \u00c1rbitros"},"content":{"rendered":"<p><span data-offset-key=\"dbsul-0-0\">Alumnado de nuestro centro participa en el proyecto de la Delegaci\u00f3n de <\/span><span data-offset-key=\"dbsul-1-0\">#\u00c1rbitros<\/span><span data-offset-key=\"dbsul-2-0\"> de <\/span><span data-offset-key=\"dbsul-3-0\">#F\u00fatbol<\/span><span data-offset-key=\"dbsul-4-0\"> Sala. Se ha desarrollado una primera fase experimental, en seis centros de compensaci\u00f3n educativa de la ciudad. El alumnado est\u00e1 muy motivado y feliz con la experiencia.<\/span><\/p>\n<p><a href=\"https:\/\/blogsaverroes.juntadeandalucia.es\/14700705\/files\/2022\/02\/WhatsApp-Image-2022-02-17-at-20.05.18-1.jpeg\"><img loading=\"lazy\" decoding=\"async\" class=\"alignnone size-medium wp-image-3608\" src=\"https:\/\/blogsaverroes.juntadeandalucia.es\/14700705\/files\/2022\/02\/WhatsApp-Image-2022-02-17-at-20.05.18-1-300x225.jpeg\" alt=\"\" width=\"300\" height=\"225\" srcset=\"https:\/\/blogsaverroes.juntadeandalucia.es\/14700705\/files\/2022\/02\/WhatsApp-Image-2022-02-17-at-20.05.18-1-300x225.jpeg 300w, https:\/\/blogsaverroes.juntadeandalucia.es\/14700705\/files\/2022\/02\/WhatsApp-Image-2022-02-17-at-20.05.18-1-1024x768.jpeg 1024w, https:\/\/blogsaverroes.juntadeandalucia.es\/14700705\/files\/2022\/02\/WhatsApp-Image-2022-02-17-at-20.05.18-1-768x576.jpeg 768w, https:\/\/blogsaverroes.juntadeandalucia.es\/14700705\/files\/2022\/02\/WhatsApp-Image-2022-02-17-at-20.05.18-1-1536x1152.jpeg 1536w, https:\/\/blogsaverroes.juntadeandalucia.es\/14700705\/files\/2022\/02\/WhatsApp-Image-2022-02-17-at-20.05.18-1.jpeg 1600w\" sizes=\"(max-width: 300px) 100vw, 300px\" \/><\/a> <a href=\"https:\/\/blogsaverroes.juntadeandalucia.es\/14700705\/files\/2022\/02\/WhatsApp-Image-2022-02-17-at-20.05.18.jpeg\"><img loading=\"lazy\" decoding=\"async\" class=\"alignnone size-medium wp-image-3609\" src=\"https:\/\/blogsaverroes.juntadeandalucia.es\/14700705\/files\/2022\/02\/WhatsApp-Image-2022-02-17-at-20.05.18-300x225.jpeg\" alt=\"\" width=\"300\" height=\"225\" srcset=\"https:\/\/blogsaverroes.juntadeandalucia.es\/14700705\/files\/2022\/02\/WhatsApp-Image-2022-02-17-at-20.05.18-300x225.jpeg 300w, https:\/\/blogsaverroes.juntadeandalucia.es\/14700705\/files\/2022\/02\/WhatsApp-Image-2022-02-17-at-20.05.18-1024x768.jpeg 1024w, https:\/\/blogsaverroes.juntadeandalucia.es\/14700705\/files\/2022\/02\/WhatsApp-Image-2022-02-17-at-20.05.18-768x576.jpeg 768w, https:\/\/blogsaverroes.juntadeandalucia.es\/14700705\/files\/2022\/02\/WhatsApp-Image-2022-02-17-at-20.05.18-1536x1152.jpeg 1536w, https:\/\/blogsaverroes.juntadeandalucia.es\/14700705\/files\/2022\/02\/WhatsApp-Image-2022-02-17-at-20.05.18.jpeg 1600w\" sizes=\"(max-width: 300px) 100vw, 300px\" \/><\/a> <a href=\"https:\/\/blogsaverroes.juntadeandalucia.es\/14700705\/files\/2022\/02\/WhatsApp-Image-2022-02-17-at-20.06.13.jpeg\"><img loading=\"lazy\" decoding=\"async\" class=\"alignnone size-medium wp-image-3610\" src=\"https:\/\/blogsaverroes.juntadeandalucia.es\/14700705\/files\/2022\/02\/WhatsApp-Image-2022-02-17-at-20.06.13-300x225.jpeg\" alt=\"\" width=\"300\" height=\"225\" srcset=\"https:\/\/blogsaverroes.juntadeandalucia.es\/14700705\/files\/2022\/02\/WhatsApp-Image-2022-02-17-at-20.06.13-300x225.jpeg 300w, https:\/\/blogsaverroes.juntadeandalucia.es\/14700705\/files\/2022\/02\/WhatsApp-Image-2022-02-17-at-20.06.13-1024x768.jpeg 1024w, https:\/\/blogsaverroes.juntadeandalucia.es\/14700705\/files\/2022\/02\/WhatsApp-Image-2022-02-17-at-20.06.13-768x576.jpeg 768w, https:\/\/blogsaverroes.juntadeandalucia.es\/14700705\/files\/2022\/02\/WhatsApp-Image-2022-02-17-at-20.06.13.jpeg 1280w\" sizes=\"(max-width: 300px) 100vw, 300px\" \/><\/a><\/p>\n","protected":false},"excerpt":{"rendered":"<p>Alumnado de nuestro centro participa en el proyecto de la Delegaci\u00f3n de #\u00c1rbitros de #F\u00fatbol Sala. Se ha desarrollado una primera fase experimental, en seis centros de compensaci\u00f3n educativa de la ciudad. El alumnado&#46;&#46;&#46;<\/p>\n","protected":false},"author":7755,"featured_media":0,"comment_status":"open","ping_status":"open","sticky":false,"template":"","format":"standard","meta":{"ngg_post_thumbnail":0,"footnotes":""},"categories":[1915159,1915168],"tags":[],"aioseo_notices":[],"_links":{"self":[{"href":"https:\/\/blogsaverroes.juntadeandalucia.es\/14700705\/wp-json\/wp\/v2\/posts\/3607"}],"collection":[{"href":"https:\/\/blogsaverroes.juntadeandalucia.es\/14700705\/wp-json\/wp\/v2\/posts"}],"about":[{"href":"https:\/\/blogsaverroes.juntadeandalucia.es\/14700705\/wp-json\/wp\/v2\/types\/post"}],"author":[{"embeddable":true,"href":"https:\/\/blogsaverroes.juntadeandalucia.es\/14700705\/wp-json\/wp\/v2\/users\/7755"}],"replies":[{"embeddable":true,"href":"https:\/\/blogsaverroes.juntadeandalucia.es\/14700705\/wp-json\/wp\/v2\/comments?post=3607"}],"version-history":[{"count":1,"href":"https:\/\/blogsaverroes.juntadeandalucia.es\/14700705\/wp-json\/wp\/v2\/posts\/3607\/revisions"}],"predecessor-version":[{"id":3611,"href":"https:\/\/blogsaverroes.juntadeandalucia.es\/14700705\/wp-json\/wp\/v2\/posts\/3607\/revisions\/3611"}],"wp:attachment":[{"href":"https:\/\/blogsaverroes.juntadeandalucia.es\/14700705\/wp-json\/wp\/v2\/media?parent=3607"}],"wp:term":[{"taxonomy":"category","embeddable":true,"href":"https:\/\/blogsaverroes.juntadeandalucia.es\/14700705\/wp-json\/wp\/v2\/categories?post=3607"},{"taxonomy":"post_tag","embeddable":true,"href":"https:\/\/blogsaverroes.juntadeandalucia.es\/14700705\/wp-json\/wp\/v2\/tags?post=3607"}],"curies":[{"name":"wp","href":"https:\/\/api.w.org\/{rel}","templated":true}]}}