{"id":3642,"date":"2022-03-10T14:58:57","date_gmt":"2022-03-10T12:58:57","guid":{"rendered":"https:\/\/blogsaverroes.juntadeandalucia.es\/14700705\/?p=3642"},"modified":"2022-03-10T14:59:04","modified_gmt":"2022-03-10T12:59:04","slug":"programa-impulsa-inclusion-2","status":"publish","type":"post","link":"https:\/\/blogsaverroes.juntadeandalucia.es\/14700705\/2022\/03\/10\/programa-impulsa-inclusion-2\/","title":{"rendered":"Programa Impulsa: Inclusi\u00f3n"},"content":{"rendered":"<p><span class=\"css-901oao css-16my406 r-poiln3 r-bcqeeo r-qvutc0\">Seguimos con los talleres <\/span><span class=\"r-18u37iz\"><a class=\"css-4rbku5 css-18t94o4 css-901oao css-16my406 r-1cvl2hr r-1loqt21 r-poiln3 r-bcqeeo r-qvutc0\" role=\"link\" href=\"https:\/\/twitter.com\/hashtag\/Impulsa?src=hashtag_click\">#Impulsa<\/a><\/span> <span class=\"r-18u37iz\"><a class=\"css-4rbku5 css-18t94o4 css-901oao css-16my406 r-1cvl2hr r-1loqt21 r-poiln3 r-bcqeeo r-qvutc0\" role=\"link\" href=\"https:\/\/twitter.com\/hashtag\/Inclusi%C3%B3n?src=hashtag_click\">#Inclusi\u00f3n<\/a><\/span><span class=\"css-901oao css-16my406 r-poiln3 r-bcqeeo r-qvutc0\"> con el alumnado de aula espec\u00edfica. Gracias a&nbsp;<\/span><span class=\"r-18u37iz\"><a class=\"css-4rbku5 css-18t94o4 css-901oao css-16my406 r-1cvl2hr r-1loqt21 r-poiln3 r-bcqeeo r-qvutc0\" role=\"link\" href=\"https:\/\/twitter.com\/Fepamic\">Fepamic&nbsp;<\/a><\/span><span class=\"css-901oao css-16my406 r-poiln3 r-bcqeeo r-qvutc0\"> instalamos el riego autom\u00e1tico en jardines<\/span><a href=\"https:\/\/blogsaverroes.juntadeandalucia.es\/14700705\/files\/2022\/03\/impulsa-2.jpg\"><img loading=\"lazy\" decoding=\"async\" class=\" wp-image-3643 aligncenter\" src=\"https:\/\/blogsaverroes.juntadeandalucia.es\/14700705\/files\/2022\/03\/impulsa-2-300x300.jpg\" alt=\"\" width=\"411\" height=\"411\" srcset=\"https:\/\/blogsaverroes.juntadeandalucia.es\/14700705\/files\/2022\/03\/impulsa-2-300x300.jpg 300w, https:\/\/blogsaverroes.juntadeandalucia.es\/14700705\/files\/2022\/03\/impulsa-2-1024x1024.jpg 1024w, https:\/\/blogsaverroes.juntadeandalucia.es\/14700705\/files\/2022\/03\/impulsa-2-150x150.jpg 150w, https:\/\/blogsaverroes.juntadeandalucia.es\/14700705\/files\/2022\/03\/impulsa-2-768x768.jpg 768w, https:\/\/blogsaverroes.juntadeandalucia.es\/14700705\/files\/2022\/03\/impulsa-2.jpg 1080w\" sizes=\"(max-width: 411px) 100vw, 411px\" \/><\/a><\/p>\n","protected":false},"excerpt":{"rendered":"<p>Seguimos con los talleres #Impulsa #Inclusi\u00f3n con el alumnado de aula espec\u00edfica. Gracias a&nbsp;Fepamic&nbsp; instalamos el riego autom\u00e1tico en jardines<\/p>\n","protected":false},"author":7755,"featured_media":0,"comment_status":"open","ping_status":"open","sticky":false,"template":"","format":"standard","meta":{"ngg_post_thumbnail":0,"footnotes":""},"categories":[1915159,1915164],"tags":[],"aioseo_notices":[],"_links":{"self":[{"href":"https:\/\/blogsaverroes.juntadeandalucia.es\/14700705\/wp-json\/wp\/v2\/posts\/3642"}],"collection":[{"href":"https:\/\/blogsaverroes.juntadeandalucia.es\/14700705\/wp-json\/wp\/v2\/posts"}],"about":[{"href":"https:\/\/blogsaverroes.juntadeandalucia.es\/14700705\/wp-json\/wp\/v2\/types\/post"}],"author":[{"embeddable":true,"href":"https:\/\/blogsaverroes.juntadeandalucia.es\/14700705\/wp-json\/wp\/v2\/users\/7755"}],"replies":[{"embeddable":true,"href":"https:\/\/blogsaverroes.juntadeandalucia.es\/14700705\/wp-json\/wp\/v2\/comments?post=3642"}],"version-history":[{"count":1,"href":"https:\/\/blogsaverroes.juntadeandalucia.es\/14700705\/wp-json\/wp\/v2\/posts\/3642\/revisions"}],"predecessor-version":[{"id":3644,"href":"https:\/\/blogsaverroes.juntadeandalucia.es\/14700705\/wp-json\/wp\/v2\/posts\/3642\/revisions\/3644"}],"wp:attachment":[{"href":"https:\/\/blogsaverroes.juntadeandalucia.es\/14700705\/wp-json\/wp\/v2\/media?parent=3642"}],"wp:term":[{"taxonomy":"category","embeddable":true,"href":"https:\/\/blogsaverroes.juntadeandalucia.es\/14700705\/wp-json\/wp\/v2\/categories?post=3642"},{"taxonomy":"post_tag","embeddable":true,"href":"https:\/\/blogsaverroes.juntadeandalucia.es\/14700705\/wp-json\/wp\/v2\/tags?post=3642"}],"curies":[{"name":"wp","href":"https:\/\/api.w.org\/{rel}","templated":true}]}}