{"id":3693,"date":"2022-04-07T11:03:58","date_gmt":"2022-04-07T09:03:58","guid":{"rendered":"https:\/\/blogsaverroes.juntadeandalucia.es\/14700705\/?p=3693"},"modified":"2022-04-07T11:04:35","modified_gmt":"2022-04-07T09:04:35","slug":"programa-fenix-andalucia","status":"publish","type":"post","link":"https:\/\/blogsaverroes.juntadeandalucia.es\/14700705\/2022\/04\/07\/programa-fenix-andalucia\/","title":{"rendered":"Programa F\u00e9nix Andaluc\u00eda"},"content":{"rendered":"<p>El grupo de 2\u00baC del IES Guadalquivir est\u00e1 participando esta semana en el <strong>Programa F\u00e9nix<\/strong>&nbsp;&nbsp;de la Junta de Andaluc\u00eda. Por este motivo y de manera totalmente generosa y altruista, el artista Paco G\u00f3mez Moreno, como mentor de zona, est\u00e1 trabajando con ellos y ellas en un Taller de percusi\u00f3n africana en el que trabajan la confianza en ellos y ellas mismas, as\u00ed como en el equipo que est\u00e1n formando, que les tiene tan motivados.<\/p>\n<p>De la misma forma, M\u00aa Jes\u00fas, de la entidad Kamira, est\u00e1 realizando la mentor\u00eda&nbsp; en el grupo de 1\u00baA de nuestro centro realizando coloquios y actividades motivadoras con el fin de favorecer su inclusi\u00f3n social.<\/p>\n<p><a href=\"https:\/\/blogsaverroes.juntadeandalucia.es\/14700705\/files\/2022\/04\/WhatsApp-Image-2022-04-05-at-7.53.21-PM-1.jpeg\"><img loading=\"lazy\" decoding=\"async\" class=\"alignnone wp-image-3694\" src=\"https:\/\/blogsaverroes.juntadeandalucia.es\/14700705\/files\/2022\/04\/WhatsApp-Image-2022-04-05-at-7.53.21-PM-1-300x225.jpeg\" alt=\"\" width=\"400\" height=\"300\" srcset=\"https:\/\/blogsaverroes.juntadeandalucia.es\/14700705\/files\/2022\/04\/WhatsApp-Image-2022-04-05-at-7.53.21-PM-1-300x225.jpeg 300w, https:\/\/blogsaverroes.juntadeandalucia.es\/14700705\/files\/2022\/04\/WhatsApp-Image-2022-04-05-at-7.53.21-PM-1-1024x768.jpeg 1024w, https:\/\/blogsaverroes.juntadeandalucia.es\/14700705\/files\/2022\/04\/WhatsApp-Image-2022-04-05-at-7.53.21-PM-1-768x576.jpeg 768w, https:\/\/blogsaverroes.juntadeandalucia.es\/14700705\/files\/2022\/04\/WhatsApp-Image-2022-04-05-at-7.53.21-PM-1-1536x1152.jpeg 1536w, https:\/\/blogsaverroes.juntadeandalucia.es\/14700705\/files\/2022\/04\/WhatsApp-Image-2022-04-05-at-7.53.21-PM-1.jpeg 1600w\" sizes=\"(max-width: 400px) 100vw, 400px\" \/><\/a> <a href=\"https:\/\/blogsaverroes.juntadeandalucia.es\/14700705\/files\/2022\/04\/WhatsApp-Image-2022-04-05-at-7.53.21-PM.jpeg\"><img loading=\"lazy\" decoding=\"async\" class=\"alignnone wp-image-3695\" src=\"https:\/\/blogsaverroes.juntadeandalucia.es\/14700705\/files\/2022\/04\/WhatsApp-Image-2022-04-05-at-7.53.21-PM-300x225.jpeg\" alt=\"\" width=\"400\" height=\"300\" srcset=\"https:\/\/blogsaverroes.juntadeandalucia.es\/14700705\/files\/2022\/04\/WhatsApp-Image-2022-04-05-at-7.53.21-PM-300x225.jpeg 300w, https:\/\/blogsaverroes.juntadeandalucia.es\/14700705\/files\/2022\/04\/WhatsApp-Image-2022-04-05-at-7.53.21-PM-1024x768.jpeg 1024w, https:\/\/blogsaverroes.juntadeandalucia.es\/14700705\/files\/2022\/04\/WhatsApp-Image-2022-04-05-at-7.53.21-PM-768x576.jpeg 768w, https:\/\/blogsaverroes.juntadeandalucia.es\/14700705\/files\/2022\/04\/WhatsApp-Image-2022-04-05-at-7.53.21-PM-1536x1152.jpeg 1536w, https:\/\/blogsaverroes.juntadeandalucia.es\/14700705\/files\/2022\/04\/WhatsApp-Image-2022-04-05-at-7.53.21-PM.jpeg 1600w\" sizes=\"(max-width: 400px) 100vw, 400px\" \/><\/a> <a href=\"https:\/\/blogsaverroes.juntadeandalucia.es\/14700705\/files\/2022\/04\/WhatsApp-Image-2022-04-06-at-9.16.57-AM-1.jpeg\"><img loading=\"lazy\" decoding=\"async\" class=\"alignnone wp-image-3696 \" src=\"https:\/\/blogsaverroes.juntadeandalucia.es\/14700705\/files\/2022\/04\/WhatsApp-Image-2022-04-06-at-9.16.57-AM-1-1024x461.jpeg\" alt=\"\" width=\"399\" height=\"180\" srcset=\"https:\/\/blogsaverroes.juntadeandalucia.es\/14700705\/files\/2022\/04\/WhatsApp-Image-2022-04-06-at-9.16.57-AM-1-1024x461.jpeg 1024w, https:\/\/blogsaverroes.juntadeandalucia.es\/14700705\/files\/2022\/04\/WhatsApp-Image-2022-04-06-at-9.16.57-AM-1-300x135.jpeg 300w, https:\/\/blogsaverroes.juntadeandalucia.es\/14700705\/files\/2022\/04\/WhatsApp-Image-2022-04-06-at-9.16.57-AM-1-768x346.jpeg 768w, https:\/\/blogsaverroes.juntadeandalucia.es\/14700705\/files\/2022\/04\/WhatsApp-Image-2022-04-06-at-9.16.57-AM-1-1536x691.jpeg 1536w, https:\/\/blogsaverroes.juntadeandalucia.es\/14700705\/files\/2022\/04\/WhatsApp-Image-2022-04-06-at-9.16.57-AM-1.jpeg 1600w\" sizes=\"(max-width: 399px) 100vw, 399px\" \/><\/a><\/p>\n<p>&nbsp;<\/p>\n","protected":false},"excerpt":{"rendered":"<p>El grupo de 2\u00baC del IES Guadalquivir est\u00e1 participando esta semana en el Programa F\u00e9nix&nbsp;&nbsp;de la Junta de Andaluc\u00eda. Por este motivo y de manera totalmente generosa y altruista, el artista Paco G\u00f3mez Moreno,&#46;&#46;&#46;<\/p>\n","protected":false},"author":7755,"featured_media":0,"comment_status":"open","ping_status":"open","sticky":false,"template":"","format":"standard","meta":{"ngg_post_thumbnail":0,"footnotes":""},"categories":[1915159],"tags":[],"aioseo_notices":[],"_links":{"self":[{"href":"https:\/\/blogsaverroes.juntadeandalucia.es\/14700705\/wp-json\/wp\/v2\/posts\/3693"}],"collection":[{"href":"https:\/\/blogsaverroes.juntadeandalucia.es\/14700705\/wp-json\/wp\/v2\/posts"}],"about":[{"href":"https:\/\/blogsaverroes.juntadeandalucia.es\/14700705\/wp-json\/wp\/v2\/types\/post"}],"author":[{"embeddable":true,"href":"https:\/\/blogsaverroes.juntadeandalucia.es\/14700705\/wp-json\/wp\/v2\/users\/7755"}],"replies":[{"embeddable":true,"href":"https:\/\/blogsaverroes.juntadeandalucia.es\/14700705\/wp-json\/wp\/v2\/comments?post=3693"}],"version-history":[{"count":3,"href":"https:\/\/blogsaverroes.juntadeandalucia.es\/14700705\/wp-json\/wp\/v2\/posts\/3693\/revisions"}],"predecessor-version":[{"id":3699,"href":"https:\/\/blogsaverroes.juntadeandalucia.es\/14700705\/wp-json\/wp\/v2\/posts\/3693\/revisions\/3699"}],"wp:attachment":[{"href":"https:\/\/blogsaverroes.juntadeandalucia.es\/14700705\/wp-json\/wp\/v2\/media?parent=3693"}],"wp:term":[{"taxonomy":"category","embeddable":true,"href":"https:\/\/blogsaverroes.juntadeandalucia.es\/14700705\/wp-json\/wp\/v2\/categories?post=3693"},{"taxonomy":"post_tag","embeddable":true,"href":"https:\/\/blogsaverroes.juntadeandalucia.es\/14700705\/wp-json\/wp\/v2\/tags?post=3693"}],"curies":[{"name":"wp","href":"https:\/\/api.w.org\/{rel}","templated":true}]}}