{"id":132,"date":"2023-04-10T18:11:30","date_gmt":"2023-04-10T18:11:30","guid":{"rendered":"https:\/\/blogsaverroes.juntadeandalucia.es\/1bachlengua\/?p=132"},"modified":"2023-04-12T08:46:47","modified_gmt":"2023-04-12T08:46:47","slug":"tranquilidad-sosiego","status":"publish","type":"post","link":"https:\/\/blogsaverroes.juntadeandalucia.es\/1bachlengua\/2023\/04\/10\/tranquilidad-sosiego\/","title":{"rendered":"Tranquilidad, sosiego"},"content":{"rendered":"<!--[if lt IE 9]><script>document.createElement('audio');<\/script><![endif]-->\n<audio class=\"wp-audio-shortcode\" id=\"audio-132-1\" preload=\"none\" style=\"width: 100%;\" controls=\"controls\"><source type=\"audio\/mpeg\" src=\"https:\/\/blogsaverroes.juntadeandalucia.es\/1bachlengua\/files\/2023\/04\/Du\u00e9rmete-_-S\u00edlvia-P\u00e9rez-Cruz-tranquilidad.mp3?_=1\" \/><a href=\"https:\/\/blogsaverroes.juntadeandalucia.es\/1bachlengua\/files\/2023\/04\/Du\u00e9rmete-_-S\u00edlvia-P\u00e9rez-Cruz-tranquilidad.mp3\">https:\/\/blogsaverroes.juntadeandalucia.es\/1bachlengua\/files\/2023\/04\/Du\u00e9rmete-_-S\u00edlvia-P\u00e9rez-Cruz-tranquilidad.mp3<\/a><\/audio>\n<p>\u00a1Qu\u00e9 descansada vida<br \/>\nla del que huye del mundanal ru\u00efdo,<br \/>\ny sigue la escondida<br \/>\nsenda, por donde han ido<br \/>\nlos pocos sabios que en el mundo han sido;<\/p>\n<p>Que no le enturbia el pecho<br \/>\nde los soberbios grandes el estado,<br \/>\nni del dorado techo<br \/>\nse admira, fabricado<br \/>\ndel sabio Moro, en jaspe sustentado!<\/p>\n<p>No cura si la fama<br \/>\ncanta con voz su nombre pregonera,<br \/>\nni cura si encarama<br \/>\nla lengua lisonjera<br \/>\nlo que condena la verdad sincera.<\/p>\n<p>\u00bfQu\u00e9 presta a mi contento<br \/>\nsi soy del vano dedo se\u00f1alado;<br \/>\nsi, en busca deste viento,<br \/>\nando desalentado<br \/>\ncon ansias vivas, con mortal cuidado?<\/p>\n<p>\u00a1Oh monte, oh fuente, oh r\u00edo,!<br \/>\n\u00a1Oh secreto seguro, deleitoso!<br \/>\nRoto casi el nav\u00edo,<br \/>\na vuestro almo reposo<br \/>\nhuyo de aqueste mar tempestuoso.<\/p>\n<p>Un no rompido sue\u00f1o,<br \/>\nun d\u00eda puro, alegre, libre quiero;<br \/>\nno quiero ver el ce\u00f1o<br \/>\nvanamente severo<br \/>\nde a quien la sangre ensalza o el dinero.<\/p>\n<p>Despi\u00e9rtenme las aves<br \/>\ncon su cantar sabroso no aprendido;<br \/>\nno los cuidados graves<br \/>\nde que es siempre seguido<br \/>\nel que al ajeno arbitrio est\u00e1 atenido.<\/p>\n<p>Vivir quiero conmigo,<br \/>\ngozar quiero del bien que debo al cielo,<br \/>\na solas, sin testigo,<br \/>\nlibre de amor, de celo,<br \/>\nde odio, de esperanzas, de recelo.<\/p>\n<p>Del monte en la ladera,<br \/>\npor mi mano plantado tengo un huerto,<br \/>\nque con la primavera<br \/>\nde bella flor cubierto<br \/>\nya muestra en esperanza el fruto cierto.<\/p>\n<p>Y como codiciosa<br \/>\npor ver y acrecentar su hermosura,<br \/>\ndesde la cumbre airosa<br \/>\nuna fontana pura<br \/>\nhasta llegar corriendo se apresura.<\/p>\n<p>Y luego, sosegada,<br \/>\nel paso entre los \u00e1rboles torciendo,<br \/>\nel suelo de pasada<br \/>\nde verdura vistiendo<br \/>\ny con diversas flores va esparciendo.<\/p>\n<p>El aire del huerto orea<br \/>\ny ofrece mil olores al sentido;<br \/>\nlos \u00e1rboles menea<br \/>\ncon un manso ru\u00efdo<br \/>\nque del oro y del cetro pone olvido.<\/p>\n<p>T\u00e9ngase su tesoro<br \/>\nlos que de un falso le\u00f1o se conf\u00edan;<br \/>\nno es m\u00edo ver el lloro<br \/>\nde los que desconf\u00edan<br \/>\ncuando el cierzo y el \u00e1brego porf\u00edan.<\/p>\n<p>La combatida antena<br \/>\ncruje, y en ciega noche el claro d\u00eda<br \/>\nse torna, al cielo suena<br \/>\nconfusa vocer\u00eda,<br \/>\ny la mar enriquecen a porf\u00eda.<\/p>\n<p>A m\u00ed una pobrecilla<br \/>\nmesa de amable paz bien abastada<br \/>\nme basta, y la vajilla,<br \/>\nde fino oro labrada<br \/>\nsea de quien la mar no teme airada.<\/p>\n<p>Y mientras miserable-<br \/>\nmente se est\u00e1n los otros abrazando<br \/>\ncon sed insac\u00efable<br \/>\ndel peligroso mando,<br \/>\ntendido yo a la sombra est\u00e9 cantando.<\/p>\n<p>A la sombra tendido,<br \/>\nde hiedra y lauro eterno coronado,<br \/>\npuesto el atento o\u00eddo<br \/>\nal son dulce, acordado,<br \/>\ndel plectro sabiamente meneado.<\/p>\n<p><span style=\"font-size: 10pt\">Fray Luis de Le\u00f3n<\/span><\/p>\n","protected":false},"excerpt":{"rendered":"<p>\u00a1Qu\u00e9 descansada vida la del que huye del mundanal ru\u00efdo, y sigue la escondida senda, por donde han ido los pocos sabios que en el mundo han sido; Que no le enturbia el pecho&#46;&#46;&#46;<\/p>\n","protected":false},"author":17530,"featured_media":0,"comment_status":"open","ping_status":"open","sticky":false,"template":"","format":"standard","meta":{"ngg_post_thumbnail":0,"footnotes":""},"categories":[2],"tags":[],"aioseo_notices":[],"_links":{"self":[{"href":"https:\/\/blogsaverroes.juntadeandalucia.es\/1bachlengua\/wp-json\/wp\/v2\/posts\/132"}],"collection":[{"href":"https:\/\/blogsaverroes.juntadeandalucia.es\/1bachlengua\/wp-json\/wp\/v2\/posts"}],"about":[{"href":"https:\/\/blogsaverroes.juntadeandalucia.es\/1bachlengua\/wp-json\/wp\/v2\/types\/post"}],"author":[{"embeddable":true,"href":"https:\/\/blogsaverroes.juntadeandalucia.es\/1bachlengua\/wp-json\/wp\/v2\/users\/17530"}],"replies":[{"embeddable":true,"href":"https:\/\/blogsaverroes.juntadeandalucia.es\/1bachlengua\/wp-json\/wp\/v2\/comments?post=132"}],"version-history":[{"count":2,"href":"https:\/\/blogsaverroes.juntadeandalucia.es\/1bachlengua\/wp-json\/wp\/v2\/posts\/132\/revisions"}],"predecessor-version":[{"id":166,"href":"https:\/\/blogsaverroes.juntadeandalucia.es\/1bachlengua\/wp-json\/wp\/v2\/posts\/132\/revisions\/166"}],"wp:attachment":[{"href":"https:\/\/blogsaverroes.juntadeandalucia.es\/1bachlengua\/wp-json\/wp\/v2\/media?parent=132"}],"wp:term":[{"taxonomy":"category","embeddable":true,"href":"https:\/\/blogsaverroes.juntadeandalucia.es\/1bachlengua\/wp-json\/wp\/v2\/categories?post=132"},{"taxonomy":"post_tag","embeddable":true,"href":"https:\/\/blogsaverroes.juntadeandalucia.es\/1bachlengua\/wp-json\/wp\/v2\/tags?post=132"}],"curies":[{"name":"wp","href":"https:\/\/api.w.org\/{rel}","templated":true}]}}