{"id":134,"date":"2023-04-11T08:09:50","date_gmt":"2023-04-11T08:09:50","guid":{"rendered":"https:\/\/blogsaverroes.juntadeandalucia.es\/1bachlengua\/?p=134"},"modified":"2023-04-14T07:13:40","modified_gmt":"2023-04-14T07:13:40","slug":"alegria-2","status":"publish","type":"post","link":"https:\/\/blogsaverroes.juntadeandalucia.es\/1bachlengua\/2023\/04\/11\/alegria-2\/","title":{"rendered":"Alegr\u00eda"},"content":{"rendered":"<!--[if lt IE 9]><script>document.createElement('audio');<\/script><![endif]-->\n<audio class=\"wp-audio-shortcode\" id=\"audio-134-1\" preload=\"none\" style=\"width: 100%;\" controls=\"controls\"><source type=\"audio\/mpeg\" src=\"https:\/\/blogsaverroes.juntadeandalucia.es\/1bachlengua\/files\/2023\/04\/Efecto-Pasillo-Pan-y-mantequilla-ALEGR\u00cdA.mp3?_=1\" \/><a href=\"https:\/\/blogsaverroes.juntadeandalucia.es\/1bachlengua\/files\/2023\/04\/Efecto-Pasillo-Pan-y-mantequilla-ALEGR\u00cdA.mp3\">https:\/\/blogsaverroes.juntadeandalucia.es\/1bachlengua\/files\/2023\/04\/Efecto-Pasillo-Pan-y-mantequilla-ALEGR\u00cdA.mp3<\/a><\/audio>\n<p>Defender la alegr\u00eda como una trinchera<br \/>\ndefenderla del esc\u00e1ndalo y la rutina<br \/>\nde la miseria y los miserables<br \/>\nde las ausencias transitorias<br \/>\ny las definitivas<\/p>\n<p>defender la alegr\u00eda como un principio<br \/>\ndefenderla del pasmo y las pesadillas<br \/>\nde los neutrales y de los neutrones<br \/>\nde las dulces infamias<br \/>\ny los graves diagn\u00f3sticos<\/p>\n<p>defender la alegr\u00eda como una bandera<br \/>\ndefenderla del rayo y la melancol\u00eda<br \/>\nde los ingenuos y de los canallas<br \/>\nde la ret\u00f3rica y los paros cardiacos<br \/>\nde las endemias y las academias<\/p>\n<p>defender la alegr\u00eda como un destino<br \/>\ndefenderla del fuego y de los bomberos<br \/>\nde los suicidas y los homicidas<br \/>\nde las vacaciones y del agobio<br \/>\nde la obligaci\u00f3n de estar alegres<\/p>\n<p>defender la alegr\u00eda como una certeza<br \/>\ndefenderla del \u00f3xido y la ro\u00f1a<br \/>\nde la famosa p\u00e1tina del tiempo<br \/>\ndel relente y del oportunismo<br \/>\nde los proxenetas de la risa<\/p>\n<p>defender la alegr\u00eda como un derecho<br \/>\ndefenderla de dios y del invierno<br \/>\nde las may\u00fasculas y de la muerte<br \/>\nde los apellidos y las l\u00e1stimas<br \/>\ndel azar<br \/>\ny tambi\u00e9n de la alegr\u00eda.<\/p>\n<p><span style=\"font-size: 10pt\">Mario Benedetti<\/span><\/p>\n","protected":false},"excerpt":{"rendered":"<p>Defender la alegr\u00eda como una trinchera defenderla del esc\u00e1ndalo y la rutina de la miseria y los miserables de las ausencias transitorias y las definitivas defender la alegr\u00eda como un principio defenderla del pasmo&#46;&#46;&#46;<\/p>\n","protected":false},"author":17530,"featured_media":0,"comment_status":"open","ping_status":"open","sticky":false,"template":"","format":"standard","meta":{"ngg_post_thumbnail":0,"footnotes":""},"categories":[2],"tags":[],"aioseo_notices":[],"_links":{"self":[{"href":"https:\/\/blogsaverroes.juntadeandalucia.es\/1bachlengua\/wp-json\/wp\/v2\/posts\/134"}],"collection":[{"href":"https:\/\/blogsaverroes.juntadeandalucia.es\/1bachlengua\/wp-json\/wp\/v2\/posts"}],"about":[{"href":"https:\/\/blogsaverroes.juntadeandalucia.es\/1bachlengua\/wp-json\/wp\/v2\/types\/post"}],"author":[{"embeddable":true,"href":"https:\/\/blogsaverroes.juntadeandalucia.es\/1bachlengua\/wp-json\/wp\/v2\/users\/17530"}],"replies":[{"embeddable":true,"href":"https:\/\/blogsaverroes.juntadeandalucia.es\/1bachlengua\/wp-json\/wp\/v2\/comments?post=134"}],"version-history":[{"count":3,"href":"https:\/\/blogsaverroes.juntadeandalucia.es\/1bachlengua\/wp-json\/wp\/v2\/posts\/134\/revisions"}],"predecessor-version":[{"id":141,"href":"https:\/\/blogsaverroes.juntadeandalucia.es\/1bachlengua\/wp-json\/wp\/v2\/posts\/134\/revisions\/141"}],"wp:attachment":[{"href":"https:\/\/blogsaverroes.juntadeandalucia.es\/1bachlengua\/wp-json\/wp\/v2\/media?parent=134"}],"wp:term":[{"taxonomy":"category","embeddable":true,"href":"https:\/\/blogsaverroes.juntadeandalucia.es\/1bachlengua\/wp-json\/wp\/v2\/categories?post=134"},{"taxonomy":"post_tag","embeddable":true,"href":"https:\/\/blogsaverroes.juntadeandalucia.es\/1bachlengua\/wp-json\/wp\/v2\/tags?post=134"}],"curies":[{"name":"wp","href":"https:\/\/api.w.org\/{rel}","templated":true}]}}