{"id":1139,"date":"2022-12-07T11:51:11","date_gmt":"2022-12-07T11:51:11","guid":{"rendered":"https:\/\/blogsaverroes.juntadeandalucia.es\/aacciijaen\/?p=1139"},"modified":"2022-12-07T11:52:23","modified_gmt":"2022-12-07T11:52:23","slug":"exploraies-22-23","status":"publish","type":"post","link":"https:\/\/blogsaverroes.juntadeandalucia.es\/aacciijaen\/2022\/12\/07\/exploraies-22-23\/","title":{"rendered":"ExploraIES 22-23"},"content":{"rendered":"<p style=\"text-align: center\"><a href=\"https:\/\/blogsaverroes.juntadeandalucia.es\/aacciijaen\/files\/2022\/12\/Captura.jpg\"><img loading=\"lazy\" decoding=\"async\" class=\"alignnone size-full wp-image-1140\" src=\"https:\/\/blogsaverroes.juntadeandalucia.es\/aacciijaen\/files\/2022\/12\/Captura.jpg\" alt=\"\" width=\"290\" height=\"85\"><\/a><\/p>\n<p style=\"text-align: justify\">La Universidad de Ja\u00e9n, a trav\u00e9s del Vicerrectorado de Estudiantes y del Vicerrectorado de Comunicaci\u00f3n y Proyecci\u00f3n Institucional, junto con la Delegaci\u00f3n Territorial de Educaci\u00f3n, retoma, un curso m\u00e1s, el proyecto ExploraIES, tratando de estimular la curiosidad y creatividad del alumnado de los Institutos de Educaci\u00f3n Secundaria (IES).<\/p>\n<p style=\"text-align: justify\">El proyecto ExploraIES se concreta en la oferta de peque\u00f1os proyectos de investigaci\u00f3n adaptados al alumnado de 4\u00ba de ESO y de 1\u00ba de Bachillerato; dichos proyectos est\u00e1n relacionados con (o incluidos en) las l\u00edneas de investigaci\u00f3n que est\u00e9 desarrollando el personal investigador de la UJA y ser\u00edan llevados a cabo en la propia Universidad.<\/p>\n<p style=\"text-align: justify\">Si su Centro desea participar en ExploraIES 2022\/2023 puede localizar los proyectos de investigaci\u00f3n ofertados (pincha sobre este<span style=\"color: #0000ff\"> <a style=\"color: #0000ff\" href=\"https:\/\/www.ujaen.es\/gobierno\/vicest\/explora-ies-curso-2022-23\">link<\/a><\/span> para acceder). Una vez conocidos los proyectos se deber\u00e1 de cumplimentar<span style=\"color: #0000ff\"> <a style=\"color: #0000ff\" href=\"https:\/\/docs.google.com\/forms\/d\/e\/1FAIpQLSeH52ojlQp0fStc_r9X0brDqdA9OupXG2ydbiSO6z00HQy5Bg\/viewform\">este formulario<\/a><\/span> en el que se recoger\u00e1 el listado de proyectos a realizar por orden de prioridad: FECHA L\u00cdMITE PARA RECIBIR SOLICITUDES EL 15 DE DICIEMBRE (23:59h).<\/p>\n","protected":false},"excerpt":{"rendered":"<p>La Universidad de Ja\u00e9n, a trav\u00e9s del Vicerrectorado de Estudiantes y del Vicerrectorado de Comunicaci\u00f3n y Proyecci\u00f3n Institucional, junto con la Delegaci\u00f3n Territorial de Educaci\u00f3n,&hellip;<\/p>\n","protected":false},"author":7236,"featured_media":1141,"comment_status":"closed","ping_status":"open","sticky":false,"template":"","format":"standard","meta":{"ngg_post_thumbnail":0,"footnotes":""},"categories":[3,1752036],"tags":[],"aioseo_notices":[],"_links":{"self":[{"href":"https:\/\/blogsaverroes.juntadeandalucia.es\/aacciijaen\/wp-json\/wp\/v2\/posts\/1139"}],"collection":[{"href":"https:\/\/blogsaverroes.juntadeandalucia.es\/aacciijaen\/wp-json\/wp\/v2\/posts"}],"about":[{"href":"https:\/\/blogsaverroes.juntadeandalucia.es\/aacciijaen\/wp-json\/wp\/v2\/types\/post"}],"author":[{"embeddable":true,"href":"https:\/\/blogsaverroes.juntadeandalucia.es\/aacciijaen\/wp-json\/wp\/v2\/users\/7236"}],"replies":[{"embeddable":true,"href":"https:\/\/blogsaverroes.juntadeandalucia.es\/aacciijaen\/wp-json\/wp\/v2\/comments?post=1139"}],"version-history":[{"count":2,"href":"https:\/\/blogsaverroes.juntadeandalucia.es\/aacciijaen\/wp-json\/wp\/v2\/posts\/1139\/revisions"}],"predecessor-version":[{"id":1143,"href":"https:\/\/blogsaverroes.juntadeandalucia.es\/aacciijaen\/wp-json\/wp\/v2\/posts\/1139\/revisions\/1143"}],"wp:featuredmedia":[{"embeddable":true,"href":"https:\/\/blogsaverroes.juntadeandalucia.es\/aacciijaen\/wp-json\/wp\/v2\/media\/1141"}],"wp:attachment":[{"href":"https:\/\/blogsaverroes.juntadeandalucia.es\/aacciijaen\/wp-json\/wp\/v2\/media?parent=1139"}],"wp:term":[{"taxonomy":"category","embeddable":true,"href":"https:\/\/blogsaverroes.juntadeandalucia.es\/aacciijaen\/wp-json\/wp\/v2\/categories?post=1139"},{"taxonomy":"post_tag","embeddable":true,"href":"https:\/\/blogsaverroes.juntadeandalucia.es\/aacciijaen\/wp-json\/wp\/v2\/tags?post=1139"}],"curies":[{"name":"wp","href":"https:\/\/api.w.org\/{rel}","templated":true}]}}