{"id":581,"date":"2020-03-08T19:44:14","date_gmt":"2020-03-08T19:44:14","guid":{"rendered":"https:\/\/blogsaverroes.juntadeandalucia.es\/aacciijaen\/?p=581"},"modified":"2020-03-08T19:45:24","modified_gmt":"2020-03-08T19:45:24","slug":"581","status":"publish","type":"post","link":"https:\/\/blogsaverroes.juntadeandalucia.es\/aacciijaen\/2020\/03\/08\/581\/","title":{"rendered":"D\u00eda de las Altas Capacidades"},"content":{"rendered":"<p><em>Con el objetivo de que el d\u00eda 14 de marzo sea declarado como \u00abD\u00eda de las Altas Capacidades\u00bb en nuestro pa\u00eds, y de dar a conocer a toda la sociedad qu\u00e9 son las altas capacidades y cu\u00e1les son las m\u00faltiples caracter\u00edsticas, implicaciones y necesidades que llevan asociadas, la Asociaci\u00f3n Agora realizar\u00e1 en Ja\u00e9n,&nbsp; <b>el pr\u00f3ximo s\u00e1bado 14 de marzo<\/b>&nbsp; una&nbsp;<b>B\u00daSQUEDA DEL TESORO<\/b>&nbsp;sobre la historia de Ja\u00e9n que se iniciar\u00e1 a&nbsp;<b>las 11:30<\/b> en la puerta de Cajasur en la plaza de la Constituci\u00f3n y que recorrer\u00e1 el centro y a la que est\u00e1n invitados todos los ni\u00f1os y ni\u00f1as de la provincia que lo deseen, familiares y todas aquellas personas interesadas. <\/em><\/p>\n<p>&nbsp;<\/p>\n","protected":false},"excerpt":{"rendered":"<p>Con el objetivo de que el d\u00eda 14 de marzo sea declarado como \u00abD\u00eda de las Altas Capacidades\u00bb en nuestro pa\u00eds, y de dar a&hellip;<\/p>\n","protected":false},"author":7236,"featured_media":582,"comment_status":"open","ping_status":"open","sticky":false,"template":"","format":"standard","meta":{"ngg_post_thumbnail":0,"footnotes":""},"categories":[3],"tags":[],"aioseo_notices":[],"_links":{"self":[{"href":"https:\/\/blogsaverroes.juntadeandalucia.es\/aacciijaen\/wp-json\/wp\/v2\/posts\/581"}],"collection":[{"href":"https:\/\/blogsaverroes.juntadeandalucia.es\/aacciijaen\/wp-json\/wp\/v2\/posts"}],"about":[{"href":"https:\/\/blogsaverroes.juntadeandalucia.es\/aacciijaen\/wp-json\/wp\/v2\/types\/post"}],"author":[{"embeddable":true,"href":"https:\/\/blogsaverroes.juntadeandalucia.es\/aacciijaen\/wp-json\/wp\/v2\/users\/7236"}],"replies":[{"embeddable":true,"href":"https:\/\/blogsaverroes.juntadeandalucia.es\/aacciijaen\/wp-json\/wp\/v2\/comments?post=581"}],"version-history":[{"count":2,"href":"https:\/\/blogsaverroes.juntadeandalucia.es\/aacciijaen\/wp-json\/wp\/v2\/posts\/581\/revisions"}],"predecessor-version":[{"id":584,"href":"https:\/\/blogsaverroes.juntadeandalucia.es\/aacciijaen\/wp-json\/wp\/v2\/posts\/581\/revisions\/584"}],"wp:featuredmedia":[{"embeddable":true,"href":"https:\/\/blogsaverroes.juntadeandalucia.es\/aacciijaen\/wp-json\/wp\/v2\/media\/582"}],"wp:attachment":[{"href":"https:\/\/blogsaverroes.juntadeandalucia.es\/aacciijaen\/wp-json\/wp\/v2\/media?parent=581"}],"wp:term":[{"taxonomy":"category","embeddable":true,"href":"https:\/\/blogsaverroes.juntadeandalucia.es\/aacciijaen\/wp-json\/wp\/v2\/categories?post=581"},{"taxonomy":"post_tag","embeddable":true,"href":"https:\/\/blogsaverroes.juntadeandalucia.es\/aacciijaen\/wp-json\/wp\/v2\/tags?post=581"}],"curies":[{"name":"wp","href":"https:\/\/api.w.org\/{rel}","templated":true}]}}