{"id":762,"date":"2020-11-23T18:22:11","date_gmt":"2020-11-23T18:22:11","guid":{"rendered":"https:\/\/blogsaverroes.juntadeandalucia.es\/aacciijaen\/?p=762"},"modified":"2021-02-26T18:46:43","modified_gmt":"2021-02-26T18:46:43","slug":"red-de-curriculum-multinivel","status":"publish","type":"post","link":"https:\/\/blogsaverroes.juntadeandalucia.es\/aacciijaen\/2020\/11\/23\/red-de-curriculum-multinivel\/","title":{"rendered":"Red de Curr\u00edculum Multinivel"},"content":{"rendered":"<p><a href=\"https:\/\/curriculummultinivel.blog\/\">Curriculum multinivel<\/a> es un interesant\u00edsimo blog. Se trata de una <em>\u00abred de centros, profesores, representantes de colectivos con necesidades educativas espec\u00edficas y otros profesionales de la educaci\u00f3n que comparten unidades did\u00e1cticas multinivel y otros recursos para atender a la diversidad desde un modelo inclusivo y participativo\u00bb. <\/em>Puedes encontrar recursos y lecciones multinivel para las diferentes etapas y tambi\u00e9n participar y compartir.&nbsp;<\/p>\n","protected":false},"excerpt":{"rendered":"<p>Curriculum multinivel es un interesant\u00edsimo blog. Se trata de una \u00abred de centros, profesores, representantes de colectivos con necesidades educativas espec\u00edficas y otros profesionales de&hellip;<\/p>\n","protected":false},"author":7236,"featured_media":763,"comment_status":"closed","ping_status":"open","sticky":false,"template":"","format":"standard","meta":{"ngg_post_thumbnail":0,"footnotes":""},"categories":[1752023,1752034],"tags":[],"aioseo_notices":[],"_links":{"self":[{"href":"https:\/\/blogsaverroes.juntadeandalucia.es\/aacciijaen\/wp-json\/wp\/v2\/posts\/762"}],"collection":[{"href":"https:\/\/blogsaverroes.juntadeandalucia.es\/aacciijaen\/wp-json\/wp\/v2\/posts"}],"about":[{"href":"https:\/\/blogsaverroes.juntadeandalucia.es\/aacciijaen\/wp-json\/wp\/v2\/types\/post"}],"author":[{"embeddable":true,"href":"https:\/\/blogsaverroes.juntadeandalucia.es\/aacciijaen\/wp-json\/wp\/v2\/users\/7236"}],"replies":[{"embeddable":true,"href":"https:\/\/blogsaverroes.juntadeandalucia.es\/aacciijaen\/wp-json\/wp\/v2\/comments?post=762"}],"version-history":[{"count":1,"href":"https:\/\/blogsaverroes.juntadeandalucia.es\/aacciijaen\/wp-json\/wp\/v2\/posts\/762\/revisions"}],"predecessor-version":[{"id":764,"href":"https:\/\/blogsaverroes.juntadeandalucia.es\/aacciijaen\/wp-json\/wp\/v2\/posts\/762\/revisions\/764"}],"wp:featuredmedia":[{"embeddable":true,"href":"https:\/\/blogsaverroes.juntadeandalucia.es\/aacciijaen\/wp-json\/wp\/v2\/media\/763"}],"wp:attachment":[{"href":"https:\/\/blogsaverroes.juntadeandalucia.es\/aacciijaen\/wp-json\/wp\/v2\/media?parent=762"}],"wp:term":[{"taxonomy":"category","embeddable":true,"href":"https:\/\/blogsaverroes.juntadeandalucia.es\/aacciijaen\/wp-json\/wp\/v2\/categories?post=762"},{"taxonomy":"post_tag","embeddable":true,"href":"https:\/\/blogsaverroes.juntadeandalucia.es\/aacciijaen\/wp-json\/wp\/v2\/tags?post=762"}],"curies":[{"name":"wp","href":"https:\/\/api.w.org\/{rel}","templated":true}]}}