{"id":791,"date":"2021-02-26T18:18:12","date_gmt":"2021-02-26T18:18:12","guid":{"rendered":"https:\/\/blogsaverroes.juntadeandalucia.es\/aacciijaen\/?p=791"},"modified":"2021-02-26T18:18:12","modified_gmt":"2021-02-26T18:18:12","slug":"talleres-para-aaccii-programa-hypatia","status":"publish","type":"post","link":"https:\/\/blogsaverroes.juntadeandalucia.es\/aacciijaen\/2021\/02\/26\/talleres-para-aaccii-programa-hypatia\/","title":{"rendered":"Talleres para AACCII Programa Hypatia"},"content":{"rendered":"<p>El Vicerrectorado de Estudiantes de la Universidad de Ja\u00e9n, en colaboraci\u00f3n con la Delegaci\u00f3n Territorial de Educaci\u00f3n y Deporte en Ja\u00e9n, va a llevar a cabo la realizaci\u00f3n de una serie de talleres enmarcados en el Programa Hypatia. Este programa tiene como objeto impulsar acciones encaminadas al desarrollo del alumnado con altas capacidades. Est\u00e1 dirigido a alumnado acreditado de \u00abAltas Capacidades Intelectuales\u00bb, escolarizado en los niveles de 4\u00ba de ESO, 1\u00ba y 2\u00ba de Bachillerato.<br \/>\n&nbsp;<br \/>\nLos talleres se desarrollar\u00e1n en formato online. El n\u00famero de participantes por taller es limitado, por lo que la asignaci\u00f3n se llevar\u00e1 a cabo teniendo en cuenta los siguientes criterios:<br \/>\n1. En primer lugar, alumnado de 2\u00ba de Bachillerato acreditado de altas capacidades.<br \/>\n2. En segundo lugar, alumnado de 1\u00ba de Bachillerato acreditado de altas capacidades.<br \/>\n3. En tercer lugar, alumnado de 4\u00ba de ESO acreditado de altas capacidades.<br \/>\n&nbsp;<br \/>\nEn este<a href=\"https:\/\/www.ujaen.es\/gobierno\/vicest\/hypatia\/actividades-hypatia-curso-20202021\"> link<\/a> puedes encontrar la informaci\u00f3n sobre los talleres y las fechas de realizaci\u00f3n:<\/p>\n<p>&nbsp;<br \/>\nLa inscripci\u00f3n en los talleres la realizar\u00e1 la familia directamente rellenando el&nbsp;<a href=\"https:\/\/docs.google.com\/forms\/d\/e\/1FAIpQLSefsfDnl8R6dKPEX-oe-eP11S2lQLMRIEaWXY_98JkaMrOG2g\/viewform\"> siguiente formulario.<\/a><\/p>\n<p>En el formulario de inscripci\u00f3n se indicar\u00e1 de forma priorizada los talleres en los que el alumnado desea participar.&nbsp;<\/p>\n<p>El <strong>plazo de inscripci\u00f3n<\/strong> comienza el d\u00eda <strong>2 de marzo y finaliza el d\u00eda 19 de marzo de 2021<\/strong>.<\/p>\n","protected":false},"excerpt":{"rendered":"<p>El Vicerrectorado de Estudiantes de la Universidad de Ja\u00e9n, en colaboraci\u00f3n con la Delegaci\u00f3n Territorial de Educaci\u00f3n y Deporte en Ja\u00e9n, va a llevar a&hellip;<\/p>\n","protected":false},"author":7236,"featured_media":792,"comment_status":"closed","ping_status":"open","sticky":false,"template":"","format":"standard","meta":{"ngg_post_thumbnail":0,"footnotes":""},"categories":[3,1752036],"tags":[],"aioseo_notices":[],"_links":{"self":[{"href":"https:\/\/blogsaverroes.juntadeandalucia.es\/aacciijaen\/wp-json\/wp\/v2\/posts\/791"}],"collection":[{"href":"https:\/\/blogsaverroes.juntadeandalucia.es\/aacciijaen\/wp-json\/wp\/v2\/posts"}],"about":[{"href":"https:\/\/blogsaverroes.juntadeandalucia.es\/aacciijaen\/wp-json\/wp\/v2\/types\/post"}],"author":[{"embeddable":true,"href":"https:\/\/blogsaverroes.juntadeandalucia.es\/aacciijaen\/wp-json\/wp\/v2\/users\/7236"}],"replies":[{"embeddable":true,"href":"https:\/\/blogsaverroes.juntadeandalucia.es\/aacciijaen\/wp-json\/wp\/v2\/comments?post=791"}],"version-history":[{"count":2,"href":"https:\/\/blogsaverroes.juntadeandalucia.es\/aacciijaen\/wp-json\/wp\/v2\/posts\/791\/revisions"}],"predecessor-version":[{"id":795,"href":"https:\/\/blogsaverroes.juntadeandalucia.es\/aacciijaen\/wp-json\/wp\/v2\/posts\/791\/revisions\/795"}],"wp:featuredmedia":[{"embeddable":true,"href":"https:\/\/blogsaverroes.juntadeandalucia.es\/aacciijaen\/wp-json\/wp\/v2\/media\/792"}],"wp:attachment":[{"href":"https:\/\/blogsaverroes.juntadeandalucia.es\/aacciijaen\/wp-json\/wp\/v2\/media?parent=791"}],"wp:term":[{"taxonomy":"category","embeddable":true,"href":"https:\/\/blogsaverroes.juntadeandalucia.es\/aacciijaen\/wp-json\/wp\/v2\/categories?post=791"},{"taxonomy":"post_tag","embeddable":true,"href":"https:\/\/blogsaverroes.juntadeandalucia.es\/aacciijaen\/wp-json\/wp\/v2\/tags?post=791"}],"curies":[{"name":"wp","href":"https:\/\/api.w.org\/{rel}","templated":true}]}}