{"id":968,"date":"2021-12-03T08:58:41","date_gmt":"2021-12-03T08:58:41","guid":{"rendered":"https:\/\/blogsaverroes.juntadeandalucia.es\/aacciijaen\/?p=968"},"modified":"2021-12-03T08:58:41","modified_gmt":"2021-12-03T08:58:41","slug":"explora-ies-uja-curso-21-22","status":"publish","type":"post","link":"https:\/\/blogsaverroes.juntadeandalucia.es\/aacciijaen\/2021\/12\/03\/explora-ies-uja-curso-21-22\/","title":{"rendered":"Explora- IES UJA Curso 21\/22"},"content":{"rendered":"<p><a href=\"https:\/\/blogsaverroes.juntadeandalucia.es\/aacciijaen\/files\/2021\/12\/np_FOTO_FAMILIA_SCIENCEIES-808x454-1.jpg\"><img loading=\"lazy\" decoding=\"async\" class=\"alignnone size-medium wp-image-970\" src=\"https:\/\/blogsaverroes.juntadeandalucia.es\/aacciijaen\/files\/2021\/12\/np_FOTO_FAMILIA_SCIENCEIES-808x454-1-300x144.jpg\" alt=\"\" width=\"300\" height=\"144\" srcset=\"https:\/\/blogsaverroes.juntadeandalucia.es\/aacciijaen\/files\/2021\/12\/np_FOTO_FAMILIA_SCIENCEIES-808x454-1-300x144.jpg 300w, https:\/\/blogsaverroes.juntadeandalucia.es\/aacciijaen\/files\/2021\/12\/np_FOTO_FAMILIA_SCIENCEIES-808x454-1-1024x493.jpg 1024w, https:\/\/blogsaverroes.juntadeandalucia.es\/aacciijaen\/files\/2021\/12\/np_FOTO_FAMILIA_SCIENCEIES-808x454-1-768x369.jpg 768w, https:\/\/blogsaverroes.juntadeandalucia.es\/aacciijaen\/files\/2021\/12\/np_FOTO_FAMILIA_SCIENCEIES-808x454-1.jpg 1185w\" sizes=\"(max-width: 300px) 100vw, 300px\" \/><\/a><\/p>\n<p style=\"font-weight: 400;text-align: justify\">De nuevo se pone en marcha el proyecto Explora-IES (anteriormente Science-IES) tras un a\u00f1o de par\u00f3n causado por la pandemia. La iniciativa parte del&nbsp;Departamento de Did\u00e1ctica de las Ciencias, en colaboraci\u00f3n con el Vicerrectorado de Estudiantes y el Vicerrectorado de Comunicaci\u00f3n y Proyecci\u00f3n Institucional.<\/p>\n<p style=\"text-align: justify\">Explora-IES se desarrolla a trav\u00e9s de peque\u00f1os proyectos de investigaci\u00f3n propuestos por investigadores e investigadoras de la Universidad de Ja\u00e9n que se adaptan a alumnado de 4\u00ba de ESO y 1\u00ba de Bachillerato y que est\u00e1n relacionados con las l\u00edneas de investigaci\u00f3n que est\u00e1n desarrollando.&nbsp;&nbsp;&nbsp;<\/p>\n<p style=\"text-align: justify\">Si su Centro desea participar en Explora-IES 2021\/2022 puede localizar los proyectos de investigaci\u00f3n ofertados en la siguiente este<a href=\"https:\/\/www.ujaen.es\/gobierno\/vicest\/programa-hypatia\/programa-hypatia-para-la-atencion-de-alumnado-con-altas-capacidades\/exploraies\"> web<\/a><\/p>\n<p style=\"text-align: justify\">El plazo para la recepci\u00f3n de solicitudes finaliza el d\u00eda&nbsp;<strong>10 de diciembre de 2021<\/strong>.<\/p>\n<p style=\"text-align: justify\">&nbsp;<\/p>\n","protected":false},"excerpt":{"rendered":"<p>De nuevo se pone en marcha el proyecto Explora-IES (anteriormente Science-IES) tras un a\u00f1o de par\u00f3n causado por la pandemia. La iniciativa parte del&nbsp;Departamento de&hellip;<\/p>\n","protected":false},"author":7236,"featured_media":970,"comment_status":"closed","ping_status":"open","sticky":false,"template":"","format":"standard","meta":{"ngg_post_thumbnail":0,"footnotes":""},"categories":[1752036],"tags":[],"aioseo_notices":[],"_links":{"self":[{"href":"https:\/\/blogsaverroes.juntadeandalucia.es\/aacciijaen\/wp-json\/wp\/v2\/posts\/968"}],"collection":[{"href":"https:\/\/blogsaverroes.juntadeandalucia.es\/aacciijaen\/wp-json\/wp\/v2\/posts"}],"about":[{"href":"https:\/\/blogsaverroes.juntadeandalucia.es\/aacciijaen\/wp-json\/wp\/v2\/types\/post"}],"author":[{"embeddable":true,"href":"https:\/\/blogsaverroes.juntadeandalucia.es\/aacciijaen\/wp-json\/wp\/v2\/users\/7236"}],"replies":[{"embeddable":true,"href":"https:\/\/blogsaverroes.juntadeandalucia.es\/aacciijaen\/wp-json\/wp\/v2\/comments?post=968"}],"version-history":[{"count":1,"href":"https:\/\/blogsaverroes.juntadeandalucia.es\/aacciijaen\/wp-json\/wp\/v2\/posts\/968\/revisions"}],"predecessor-version":[{"id":971,"href":"https:\/\/blogsaverroes.juntadeandalucia.es\/aacciijaen\/wp-json\/wp\/v2\/posts\/968\/revisions\/971"}],"wp:featuredmedia":[{"embeddable":true,"href":"https:\/\/blogsaverroes.juntadeandalucia.es\/aacciijaen\/wp-json\/wp\/v2\/media\/970"}],"wp:attachment":[{"href":"https:\/\/blogsaverroes.juntadeandalucia.es\/aacciijaen\/wp-json\/wp\/v2\/media?parent=968"}],"wp:term":[{"taxonomy":"category","embeddable":true,"href":"https:\/\/blogsaverroes.juntadeandalucia.es\/aacciijaen\/wp-json\/wp\/v2\/categories?post=968"},{"taxonomy":"post_tag","embeddable":true,"href":"https:\/\/blogsaverroes.juntadeandalucia.es\/aacciijaen\/wp-json\/wp\/v2\/tags?post=968"}],"curies":[{"name":"wp","href":"https:\/\/api.w.org\/{rel}","templated":true}]}}