{"id":1085,"date":"2023-11-12T10:19:00","date_gmt":"2023-11-12T08:19:00","guid":{"rendered":"https:\/\/blogsaverroes.juntadeandalucia.es\/abelam\/?p=1085"},"modified":"2023-11-12T10:19:00","modified_gmt":"2023-11-12T08:19:00","slug":"concurso-para-elegir-lema-del-25n","status":"publish","type":"post","link":"https:\/\/blogsaverroes.juntadeandalucia.es\/abelam\/concurso-para-elegir-lema-del-25n\/","title":{"rendered":"Concurso para elegir lema del 25N"},"content":{"rendered":"<p><a href=\"https:\/\/drive.google.com\/file\/d\/1iAKHy_vSqbCpiFInlzwBXiVgA-3yRoeM\/view?usp=drive_link\" target=\"_blank\" rel=\"noopener noreferrer\"><img loading=\"lazy\" decoding=\"async\" class=\"alignleft  wp-image-1087\" src=\"https:\/\/blogsaverroes.juntadeandalucia.es\/abelam\/files\/2023\/11\/Cartel-buscamos-el-lema-25N-2023.jpg\" alt=\"\" width=\"281\" height=\"296\" srcset=\"https:\/\/blogsaverroes.juntadeandalucia.es\/abelam\/files\/2023\/11\/Cartel-buscamos-el-lema-25N-2023.jpg 744w, https:\/\/blogsaverroes.juntadeandalucia.es\/abelam\/files\/2023\/11\/Cartel-buscamos-el-lema-25N-2023-285x300.jpg 285w\" sizes=\"(max-width: 281px) 100vw, 281px\" \/><\/a>En el IES Rafael Alberti estamos haciendo preparativos para la conmemoraci\u00f3n, este a\u00f1o, del<strong> 25 de Noviembre &#8211; D\u00eda Internacional de la Eliminaci\u00f3n de la Violencia contra la Mujer<\/strong>.&nbsp; Al igual que el curso pasado, una de las actividades que vamos a llevar a cabo es el<strong><a href=\"https:\/\/drive.google.com\/file\/d\/1iAKHy_vSqbCpiFInlzwBXiVgA-3yRoeM\/view?usp=drive_link\" target=\"_blank\" rel=\"noopener noreferrer\">&nbsp;concurso para elegir el lema&nbsp;<\/a><\/strong>que utilizaremos en dicha efem\u00e9ride.&nbsp; Este concurso est\u00e1 <strong>abierto a<\/strong> <strong>todo el alumnado y profesorado<\/strong> y consiste en pensar una frase que impacte y que exprese&nbsp;nuestro repudio hacia la violencia contra las mujeres.<\/p>\n<p>Si quieres participar, <a href=\"https:\/\/forms.gle\/WUijjqh7cipcYJZDA\" target=\"_blank\" rel=\"noopener noreferrer\">pincha aqu\u00ed<\/a>. El plazo es hasta el <strong>17 de noviembre<\/strong>.<\/p>\n","protected":false},"excerpt":{"rendered":"<p>En el IES Rafael Alberti estamos haciendo preparativos para la conmemoraci\u00f3n, este a\u00f1o, del 25 de Noviembre &#8211; D\u00eda Internacional de la Eliminaci\u00f3n de la Violencia contra la Mujer.&nbsp; Al igual que el curso pasado, una de las actividades que vamos a llevar a cabo es el&nbsp;concurso para elegir el lema&nbsp;que utilizaremos en dicha efem\u00e9ride.&nbsp; &hellip; <a href=\"https:\/\/blogsaverroes.juntadeandalucia.es\/abelam\/concurso-para-elegir-lema-del-25n\/\" class=\"more-link\">Seguir leyendo <span class=\"screen-reader-text\">Concurso para elegir lema del 25N<\/span> <span class=\"meta-nav\">&rarr;<\/span><\/a><\/p>\n","protected":false},"author":12632,"featured_media":0,"comment_status":"open","ping_status":"open","sticky":false,"template":"","format":"standard","meta":{"ngg_post_thumbnail":0,"footnotes":""},"categories":[35,40],"tags":[25],"aioseo_notices":[],"_links":{"self":[{"href":"https:\/\/blogsaverroes.juntadeandalucia.es\/abelam\/wp-json\/wp\/v2\/posts\/1085"}],"collection":[{"href":"https:\/\/blogsaverroes.juntadeandalucia.es\/abelam\/wp-json\/wp\/v2\/posts"}],"about":[{"href":"https:\/\/blogsaverroes.juntadeandalucia.es\/abelam\/wp-json\/wp\/v2\/types\/post"}],"author":[{"embeddable":true,"href":"https:\/\/blogsaverroes.juntadeandalucia.es\/abelam\/wp-json\/wp\/v2\/users\/12632"}],"replies":[{"embeddable":true,"href":"https:\/\/blogsaverroes.juntadeandalucia.es\/abelam\/wp-json\/wp\/v2\/comments?post=1085"}],"version-history":[{"count":1,"href":"https:\/\/blogsaverroes.juntadeandalucia.es\/abelam\/wp-json\/wp\/v2\/posts\/1085\/revisions"}],"predecessor-version":[{"id":1088,"href":"https:\/\/blogsaverroes.juntadeandalucia.es\/abelam\/wp-json\/wp\/v2\/posts\/1085\/revisions\/1088"}],"wp:attachment":[{"href":"https:\/\/blogsaverroes.juntadeandalucia.es\/abelam\/wp-json\/wp\/v2\/media?parent=1085"}],"wp:term":[{"taxonomy":"category","embeddable":true,"href":"https:\/\/blogsaverroes.juntadeandalucia.es\/abelam\/wp-json\/wp\/v2\/categories?post=1085"},{"taxonomy":"post_tag","embeddable":true,"href":"https:\/\/blogsaverroes.juntadeandalucia.es\/abelam\/wp-json\/wp\/v2\/tags?post=1085"}],"curies":[{"name":"wp","href":"https:\/\/api.w.org\/{rel}","templated":true}]}}