{"id":1175,"date":"2024-01-15T08:55:10","date_gmt":"2024-01-15T06:55:10","guid":{"rendered":"https:\/\/blogsaverroes.juntadeandalucia.es\/abelam\/?p=1175"},"modified":"2024-01-15T08:57:50","modified_gmt":"2024-01-15T06:57:50","slug":"salida-al-museo-del-dique","status":"publish","type":"post","link":"https:\/\/blogsaverroes.juntadeandalucia.es\/abelam\/salida-al-museo-del-dique\/","title":{"rendered":"Salida al Museo del Dique"},"content":{"rendered":"<figure id=\"attachment_1163\" aria-describedby=\"caption-attachment-1163\" style=\"width: 215px\" class=\"wp-caption alignleft\"><img loading=\"lazy\" decoding=\"async\" class=\" wp-image-1163\" src=\"https:\/\/blogsaverroes.juntadeandalucia.es\/abelam\/files\/2024\/01\/3082.jpg\" alt=\"\" width=\"215\" height=\"288\" srcset=\"https:\/\/blogsaverroes.juntadeandalucia.es\/abelam\/files\/2024\/01\/3082.jpg 374w, https:\/\/blogsaverroes.juntadeandalucia.es\/abelam\/files\/2024\/01\/3082-224x300.jpg 224w\" sizes=\"(max-width: 215px) 100vw, 215px\" \/><figcaption id=\"caption-attachment-1163\" class=\"wp-caption-text\">Fotograf\u00eda del a\u00f1o 1933. \u00a9Navantia<\/figcaption><\/figure>\n<p>El pr\u00f3ximo <strong>31 de enero<\/strong>, los cursos de <strong>4\u00ba de ESO<\/strong> y <strong>1\u00ba de Bachillerato<\/strong> del <strong>IES Rafael Alberti<\/strong> realizaremos una visita al <strong><a href=\"https:\/\/museodique.navantia.es\/\" target=\"_blank\" rel=\"noopener noreferrer\">Museo del Dique de Navantia<\/a><\/strong>, en Puerto Real.<\/p>\n<p>En esta visita conoceremos la historia de una de las principales actividades econ\u00f3micas en la Bah\u00eda de C\u00e1diz en los siglos XIX y XX: la construcci\u00f3n de barcos. Es, sin duda, una magn\u00edfica oportunidad para repasar lo estudiado en torno a la revoluci\u00f3n industrial, los cambios sociales y otros episodios de la <strong>Historia Contempor\u00e1nea<\/strong>.<\/p>\n<p><strong><a href=\"https:\/\/blogsaverroes.juntadeandalucia.es\/abelam\/hmc\/salida-al-museo-el-dique\/\" target=\"_blank\" rel=\"noopener noreferrer\">M\u00e1s informaci\u00f3n para la inscripci\u00f3n<\/a><\/strong>.<\/p>\n","protected":false},"excerpt":{"rendered":"<p>El pr\u00f3ximo 31 de enero, los cursos de 4\u00ba de ESO y 1\u00ba de Bachillerato del IES Rafael Alberti realizaremos una visita al Museo del Dique de Navantia, en Puerto Real. En esta visita conoceremos la historia de una de las principales actividades econ\u00f3micas en la Bah\u00eda de C\u00e1diz en los siglos XIX y XX: &hellip; <a href=\"https:\/\/blogsaverroes.juntadeandalucia.es\/abelam\/salida-al-museo-del-dique\/\" class=\"more-link\">Seguir leyendo <span class=\"screen-reader-text\">Salida al Museo del Dique<\/span> <span class=\"meta-nav\">&rarr;<\/span><\/a><\/p>\n","protected":false},"author":12632,"featured_media":0,"comment_status":"open","ping_status":"open","sticky":false,"template":"","format":"standard","meta":{"ngg_post_thumbnail":0,"footnotes":""},"categories":[35,16],"tags":[48,52,47],"aioseo_notices":[],"_links":{"self":[{"href":"https:\/\/blogsaverroes.juntadeandalucia.es\/abelam\/wp-json\/wp\/v2\/posts\/1175"}],"collection":[{"href":"https:\/\/blogsaverroes.juntadeandalucia.es\/abelam\/wp-json\/wp\/v2\/posts"}],"about":[{"href":"https:\/\/blogsaverroes.juntadeandalucia.es\/abelam\/wp-json\/wp\/v2\/types\/post"}],"author":[{"embeddable":true,"href":"https:\/\/blogsaverroes.juntadeandalucia.es\/abelam\/wp-json\/wp\/v2\/users\/12632"}],"replies":[{"embeddable":true,"href":"https:\/\/blogsaverroes.juntadeandalucia.es\/abelam\/wp-json\/wp\/v2\/comments?post=1175"}],"version-history":[{"count":1,"href":"https:\/\/blogsaverroes.juntadeandalucia.es\/abelam\/wp-json\/wp\/v2\/posts\/1175\/revisions"}],"predecessor-version":[{"id":1176,"href":"https:\/\/blogsaverroes.juntadeandalucia.es\/abelam\/wp-json\/wp\/v2\/posts\/1175\/revisions\/1176"}],"wp:attachment":[{"href":"https:\/\/blogsaverroes.juntadeandalucia.es\/abelam\/wp-json\/wp\/v2\/media?parent=1175"}],"wp:term":[{"taxonomy":"category","embeddable":true,"href":"https:\/\/blogsaverroes.juntadeandalucia.es\/abelam\/wp-json\/wp\/v2\/categories?post=1175"},{"taxonomy":"post_tag","embeddable":true,"href":"https:\/\/blogsaverroes.juntadeandalucia.es\/abelam\/wp-json\/wp\/v2\/tags?post=1175"}],"curies":[{"name":"wp","href":"https:\/\/api.w.org\/{rel}","templated":true}]}}