{"id":1211,"date":"2024-02-20T12:31:46","date_gmt":"2024-02-20T10:31:46","guid":{"rendered":"https:\/\/blogsaverroes.juntadeandalucia.es\/abelam\/?p=1211"},"modified":"2024-02-20T12:31:46","modified_gmt":"2024-02-20T10:31:46","slug":"concurso-andalucia-en-un-mapa-2","status":"publish","type":"post","link":"https:\/\/blogsaverroes.juntadeandalucia.es\/abelam\/concurso-andalucia-en-un-mapa-2\/","title":{"rendered":"Concurso Andaluc\u00eda en un mapa"},"content":{"rendered":"<figure id=\"attachment_1212\" aria-describedby=\"caption-attachment-1212\" style=\"width: 224px\" class=\"wp-caption alignleft\"><img loading=\"lazy\" decoding=\"async\" class=\" wp-image-1212\" src=\"https:\/\/blogsaverroes.juntadeandalucia.es\/abelam\/files\/2024\/02\/sl2-05-370_orig-e1559640131779.jpg\" alt=\"\" width=\"224\" height=\"226\" srcset=\"https:\/\/blogsaverroes.juntadeandalucia.es\/abelam\/files\/2024\/02\/sl2-05-370_orig-e1559640131779.jpg 1019w, https:\/\/blogsaverroes.juntadeandalucia.es\/abelam\/files\/2024\/02\/sl2-05-370_orig-e1559640131779-297x300.jpg 297w, https:\/\/blogsaverroes.juntadeandalucia.es\/abelam\/files\/2024\/02\/sl2-05-370_orig-e1559640131779-1013x1024.jpg 1013w, https:\/\/blogsaverroes.juntadeandalucia.es\/abelam\/files\/2024\/02\/sl2-05-370_orig-e1559640131779-150x150.jpg 150w, https:\/\/blogsaverroes.juntadeandalucia.es\/abelam\/files\/2024\/02\/sl2-05-370_orig-e1559640131779-768x776.jpg 768w\" sizes=\"(max-width: 224px) 100vw, 224px\" \/><figcaption id=\"caption-attachment-1212\" class=\"wp-caption-text\">NASA<\/figcaption><\/figure>\n<p>El <strong>Instituto de Estad\u00edstica y Cartograf\u00eda de Andaluc\u00eda<\/strong> ha convocado el <strong>13\u00ba Concurso escolar \u00abAndaluc\u00eda en un mapa\u00bb<\/strong>, cuyo objeto es promover la utilizaci\u00f3n de la cartograf\u00eda y la estad\u00edstica como herramientas did\u00e1cticas y de representaci\u00f3n creativa del territorio andaluz. El <strong>plazo de presentaci\u00f3n de trabajos es el 5 de abril<\/strong> de 2024. <strong><a href=\"https:\/\/www.juntadeandalucia.es\/institutodeestadisticaycartografia\/educaieca-contenidos\/concurso-escolar-andalucia-en-un-mapa\/\" target=\"_blank\" rel=\"noopener noreferrer\">Aqu\u00ed ten\u00e9is toda la informaci\u00f3n necesaria para participar<\/a><\/strong>.<\/p>\n<p>Como todos los a\u00f1os, quedo a disposici\u00f3n del alumnado de mi centro que desee participar en la convocatoria, ya sea individualmente o en equipo. En la medida de lo posible, el trabajo que realicen ser\u00e1 tenido en cuenta en las calificaciones del curso.<\/p>\n<p>&nbsp;<\/p>\n","protected":false},"excerpt":{"rendered":"<p>El Instituto de Estad\u00edstica y Cartograf\u00eda de Andaluc\u00eda ha convocado el 13\u00ba Concurso escolar \u00abAndaluc\u00eda en un mapa\u00bb, cuyo objeto es promover la utilizaci\u00f3n de la cartograf\u00eda y la estad\u00edstica como herramientas did\u00e1cticas y de representaci\u00f3n creativa del territorio andaluz. El plazo de presentaci\u00f3n de trabajos es el 5 de abril de 2024. Aqu\u00ed ten\u00e9is &hellip; <a href=\"https:\/\/blogsaverroes.juntadeandalucia.es\/abelam\/concurso-andalucia-en-un-mapa-2\/\" class=\"more-link\">Seguir leyendo <span class=\"screen-reader-text\">Concurso Andaluc\u00eda en un mapa<\/span> <span class=\"meta-nav\">&rarr;<\/span><\/a><\/p>\n","protected":false},"author":12632,"featured_media":0,"comment_status":"open","ping_status":"open","sticky":false,"template":"","format":"standard","meta":{"ngg_post_thumbnail":0,"footnotes":""},"categories":[35,45,18],"tags":[8],"aioseo_notices":[],"_links":{"self":[{"href":"https:\/\/blogsaverroes.juntadeandalucia.es\/abelam\/wp-json\/wp\/v2\/posts\/1211"}],"collection":[{"href":"https:\/\/blogsaverroes.juntadeandalucia.es\/abelam\/wp-json\/wp\/v2\/posts"}],"about":[{"href":"https:\/\/blogsaverroes.juntadeandalucia.es\/abelam\/wp-json\/wp\/v2\/types\/post"}],"author":[{"embeddable":true,"href":"https:\/\/blogsaverroes.juntadeandalucia.es\/abelam\/wp-json\/wp\/v2\/users\/12632"}],"replies":[{"embeddable":true,"href":"https:\/\/blogsaverroes.juntadeandalucia.es\/abelam\/wp-json\/wp\/v2\/comments?post=1211"}],"version-history":[{"count":1,"href":"https:\/\/blogsaverroes.juntadeandalucia.es\/abelam\/wp-json\/wp\/v2\/posts\/1211\/revisions"}],"predecessor-version":[{"id":1213,"href":"https:\/\/blogsaverroes.juntadeandalucia.es\/abelam\/wp-json\/wp\/v2\/posts\/1211\/revisions\/1213"}],"wp:attachment":[{"href":"https:\/\/blogsaverroes.juntadeandalucia.es\/abelam\/wp-json\/wp\/v2\/media?parent=1211"}],"wp:term":[{"taxonomy":"category","embeddable":true,"href":"https:\/\/blogsaverroes.juntadeandalucia.es\/abelam\/wp-json\/wp\/v2\/categories?post=1211"},{"taxonomy":"post_tag","embeddable":true,"href":"https:\/\/blogsaverroes.juntadeandalucia.es\/abelam\/wp-json\/wp\/v2\/tags?post=1211"}],"curies":[{"name":"wp","href":"https:\/\/api.w.org\/{rel}","templated":true}]}}