{"id":473,"date":"2022-02-16T08:23:03","date_gmt":"2022-02-16T06:23:03","guid":{"rendered":"https:\/\/blogsaverroes.juntadeandalucia.es\/abelam\/?p=473"},"modified":"2022-02-16T12:04:31","modified_gmt":"2022-02-16T10:04:31","slug":"comenzamos-una-nueva-secuencia","status":"publish","type":"post","link":"https:\/\/blogsaverroes.juntadeandalucia.es\/abelam\/comenzamos-una-nueva-secuencia\/","title":{"rendered":"Comenzamos una nueva secuencia"},"content":{"rendered":"<p><iframe loading=\"lazy\" title=\"Isolated Tribe&#039;s Touching Message for The Modern World (Uncontacted for 55,000 years) Jarawa\" width=\"474\" height=\"267\" src=\"https:\/\/www.youtube.com\/embed\/_rlEJPdCvb8?feature=oembed\" frameborder=\"0\" allow=\"accelerometer; autoplay; clipboard-write; encrypted-media; gyroscope; picture-in-picture\" allowfullscreen><\/iframe><\/p>\n<p>Con esta nueva secuencia cambiamos de disciplina de estudio y tornamos de la Geograf\u00eda a la Historia. Concretamente comenzaremos por la prehistoria, cuando a\u00fan no exist\u00eda la escritura, a cuyo conocimiento accedemos a trav\u00e9s de las fuentes arqueol\u00f3gicas y antropol\u00f3gicas. Pero no nos quedaremos en el pasado. Todav\u00eda hoy existen publos que viven de manera muy similar a c\u00f3mo lo hac\u00edamos en el paleol\u00edtico y \u00e9sto nos ayudar\u00e1 a conocer el pasado&#8230;. y a imaginar el futuro.<\/p>\n<p><a href=\"https:\/\/blogsaverroes.juntadeandalucia.es\/abelam\/geografia-e-historia-1o-eso\/sc4-la-prehistoria\/\" target=\"_blank\" rel=\"noopener noreferrer\">Secuencia 4: La prehistoria.<\/a><\/p>\n","protected":false},"excerpt":{"rendered":"<p>Con esta nueva secuencia cambiamos de disciplina de estudio y tornamos de la Geograf\u00eda a la Historia. Concretamente comenzaremos por la prehistoria, cuando a\u00fan no exist\u00eda la escritura, a cuyo conocimiento accedemos a trav\u00e9s de las fuentes arqueol\u00f3gicas y antropol\u00f3gicas. Pero no nos quedaremos en el pasado. Todav\u00eda hoy existen publos que viven de manera &hellip; <a href=\"https:\/\/blogsaverroes.juntadeandalucia.es\/abelam\/comenzamos-una-nueva-secuencia\/\" class=\"more-link\">Seguir leyendo <span class=\"screen-reader-text\">Comenzamos una nueva secuencia<\/span> <span class=\"meta-nav\">&rarr;<\/span><\/a><\/p>\n","protected":false},"author":12632,"featured_media":0,"comment_status":"open","ping_status":"open","sticky":false,"template":"","format":"standard","meta":{"ngg_post_thumbnail":0,"footnotes":""},"categories":[36,14],"tags":[30],"aioseo_notices":[],"_links":{"self":[{"href":"https:\/\/blogsaverroes.juntadeandalucia.es\/abelam\/wp-json\/wp\/v2\/posts\/473"}],"collection":[{"href":"https:\/\/blogsaverroes.juntadeandalucia.es\/abelam\/wp-json\/wp\/v2\/posts"}],"about":[{"href":"https:\/\/blogsaverroes.juntadeandalucia.es\/abelam\/wp-json\/wp\/v2\/types\/post"}],"author":[{"embeddable":true,"href":"https:\/\/blogsaverroes.juntadeandalucia.es\/abelam\/wp-json\/wp\/v2\/users\/12632"}],"replies":[{"embeddable":true,"href":"https:\/\/blogsaverroes.juntadeandalucia.es\/abelam\/wp-json\/wp\/v2\/comments?post=473"}],"version-history":[{"count":1,"href":"https:\/\/blogsaverroes.juntadeandalucia.es\/abelam\/wp-json\/wp\/v2\/posts\/473\/revisions"}],"predecessor-version":[{"id":474,"href":"https:\/\/blogsaverroes.juntadeandalucia.es\/abelam\/wp-json\/wp\/v2\/posts\/473\/revisions\/474"}],"wp:attachment":[{"href":"https:\/\/blogsaverroes.juntadeandalucia.es\/abelam\/wp-json\/wp\/v2\/media?parent=473"}],"wp:term":[{"taxonomy":"category","embeddable":true,"href":"https:\/\/blogsaverroes.juntadeandalucia.es\/abelam\/wp-json\/wp\/v2\/categories?post=473"},{"taxonomy":"post_tag","embeddable":true,"href":"https:\/\/blogsaverroes.juntadeandalucia.es\/abelam\/wp-json\/wp\/v2\/tags?post=473"}],"curies":[{"name":"wp","href":"https:\/\/api.w.org\/{rel}","templated":true}]}}