{"id":476,"date":"2022-02-10T14:57:40","date_gmt":"2022-02-10T12:57:40","guid":{"rendered":"https:\/\/blogsaverroes.juntadeandalucia.es\/abelam\/?p=476"},"modified":"2022-02-16T12:05:29","modified_gmt":"2022-02-16T10:05:29","slug":"concurso-andalucia-en-un-mapa","status":"publish","type":"post","link":"https:\/\/blogsaverroes.juntadeandalucia.es\/abelam\/concurso-andalucia-en-un-mapa\/","title":{"rendered":"Concurso \u00abAndaluc\u00eda en un mapa\u00bb"},"content":{"rendered":"<p><img loading=\"lazy\" decoding=\"async\" class=\" wp-image-477 alignleft\" src=\"https:\/\/blogsaverroes.juntadeandalucia.es\/abelam\/files\/2022\/02\/210052060-e1644497829555.jpg\" alt=\"\" width=\"259\" height=\"194\">Hasta el 31 de marzo se puede participar, individualmente o en equipo, en el<a href=\"https:\/\/www.juntadeandalucia.es\/institutodeestadisticaycartografia\/didactica\/mapa\/undecimoconcurso\/InformacionBasica.pdf\" target=\"_blank\" rel=\"noopener noreferrer\"> concurso \u00abAndaluc\u00eda en un mapa\u00bb<\/a> convocado por el Instituto de Estad\u00edstica y Cartograf\u00eda de Andaluc\u00eda. Las personas interesadas en realizar alg\u00fan proyecto para presentar, y para ser tambi\u00e9n evaluado como trabajo del curso, se puede poner en contacto conmigo por los medios habituales.<\/p>\n<p>&nbsp;<\/p>\n","protected":false},"excerpt":{"rendered":"<p>Hasta el 31 de marzo se puede participar, individualmente o en equipo, en el concurso \u00abAndaluc\u00eda en un mapa\u00bb convocado por el Instituto de Estad\u00edstica y Cartograf\u00eda de Andaluc\u00eda. Las personas interesadas en realizar alg\u00fan proyecto para presentar, y para ser tambi\u00e9n evaluado como trabajo del curso, se puede poner en contacto conmigo por los &hellip; <a href=\"https:\/\/blogsaverroes.juntadeandalucia.es\/abelam\/concurso-andalucia-en-un-mapa\/\" class=\"more-link\">Seguir leyendo <span class=\"screen-reader-text\">Concurso \u00abAndaluc\u00eda en un mapa\u00bb<\/span> <span class=\"meta-nav\">&rarr;<\/span><\/a><\/p>\n","protected":false},"author":12632,"featured_media":0,"comment_status":"open","ping_status":"open","sticky":false,"template":"","format":"standard","meta":{"ngg_post_thumbnail":0,"footnotes":""},"categories":[35],"tags":[30,32,33],"aioseo_notices":[],"_links":{"self":[{"href":"https:\/\/blogsaverroes.juntadeandalucia.es\/abelam\/wp-json\/wp\/v2\/posts\/476"}],"collection":[{"href":"https:\/\/blogsaverroes.juntadeandalucia.es\/abelam\/wp-json\/wp\/v2\/posts"}],"about":[{"href":"https:\/\/blogsaverroes.juntadeandalucia.es\/abelam\/wp-json\/wp\/v2\/types\/post"}],"author":[{"embeddable":true,"href":"https:\/\/blogsaverroes.juntadeandalucia.es\/abelam\/wp-json\/wp\/v2\/users\/12632"}],"replies":[{"embeddable":true,"href":"https:\/\/blogsaverroes.juntadeandalucia.es\/abelam\/wp-json\/wp\/v2\/comments?post=476"}],"version-history":[{"count":1,"href":"https:\/\/blogsaverroes.juntadeandalucia.es\/abelam\/wp-json\/wp\/v2\/posts\/476\/revisions"}],"predecessor-version":[{"id":478,"href":"https:\/\/blogsaverroes.juntadeandalucia.es\/abelam\/wp-json\/wp\/v2\/posts\/476\/revisions\/478"}],"wp:attachment":[{"href":"https:\/\/blogsaverroes.juntadeandalucia.es\/abelam\/wp-json\/wp\/v2\/media?parent=476"}],"wp:term":[{"taxonomy":"category","embeddable":true,"href":"https:\/\/blogsaverroes.juntadeandalucia.es\/abelam\/wp-json\/wp\/v2\/categories?post=476"},{"taxonomy":"post_tag","embeddable":true,"href":"https:\/\/blogsaverroes.juntadeandalucia.es\/abelam\/wp-json\/wp\/v2\/tags?post=476"}],"curies":[{"name":"wp","href":"https:\/\/api.w.org\/{rel}","templated":true}]}}