{"id":626,"date":"2022-09-19T07:54:17","date_gmt":"2022-09-19T05:54:17","guid":{"rendered":"https:\/\/blogsaverroes.juntadeandalucia.es\/abelam\/?p=626"},"modified":"2022-09-18T05:58:40","modified_gmt":"2022-09-18T03:58:40","slug":"comenzamos-un-nuevo-curso","status":"publish","type":"post","link":"https:\/\/blogsaverroes.juntadeandalucia.es\/abelam\/comenzamos-un-nuevo-curso\/","title":{"rendered":"Comenzamos un nuevo curso"},"content":{"rendered":"<p><img loading=\"lazy\" decoding=\"async\" class=\"alignleft size-full wp-image-627\" src=\"https:\/\/blogsaverroes.juntadeandalucia.es\/abelam\/files\/2022\/09\/IMG_20190807_171606-e1663472391812.jpg\" alt=\"\" width=\"200\" height=\"150\">Comenzamos el curso 2022-2023. En estos primeros d\u00edas, mientras nos vamos haciendo el cuerpo y preparamos materiales y actividades, estamos realizando las Evaluaciones iniciales para saber lo m\u00e1s exactamento posible d\u00f3nde comienza nuestro camino.<\/p>\n<p>Este a\u00f1o tengo la suerte de impartir cuatro materias en las que tratar\u00e9 de compartir conocimientos, habilidades, asombros, expresiones y proyectos con el alumnado. \u00c9stas son:&nbsp; <a href=\"https:\/\/blogsaverroes.juntadeandalucia.es\/abelam\/geografia-e-historia-2o-eso\/\" target=\"_blank\" rel=\"noopener noreferrer\">Geograf\u00eda e Historia de 2\u00ba de la ESO<\/a>, <a href=\"https:\/\/blogsaverroes.juntadeandalucia.es\/abelam\/historia-del-arte\/\" target=\"_blank\" rel=\"noopener noreferrer\">Historia del Arte<\/a>, <a href=\"https:\/\/blogsaverroes.juntadeandalucia.es\/abelam\/valores-eticos\/\" target=\"_blank\" rel=\"noopener noreferrer\">Valores \u00e9ticos de 4\u00ba de la ESO<\/a> y <a href=\"https:\/\/blogsaverroes.juntadeandalucia.es\/abelam\/ecdh\/\" target=\"_blank\" rel=\"noopener noreferrer\">Educaci\u00f3n para la Ciudadan\u00eda y los Derechos Humanos<\/a> adem\u00e1s de otros proyectos como el Huerto escolar, Radio Tejada y otros muchos que ir\u00e1n surgiendo a lo largo del curso. \u00a1Al l\u00edo!<\/p>\n","protected":false},"excerpt":{"rendered":"<p>Comenzamos el curso 2022-2023. En estos primeros d\u00edas, mientras nos vamos haciendo el cuerpo y preparamos materiales y actividades, estamos realizando las Evaluaciones iniciales para saber lo m\u00e1s exactamento posible d\u00f3nde comienza nuestro camino. Este a\u00f1o tengo la suerte de impartir cuatro materias en las que tratar\u00e9 de compartir conocimientos, habilidades, asombros, expresiones y proyectos &hellip; <a href=\"https:\/\/blogsaverroes.juntadeandalucia.es\/abelam\/comenzamos-un-nuevo-curso\/\" class=\"more-link\">Seguir leyendo <span class=\"screen-reader-text\">Comenzamos un nuevo curso<\/span> <span class=\"meta-nav\">&rarr;<\/span><\/a><\/p>\n","protected":false},"author":12632,"featured_media":0,"comment_status":"open","ping_status":"open","sticky":false,"template":"","format":"standard","meta":{"ngg_post_thumbnail":0,"footnotes":""},"categories":[16],"tags":[39,31,19,38],"aioseo_notices":[],"_links":{"self":[{"href":"https:\/\/blogsaverroes.juntadeandalucia.es\/abelam\/wp-json\/wp\/v2\/posts\/626"}],"collection":[{"href":"https:\/\/blogsaverroes.juntadeandalucia.es\/abelam\/wp-json\/wp\/v2\/posts"}],"about":[{"href":"https:\/\/blogsaverroes.juntadeandalucia.es\/abelam\/wp-json\/wp\/v2\/types\/post"}],"author":[{"embeddable":true,"href":"https:\/\/blogsaverroes.juntadeandalucia.es\/abelam\/wp-json\/wp\/v2\/users\/12632"}],"replies":[{"embeddable":true,"href":"https:\/\/blogsaverroes.juntadeandalucia.es\/abelam\/wp-json\/wp\/v2\/comments?post=626"}],"version-history":[{"count":1,"href":"https:\/\/blogsaverroes.juntadeandalucia.es\/abelam\/wp-json\/wp\/v2\/posts\/626\/revisions"}],"predecessor-version":[{"id":628,"href":"https:\/\/blogsaverroes.juntadeandalucia.es\/abelam\/wp-json\/wp\/v2\/posts\/626\/revisions\/628"}],"wp:attachment":[{"href":"https:\/\/blogsaverroes.juntadeandalucia.es\/abelam\/wp-json\/wp\/v2\/media?parent=626"}],"wp:term":[{"taxonomy":"category","embeddable":true,"href":"https:\/\/blogsaverroes.juntadeandalucia.es\/abelam\/wp-json\/wp\/v2\/categories?post=626"},{"taxonomy":"post_tag","embeddable":true,"href":"https:\/\/blogsaverroes.juntadeandalucia.es\/abelam\/wp-json\/wp\/v2\/tags?post=626"}],"curies":[{"name":"wp","href":"https:\/\/api.w.org\/{rel}","templated":true}]}}