{"id":618,"date":"2022-12-04T22:32:19","date_gmt":"2022-12-04T20:32:19","guid":{"rendered":"https:\/\/blogsaverroes.juntadeandalucia.es\/accitec\/?p=618"},"modified":"2022-12-04T22:53:06","modified_gmt":"2022-12-04T20:53:06","slug":"minas-sierra-de-baza","status":"publish","type":"post","link":"https:\/\/blogsaverroes.juntadeandalucia.es\/accitec\/minas-sierra-de-baza\/","title":{"rendered":"Minas Sierra de Baza"},"content":{"rendered":"<p><img loading=\"lazy\" decoding=\"async\" class=\"alignleft wp-image-621 size-large\" src=\"https:\/\/blogsaverroes.juntadeandalucia.es\/accitec\/files\/2022\/12\/IMG_20220808_160847-461x1024.jpg\" alt=\"\" width=\"461\" height=\"1024\" srcset=\"https:\/\/blogsaverroes.juntadeandalucia.es\/accitec\/files\/2022\/12\/IMG_20220808_160847-461x1024.jpg 461w, https:\/\/blogsaverroes.juntadeandalucia.es\/accitec\/files\/2022\/12\/IMG_20220808_160847-135x300.jpg 135w, https:\/\/blogsaverroes.juntadeandalucia.es\/accitec\/files\/2022\/12\/IMG_20220808_160847-768x1707.jpg 768w, https:\/\/blogsaverroes.juntadeandalucia.es\/accitec\/files\/2022\/12\/IMG_20220808_160847-691x1536.jpg 691w, https:\/\/blogsaverroes.juntadeandalucia.es\/accitec\/files\/2022\/12\/IMG_20220808_160847-922x2048.jpg 922w, https:\/\/blogsaverroes.juntadeandalucia.es\/accitec\/files\/2022\/12\/IMG_20220808_160847-700x1556.jpg 700w, https:\/\/blogsaverroes.juntadeandalucia.es\/accitec\/files\/2022\/12\/IMG_20220808_160847-332x738.jpg 332w, https:\/\/blogsaverroes.juntadeandalucia.es\/accitec\/files\/2022\/12\/IMG_20220808_160847-11x24.jpg 11w, https:\/\/blogsaverroes.juntadeandalucia.es\/accitec\/files\/2022\/12\/IMG_20220808_160847-16x36.jpg 16w, https:\/\/blogsaverroes.juntadeandalucia.es\/accitec\/files\/2022\/12\/IMG_20220808_160847-22x48.jpg 22w, https:\/\/blogsaverroes.juntadeandalucia.es\/accitec\/files\/2022\/12\/IMG_20220808_160847-scaled.jpg 1152w\" sizes=\"(max-width: 461px) 100vw, 461px\" \/>En la cercana Sierra de Baza se han restaurado recientemente algunas instalaciones de explotaciones mineras que existieron en el pasado. En concreto los complejos de las Minas del Carmen, Minas de la Cruz, el denominado Fil\u00f3n Violeta y sus alrededores.<\/p>\n<p>Estas minas est\u00e1n ubicada muy cerca de los Prados del Rey, a donde es posible acceder tanto de Baza, Charches, Gor, o bien desde Narv\u00e1ez.<img loading=\"lazy\" decoding=\"async\" class=\"alignnone wp-image-623 size-large\" src=\"https:\/\/blogsaverroes.juntadeandalucia.es\/accitec\/files\/2022\/12\/IMG_20220808_160952-1024x461.jpg\" alt=\"\" width=\"660\" height=\"297\" srcset=\"https:\/\/blogsaverroes.juntadeandalucia.es\/accitec\/files\/2022\/12\/IMG_20220808_160952-1024x461.jpg 1024w, https:\/\/blogsaverroes.juntadeandalucia.es\/accitec\/files\/2022\/12\/IMG_20220808_160952-300x135.jpg 300w, https:\/\/blogsaverroes.juntadeandalucia.es\/accitec\/files\/2022\/12\/IMG_20220808_160952-768x346.jpg 768w, https:\/\/blogsaverroes.juntadeandalucia.es\/accitec\/files\/2022\/12\/IMG_20220808_160952-1536x691.jpg 1536w, https:\/\/blogsaverroes.juntadeandalucia.es\/accitec\/files\/2022\/12\/IMG_20220808_160952-2048x922.jpg 2048w, https:\/\/blogsaverroes.juntadeandalucia.es\/accitec\/files\/2022\/12\/IMG_20220808_160952-700x315.jpg 700w, https:\/\/blogsaverroes.juntadeandalucia.es\/accitec\/files\/2022\/12\/IMG_20220808_160952-332x149.jpg 332w, https:\/\/blogsaverroes.juntadeandalucia.es\/accitec\/files\/2022\/12\/IMG_20220808_160952-24x11.jpg 24w, https:\/\/blogsaverroes.juntadeandalucia.es\/accitec\/files\/2022\/12\/IMG_20220808_160952-36x16.jpg 36w, https:\/\/blogsaverroes.juntadeandalucia.es\/accitec\/files\/2022\/12\/IMG_20220808_160952-48x22.jpg 48w\" sizes=\"(max-width: 660px) 100vw, 660px\" \/><\/p>\n<div id=\"crosscol-wrapper\">\n<div id=\"crosscol\" class=\"crosscol section\">\n<div id=\"HTML4\" class=\"widget HTML\" data-version=\"1\">\n<div class=\"widget-content\">&nbsp;<\/div>\n<\/div>\n<\/div>\n<\/div>\n<div id=\"main-wrapper\">\n<div id=\"main\" class=\"main section\">\n<div id=\"Blog1\" class=\"widget Blog\" data-version=\"1\">\n<div class=\"blog-posts hfeed\">\n<div id=\"post-5123016448447073640\" class=\"post uncustomized-post-template\">\n<p>&nbsp;<\/p>\n<div class=\"post-body\">\n<p>De estas minas se extra\u00eda&nbsp; plomo y fl\u00faor. Fueron explotadas por la empresa Minera Sierra de Baza entre 1960 y 1980, benefici\u00e1ndose las escombreras para la obtenci\u00f3n de fluorita con destino a la industria sider\u00fargica nacional<\/p>\n<\/div>\n<\/div>\n<\/div>\n<\/div>\n<\/div>\n<\/div>\n<p>&nbsp;<\/p>\n<p><img loading=\"lazy\" decoding=\"async\" class=\"alignnone wp-image-622 size-large\" src=\"https:\/\/blogsaverroes.juntadeandalucia.es\/accitec\/files\/2022\/12\/IMG_20220808_161126-1024x567.jpg\" alt=\"\" width=\"660\" height=\"365\" srcset=\"https:\/\/blogsaverroes.juntadeandalucia.es\/accitec\/files\/2022\/12\/IMG_20220808_161126-1024x567.jpg 1024w, https:\/\/blogsaverroes.juntadeandalucia.es\/accitec\/files\/2022\/12\/IMG_20220808_161126-300x166.jpg 300w, https:\/\/blogsaverroes.juntadeandalucia.es\/accitec\/files\/2022\/12\/IMG_20220808_161126-768x425.jpg 768w, https:\/\/blogsaverroes.juntadeandalucia.es\/accitec\/files\/2022\/12\/IMG_20220808_161126-1536x850.jpg 1536w, https:\/\/blogsaverroes.juntadeandalucia.es\/accitec\/files\/2022\/12\/IMG_20220808_161126-2048x1134.jpg 2048w, https:\/\/blogsaverroes.juntadeandalucia.es\/accitec\/files\/2022\/12\/IMG_20220808_161126-700x387.jpg 700w, https:\/\/blogsaverroes.juntadeandalucia.es\/accitec\/files\/2022\/12\/IMG_20220808_161126-332x184.jpg 332w, https:\/\/blogsaverroes.juntadeandalucia.es\/accitec\/files\/2022\/12\/IMG_20220808_161126-24x13.jpg 24w, https:\/\/blogsaverroes.juntadeandalucia.es\/accitec\/files\/2022\/12\/IMG_20220808_161126-36x20.jpg 36w, https:\/\/blogsaverroes.juntadeandalucia.es\/accitec\/files\/2022\/12\/IMG_20220808_161126-48x27.jpg 48w\" sizes=\"(max-width: 660px) 100vw, 660px\" \/><img loading=\"lazy\" decoding=\"async\" class=\"alignnone wp-image-619 size-large\" src=\"https:\/\/blogsaverroes.juntadeandalucia.es\/accitec\/files\/2022\/12\/IMG_20220808_160631-461x1024.jpg\" alt=\"\" width=\"461\" height=\"1024\" srcset=\"https:\/\/blogsaverroes.juntadeandalucia.es\/accitec\/files\/2022\/12\/IMG_20220808_160631-461x1024.jpg 461w, https:\/\/blogsaverroes.juntadeandalucia.es\/accitec\/files\/2022\/12\/IMG_20220808_160631-135x300.jpg 135w, https:\/\/blogsaverroes.juntadeandalucia.es\/accitec\/files\/2022\/12\/IMG_20220808_160631-768x1707.jpg 768w, https:\/\/blogsaverroes.juntadeandalucia.es\/accitec\/files\/2022\/12\/IMG_20220808_160631-691x1536.jpg 691w, https:\/\/blogsaverroes.juntadeandalucia.es\/accitec\/files\/2022\/12\/IMG_20220808_160631-922x2048.jpg 922w, https:\/\/blogsaverroes.juntadeandalucia.es\/accitec\/files\/2022\/12\/IMG_20220808_160631-700x1556.jpg 700w, https:\/\/blogsaverroes.juntadeandalucia.es\/accitec\/files\/2022\/12\/IMG_20220808_160631-332x738.jpg 332w, https:\/\/blogsaverroes.juntadeandalucia.es\/accitec\/files\/2022\/12\/IMG_20220808_160631-11x24.jpg 11w, https:\/\/blogsaverroes.juntadeandalucia.es\/accitec\/files\/2022\/12\/IMG_20220808_160631-16x36.jpg 16w, https:\/\/blogsaverroes.juntadeandalucia.es\/accitec\/files\/2022\/12\/IMG_20220808_160631-22x48.jpg 22w, https:\/\/blogsaverroes.juntadeandalucia.es\/accitec\/files\/2022\/12\/IMG_20220808_160631-scaled.jpg 1152w\" sizes=\"(max-width: 461px) 100vw, 461px\" \/><\/p>\n<p><iframe title=\"GU\u00cdA ENTORNO MINERO SANTA B\u00c1RBARA\" src=\"https:\/\/e.issuu.com\/embed.html?u=divulgacionpnsierradebaza&#038;d=guia\" style=\"border:none; width: 843px; height: 646px;\" allow=\"clipboard-write,allow-top-navigation,allow-top-navigation-by-user-activation,allow-downloads,allow-scripts,allow-same-origin,allow-popups,allow-modals,allow-popups-to-escape-sandbox,allow-forms\"  allowfullscreen=\"true\"><\/iframe><\/p>\n","protected":false},"excerpt":{"rendered":"<p>En la cercana Sierra de Baza se han restaurado recientemente algunas instalaciones de explotaciones mineras que existieron en el pasado. En concreto los complejos de&hellip;<\/p>\n","protected":false},"author":3271,"featured_media":0,"comment_status":"open","ping_status":"open","sticky":false,"template":"","format":"standard","meta":{"ngg_post_thumbnail":0,"footnotes":""},"categories":[35,1],"tags":[],"aioseo_notices":[],"_links":{"self":[{"href":"https:\/\/blogsaverroes.juntadeandalucia.es\/accitec\/wp-json\/wp\/v2\/posts\/618"}],"collection":[{"href":"https:\/\/blogsaverroes.juntadeandalucia.es\/accitec\/wp-json\/wp\/v2\/posts"}],"about":[{"href":"https:\/\/blogsaverroes.juntadeandalucia.es\/accitec\/wp-json\/wp\/v2\/types\/post"}],"author":[{"embeddable":true,"href":"https:\/\/blogsaverroes.juntadeandalucia.es\/accitec\/wp-json\/wp\/v2\/users\/3271"}],"replies":[{"embeddable":true,"href":"https:\/\/blogsaverroes.juntadeandalucia.es\/accitec\/wp-json\/wp\/v2\/comments?post=618"}],"version-history":[{"count":3,"href":"https:\/\/blogsaverroes.juntadeandalucia.es\/accitec\/wp-json\/wp\/v2\/posts\/618\/revisions"}],"predecessor-version":[{"id":627,"href":"https:\/\/blogsaverroes.juntadeandalucia.es\/accitec\/wp-json\/wp\/v2\/posts\/618\/revisions\/627"}],"wp:attachment":[{"href":"https:\/\/blogsaverroes.juntadeandalucia.es\/accitec\/wp-json\/wp\/v2\/media?parent=618"}],"wp:term":[{"taxonomy":"category","embeddable":true,"href":"https:\/\/blogsaverroes.juntadeandalucia.es\/accitec\/wp-json\/wp\/v2\/categories?post=618"},{"taxonomy":"post_tag","embeddable":true,"href":"https:\/\/blogsaverroes.juntadeandalucia.es\/accitec\/wp-json\/wp\/v2\/tags?post=618"}],"curies":[{"name":"wp","href":"https:\/\/api.w.org\/{rel}","templated":true}]}}