{"id":187,"date":"2022-01-17T20:19:55","date_gmt":"2022-01-17T20:19:55","guid":{"rendered":"https:\/\/blogsaverroes.juntadeandalucia.es\/acervantes\/?p=187"},"modified":"2022-02-05T20:29:33","modified_gmt":"2022-02-05T20:29:33","slug":"tenemos-nuestro-primer-diseno-3d-del-visor-co2-ies-al-andalus","status":"publish","type":"post","link":"https:\/\/blogsaverroes.juntadeandalucia.es\/acervantes\/2022\/01\/17\/tenemos-nuestro-primer-diseno-3d-del-visor-co2-ies-al-andalus\/","title":{"rendered":"Tenemos nuestro primer dise\u00f1o 3D del visor Co2 IES Al-Andalus"},"content":{"rendered":"<p>Tenemos nuestros primeros dise\u00f1os de las carcasas, en busca de una versi\u00f3n reducida y lo m\u00e1s bonita posible! El logo del IES Al-\u00c1ndalus quedar\u00e1 estupendo.<\/p>\n<table style=\"border-collapse: collapse;width: 100%\">\n<tbody>\n<tr>\n<td style=\"width: 50%\"><img loading=\"lazy\" decoding=\"async\" class=\"aligncenter size-large wp-image-188\" src=\"https:\/\/blogsaverroes.juntadeandalucia.es\/acervantes\/files\/2022\/02\/WhatsApp-Image-2022-02-05-at-21.12.061-576x1024.jpeg\" alt=\"\" width=\"576\" height=\"1024\" srcset=\"https:\/\/blogsaverroes.juntadeandalucia.es\/acervantes\/files\/2022\/02\/WhatsApp-Image-2022-02-05-at-21.12.061-576x1024.jpeg 576w, https:\/\/blogsaverroes.juntadeandalucia.es\/acervantes\/files\/2022\/02\/WhatsApp-Image-2022-02-05-at-21.12.061-169x300.jpeg 169w, https:\/\/blogsaverroes.juntadeandalucia.es\/acervantes\/files\/2022\/02\/WhatsApp-Image-2022-02-05-at-21.12.061-768x1365.jpeg 768w, https:\/\/blogsaverroes.juntadeandalucia.es\/acervantes\/files\/2022\/02\/WhatsApp-Image-2022-02-05-at-21.12.061-864x1536.jpeg 864w, https:\/\/blogsaverroes.juntadeandalucia.es\/acervantes\/files\/2022\/02\/WhatsApp-Image-2022-02-05-at-21.12.061.jpeg 1152w\" sizes=\"(max-width: 576px) 85vw, 576px\" \/><\/td>\n<td style=\"width: 50%\"><img loading=\"lazy\" decoding=\"async\" class=\"aligncenter size-large wp-image-189\" src=\"https:\/\/blogsaverroes.juntadeandalucia.es\/acervantes\/files\/2022\/02\/WhatsApp-Image-2022-02-05-at-21.12.062-576x1024.jpeg\" alt=\"carcasa2\" width=\"576\" height=\"1024\" srcset=\"https:\/\/blogsaverroes.juntadeandalucia.es\/acervantes\/files\/2022\/02\/WhatsApp-Image-2022-02-05-at-21.12.062-576x1024.jpeg 576w, https:\/\/blogsaverroes.juntadeandalucia.es\/acervantes\/files\/2022\/02\/WhatsApp-Image-2022-02-05-at-21.12.062-169x300.jpeg 169w, https:\/\/blogsaverroes.juntadeandalucia.es\/acervantes\/files\/2022\/02\/WhatsApp-Image-2022-02-05-at-21.12.062-768x1365.jpeg 768w, https:\/\/blogsaverroes.juntadeandalucia.es\/acervantes\/files\/2022\/02\/WhatsApp-Image-2022-02-05-at-21.12.062-864x1536.jpeg 864w, https:\/\/blogsaverroes.juntadeandalucia.es\/acervantes\/files\/2022\/02\/WhatsApp-Image-2022-02-05-at-21.12.062.jpeg 1152w\" sizes=\"(max-width: 576px) 85vw, 576px\" \/><\/td>\n<\/tr>\n<tr>\n<td style=\"width: 50%\"><img loading=\"lazy\" decoding=\"async\" class=\"aligncenter size-large wp-image-191\" src=\"https:\/\/blogsaverroes.juntadeandalucia.es\/acervantes\/files\/2022\/02\/WhatsApp-Image-2022-02-05-at-21.12.063-576x1024.jpeg\" alt=\"carcasa 3\" width=\"576\" height=\"1024\" srcset=\"https:\/\/blogsaverroes.juntadeandalucia.es\/acervantes\/files\/2022\/02\/WhatsApp-Image-2022-02-05-at-21.12.063-576x1024.jpeg 576w, https:\/\/blogsaverroes.juntadeandalucia.es\/acervantes\/files\/2022\/02\/WhatsApp-Image-2022-02-05-at-21.12.063-169x300.jpeg 169w, https:\/\/blogsaverroes.juntadeandalucia.es\/acervantes\/files\/2022\/02\/WhatsApp-Image-2022-02-05-at-21.12.063-768x1365.jpeg 768w, https:\/\/blogsaverroes.juntadeandalucia.es\/acervantes\/files\/2022\/02\/WhatsApp-Image-2022-02-05-at-21.12.063-864x1536.jpeg 864w, https:\/\/blogsaverroes.juntadeandalucia.es\/acervantes\/files\/2022\/02\/WhatsApp-Image-2022-02-05-at-21.12.063.jpeg 1152w\" sizes=\"(max-width: 576px) 85vw, 576px\" \/><\/td>\n<td style=\"width: 50%\"><img loading=\"lazy\" decoding=\"async\" class=\"aligncenter size-large wp-image-192\" src=\"https:\/\/blogsaverroes.juntadeandalucia.es\/acervantes\/files\/2022\/02\/WhatsApp-Image-2022-02-05-at-21.12.064-576x1024.jpeg\" alt=\"carcasa 4\" width=\"576\" height=\"1024\" srcset=\"https:\/\/blogsaverroes.juntadeandalucia.es\/acervantes\/files\/2022\/02\/WhatsApp-Image-2022-02-05-at-21.12.064-576x1024.jpeg 576w, https:\/\/blogsaverroes.juntadeandalucia.es\/acervantes\/files\/2022\/02\/WhatsApp-Image-2022-02-05-at-21.12.064-169x300.jpeg 169w, https:\/\/blogsaverroes.juntadeandalucia.es\/acervantes\/files\/2022\/02\/WhatsApp-Image-2022-02-05-at-21.12.064-768x1365.jpeg 768w, https:\/\/blogsaverroes.juntadeandalucia.es\/acervantes\/files\/2022\/02\/WhatsApp-Image-2022-02-05-at-21.12.064-864x1536.jpeg 864w, https:\/\/blogsaverroes.juntadeandalucia.es\/acervantes\/files\/2022\/02\/WhatsApp-Image-2022-02-05-at-21.12.064.jpeg 1152w\" sizes=\"(max-width: 576px) 85vw, 576px\" \/><\/td>\n<\/tr>\n<\/tbody>\n<\/table>\n<p>&nbsp;<\/p>\n","protected":false},"excerpt":{"rendered":"<p>Tenemos nuestros primeros dise\u00f1os de las carcasas, en busca de una versi\u00f3n reducida y lo m\u00e1s bonita posible! El logo del IES Al-\u00c1ndalus quedar\u00e1 estupendo. &nbsp;<\/p>\n","protected":false},"author":10866,"featured_media":0,"comment_status":"closed","ping_status":"open","sticky":false,"template":"","format":"standard","meta":{"ngg_post_thumbnail":0,"footnotes":""},"categories":[1],"tags":[],"aioseo_notices":[],"_links":{"self":[{"href":"https:\/\/blogsaverroes.juntadeandalucia.es\/acervantes\/wp-json\/wp\/v2\/posts\/187"}],"collection":[{"href":"https:\/\/blogsaverroes.juntadeandalucia.es\/acervantes\/wp-json\/wp\/v2\/posts"}],"about":[{"href":"https:\/\/blogsaverroes.juntadeandalucia.es\/acervantes\/wp-json\/wp\/v2\/types\/post"}],"author":[{"embeddable":true,"href":"https:\/\/blogsaverroes.juntadeandalucia.es\/acervantes\/wp-json\/wp\/v2\/users\/10866"}],"replies":[{"embeddable":true,"href":"https:\/\/blogsaverroes.juntadeandalucia.es\/acervantes\/wp-json\/wp\/v2\/comments?post=187"}],"version-history":[{"count":2,"href":"https:\/\/blogsaverroes.juntadeandalucia.es\/acervantes\/wp-json\/wp\/v2\/posts\/187\/revisions"}],"predecessor-version":[{"id":199,"href":"https:\/\/blogsaverroes.juntadeandalucia.es\/acervantes\/wp-json\/wp\/v2\/posts\/187\/revisions\/199"}],"wp:attachment":[{"href":"https:\/\/blogsaverroes.juntadeandalucia.es\/acervantes\/wp-json\/wp\/v2\/media?parent=187"}],"wp:term":[{"taxonomy":"category","embeddable":true,"href":"https:\/\/blogsaverroes.juntadeandalucia.es\/acervantes\/wp-json\/wp\/v2\/categories?post=187"},{"taxonomy":"post_tag","embeddable":true,"href":"https:\/\/blogsaverroes.juntadeandalucia.es\/acervantes\/wp-json\/wp\/v2\/tags?post=187"}],"curies":[{"name":"wp","href":"https:\/\/api.w.org\/{rel}","templated":true}]}}