{"id":303,"date":"2012-12-07T20:57:00","date_gmt":"2012-12-07T19:57:00","guid":{"rendered":"https:\/\/blogsaverroes.juntadeandalucia.es\/actividadesdecentro\/2012\/12\/07\/tods-con-sergio\/"},"modified":"2012-12-07T20:57:00","modified_gmt":"2012-12-07T19:57:00","slug":"tods-con-sergio","status":"publish","type":"post","link":"https:\/\/blogsaverroes.juntadeandalucia.es\/actividadesdecentro\/2012\/12\/07\/tods-con-sergio\/","title":{"rendered":"Tod@s con Sergio"},"content":{"rendered":"<p>El pasado d\u00eda 5 de diciembre toda la comunidad educativa del CEIP La Jarilla se reuni\u00f3 en el patio del colegio para realizar un homenaje y una entrega simb\u00f3lica de \u00abtapones\u00bb a Sergio. Durante varias semanas el alumnado ha estado acumulando tapones de las casas para poder ayudar a Sergio.<\/p>\n<p>Se llev\u00f3 a cabo una emotivo acto en el que Sergi\u00f3 particip\u00f3, tambi\u00e9n en la conmemoraci\u00f3n del d\u00eda de la Cosntituci\u00f3n, pero el momento \u00e1lgido ser\u00eda el protagonizado por alumnos y alumnas de primaria que leyeron art\u00edculos sobre los derechos de los ni\u00f1os\/as, y en especial de los que m\u00e1s lo necesitan. Entre ovaciones y v\u00edtores hacia nuestro especial protagonista, se cantaron las canciones: \u00abQue canten los ni\u00f1os\u00bb de Jose Lu\u00eds Perales y con un poco m\u00e1s de ritmo \u00abSeguiremos\u00bb de Macaco. <\/p>\n<p>Tod@s con Sergio. on PhotoPeach<object width=\"445\" height=\"296\"><param name=\"movie\" value=\"http:\/\/photopeach.com\/public\/swf\/story.swf\"><\/param><param name=\"allowscriptaccess\" value=\"always\" \/><param name=\"allowfullscreen\" value=\"true\" \/><param name=\"flashvars\" value=\"photos=http:\/\/photopeach.com%2Fapi%2Fgetphotos%3Falbum_id%3Dg8lor0&amp;autoplay=0&amp;embed=1\" \/><embed src=\"http:\/\/photopeach.com\/public\/swf\/story.swf\" type=\"application\/x-shockwave-flash\" allowscriptaccess=\"always\" allowfullscreen=\"true\" width=\"445\" height=\"296\" flashvars=\"photos=http:\/\/photopeach.com%2Fapi%2Fgetphotos%3Falbum_id%3Dg8lor0&amp;autoplay=0&amp;embed=1\"><\/embed><\/object><\/p>\n","protected":false},"excerpt":{"rendered":"<p>El pasado d\u00eda 5 de diciembre toda la comunidad educativa del CEIP La Jarilla se reuni\u00f3 en el patio del colegio para realizar un homenaje y una entrega simb\u00f3lica de \u00abtapones\u00bb a Sergio. Durante&#46;&#46;&#46;<\/p>\n","protected":false},"author":19962,"featured_media":0,"comment_status":"open","ping_status":"open","sticky":false,"template":"","format":"standard","meta":{"ngg_post_thumbnail":0,"footnotes":""},"categories":[2],"tags":[],"aioseo_notices":[],"_links":{"self":[{"href":"https:\/\/blogsaverroes.juntadeandalucia.es\/actividadesdecentro\/wp-json\/wp\/v2\/posts\/303"}],"collection":[{"href":"https:\/\/blogsaverroes.juntadeandalucia.es\/actividadesdecentro\/wp-json\/wp\/v2\/posts"}],"about":[{"href":"https:\/\/blogsaverroes.juntadeandalucia.es\/actividadesdecentro\/wp-json\/wp\/v2\/types\/post"}],"author":[{"embeddable":true,"href":"https:\/\/blogsaverroes.juntadeandalucia.es\/actividadesdecentro\/wp-json\/wp\/v2\/users\/19962"}],"replies":[{"embeddable":true,"href":"https:\/\/blogsaverroes.juntadeandalucia.es\/actividadesdecentro\/wp-json\/wp\/v2\/comments?post=303"}],"version-history":[{"count":0,"href":"https:\/\/blogsaverroes.juntadeandalucia.es\/actividadesdecentro\/wp-json\/wp\/v2\/posts\/303\/revisions"}],"wp:attachment":[{"href":"https:\/\/blogsaverroes.juntadeandalucia.es\/actividadesdecentro\/wp-json\/wp\/v2\/media?parent=303"}],"wp:term":[{"taxonomy":"category","embeddable":true,"href":"https:\/\/blogsaverroes.juntadeandalucia.es\/actividadesdecentro\/wp-json\/wp\/v2\/categories?post=303"},{"taxonomy":"post_tag","embeddable":true,"href":"https:\/\/blogsaverroes.juntadeandalucia.es\/actividadesdecentro\/wp-json\/wp\/v2\/tags?post=303"}],"curies":[{"name":"wp","href":"https:\/\/api.w.org\/{rel}","templated":true}]}}