{"id":1735,"date":"2024-06-26T10:00:57","date_gmt":"2024-06-26T08:00:57","guid":{"rendered":"https:\/\/blogsaverroes.juntadeandalucia.es\/adeladiaz2016\/?p=1735"},"modified":"2024-06-26T10:00:57","modified_gmt":"2024-06-26T08:00:57","slug":"%f0%9d%94%be%f0%9d%95%8ci%f0%9d%94%b8-%f0%9d%94%bb%f0%9d%94%bc-%f0%9d%94%b9%f0%9d%95%8c%f0%9d%94%bc%e2%84%95-%f0%9d%95%8c%f0%9d%95%8a%f0%9d%95%86-%f0%9d%94%bb%f0%9d%94%bc%f0%9d%95%83-%f0%9d%95%84o","status":"publish","type":"post","link":"https:\/\/blogsaverroes.juntadeandalucia.es\/adeladiaz2016\/%f0%9d%94%be%f0%9d%95%8ci%f0%9d%94%b8-%f0%9d%94%bb%f0%9d%94%bc-%f0%9d%94%b9%f0%9d%95%8c%f0%9d%94%bc%e2%84%95-%f0%9d%95%8c%f0%9d%95%8a%f0%9d%95%86-%f0%9d%94%bb%f0%9d%94%bc%f0%9d%95%83-%f0%9d%95%84o\/","title":{"rendered":"\ud835\udd3e\ud835\udd4c\u00cd\ud835\udd38 \ud835\udd3b\ud835\udd3c \ud835\udd39\ud835\udd4c\ud835\udd3c\u2115 \ud835\udd4c\ud835\udd4a\ud835\udd46 \ud835\udd3b\ud835\udd3c\ud835\udd43 \ud835\udd44\u00d3\ud835\udd4d\ud835\udd40\ud835\udd43"},"content":{"rendered":"<p class=\"doubleStruckCharMap\" style=\"text-align: center\">Pinchando en el siguiente enlace podr\u00e1n acceder a la \ud835\udd3e\ud835\udd4c\u00cd\ud835\udd38 \ud835\udd3b\ud835\udd3c \ud835\udd39\ud835\udd4c\ud835\udd3c\u2115 \ud835\udd4c\ud835\udd4a\ud835\udd46 \ud835\udd3b\ud835\udd3c\ud835\udd43 \ud835\udd44\u00d3\ud835\udd4d\ud835\udd40\ud835\udd43 publicada por la Consejer\u00eda de Educaci\u00f3n de la Junta de Andaluc\u00eda&#8230;<\/p>\n<p style=\"text-align: center\">&nbsp;<\/p>\n<h3 class=\"doubleStruckCharMap\" style=\"text-align: center\"><a title=\"Gu\u00eda de buen uso del m\u00f3vil\" href=\"https:\/\/www.juntadeandalucia.es\/educacion\/portals\/web\/ced\/novedades\/-\/contenidos\/detalle\/guia-del-buen-uso-del-movil\" target=\"_blank\" rel=\"noopener\"><span style=\"color: #ff0000\">\ud835\udc06\ud835\udc14\u00cd\ud835\udc00 \ud835\udc03\ud835\udc04 \ud835\udc01\ud835\udc14\ud835\udc04\ud835\udc0d \ud835\udc14\ud835\udc12\ud835\udc0e \ud835\udc03\ud835\udc04\ud835\udc0b \ud835\udc0c\u00d3\ud835\udc15\ud835\udc08\ud835\udc0b<\/span><\/a><\/h3>\n","protected":false},"excerpt":{"rendered":"<p>Pinchando en el siguiente enlace podr\u00e1n acceder a la \ud835\udd3e\ud835\udd4c\u00cd\ud835\udd38 \ud835\udd3b\ud835\udd3c \ud835\udd39\ud835\udd4c\ud835\udd3c\u2115 \ud835\udd4c\ud835\udd4a\ud835\udd46 \ud835\udd3b\ud835\udd3c\ud835\udd43 \ud835\udd44\u00d3\ud835\udd4d\ud835\udd40\ud835\udd43 publicada por la Consejer\u00eda de Educaci\u00f3n de la Junta de Andaluc\u00eda&#8230; &nbsp; \ud835\udc06\ud835\udc14\u00cd\ud835\udc00 \ud835\udc03\ud835\udc04 \ud835\udc01\ud835\udc14\ud835\udc04\ud835\udc0d \ud835\udc14\ud835\udc12\ud835\udc0e \ud835\udc03\ud835\udc04\ud835\udc0b \ud835\udc0c\u00d3\ud835\udc15\ud835\udc08\ud835\udc0b<\/p>\n","protected":false},"author":2654,"featured_media":0,"comment_status":"open","ping_status":"open","sticky":false,"template":"","format":"standard","meta":{"ngg_post_thumbnail":0,"footnotes":""},"categories":[1434924],"tags":[],"aioseo_notices":[],"_links":{"self":[{"href":"https:\/\/blogsaverroes.juntadeandalucia.es\/adeladiaz2016\/wp-json\/wp\/v2\/posts\/1735"}],"collection":[{"href":"https:\/\/blogsaverroes.juntadeandalucia.es\/adeladiaz2016\/wp-json\/wp\/v2\/posts"}],"about":[{"href":"https:\/\/blogsaverroes.juntadeandalucia.es\/adeladiaz2016\/wp-json\/wp\/v2\/types\/post"}],"author":[{"embeddable":true,"href":"https:\/\/blogsaverroes.juntadeandalucia.es\/adeladiaz2016\/wp-json\/wp\/v2\/users\/2654"}],"replies":[{"embeddable":true,"href":"https:\/\/blogsaverroes.juntadeandalucia.es\/adeladiaz2016\/wp-json\/wp\/v2\/comments?post=1735"}],"version-history":[{"count":1,"href":"https:\/\/blogsaverroes.juntadeandalucia.es\/adeladiaz2016\/wp-json\/wp\/v2\/posts\/1735\/revisions"}],"predecessor-version":[{"id":1736,"href":"https:\/\/blogsaverroes.juntadeandalucia.es\/adeladiaz2016\/wp-json\/wp\/v2\/posts\/1735\/revisions\/1736"}],"wp:attachment":[{"href":"https:\/\/blogsaverroes.juntadeandalucia.es\/adeladiaz2016\/wp-json\/wp\/v2\/media?parent=1735"}],"wp:term":[{"taxonomy":"category","embeddable":true,"href":"https:\/\/blogsaverroes.juntadeandalucia.es\/adeladiaz2016\/wp-json\/wp\/v2\/categories?post=1735"},{"taxonomy":"post_tag","embeddable":true,"href":"https:\/\/blogsaverroes.juntadeandalucia.es\/adeladiaz2016\/wp-json\/wp\/v2\/tags?post=1735"}],"curies":[{"name":"wp","href":"https:\/\/api.w.org\/{rel}","templated":true}]}}