{"id":336,"date":"2021-11-17T12:45:36","date_gmt":"2021-11-17T11:45:36","guid":{"rendered":"http:\/\/blogsaverroes.juntadeandalucia.es\/adeladiaz2016\/?p=336"},"modified":"2022-06-08T13:26:48","modified_gmt":"2022-06-08T11:26:48","slug":"proyecto-curricular-del-2o-ciclo-de-infantil","status":"publish","type":"post","link":"https:\/\/blogsaverroes.juntadeandalucia.es\/adeladiaz2016\/proyecto-curricular-del-2o-ciclo-de-infantil\/","title":{"rendered":"PROYECTO EDUCATIVO"},"content":{"rendered":"<p style=\"text-align: center\"><a href=\"https:\/\/blogsaverroes.juntadeandalucia.es\/adeladiaz2016\/files\/2017\/02\/ESCUDO_DEFINITIVO-4.jpg\"><img loading=\"lazy\" decoding=\"async\" class=\"alignnone wp-image-917\" src=\"https:\/\/blogsaverroes.juntadeandalucia.es\/adeladiaz2016\/files\/2017\/02\/ESCUDO_DEFINITIVO-4.jpg\" alt=\"\" height=\"96\" width=\"96\" srcset=\"https:\/\/blogsaverroes.juntadeandalucia.es\/adeladiaz2016\/files\/2017\/02\/ESCUDO_DEFINITIVO-4.jpg 256w, https:\/\/blogsaverroes.juntadeandalucia.es\/adeladiaz2016\/files\/2017\/02\/ESCUDO_DEFINITIVO-4-150x150.jpg 150w, https:\/\/blogsaverroes.juntadeandalucia.es\/adeladiaz2016\/files\/2017\/02\/ESCUDO_DEFINITIVO-4-100x100.jpg 100w, https:\/\/blogsaverroes.juntadeandalucia.es\/adeladiaz2016\/files\/2017\/02\/ESCUDO_DEFINITIVO-4-24x24.jpg 24w, https:\/\/blogsaverroes.juntadeandalucia.es\/adeladiaz2016\/files\/2017\/02\/ESCUDO_DEFINITIVO-4-36x36.jpg 36w, https:\/\/blogsaverroes.juntadeandalucia.es\/adeladiaz2016\/files\/2017\/02\/ESCUDO_DEFINITIVO-4-48x48.jpg 48w\" sizes=\"(max-width: 96px) 100vw, 96px\" \/><\/a><\/p>\n<h1 style=\"text-align: center\"><span style=\"text-decoration: underline\"><em><strong>PROYECTO EDUCATIVO<\/strong><\/em><\/span><\/h1>\n<p style=\"text-align: center\"><a href=\"http:\/\/blogsaverroes.juntadeandalucia.es\/adeladiaz2016\/files\/2017\/03\/educacion-infantil.jpg\"><img loading=\"lazy\" decoding=\"async\" class=\"alignnone size-full wp-image-337\" src=\"http:\/\/blogsaverroes.juntadeandalucia.es\/adeladiaz2016\/files\/2017\/03\/educacion-infantil.jpg\" alt=\"\" height=\"172\" width=\"260\"\/><\/a><\/p>\n<p style=\"text-align: center\">En este espacio damos a conocer el PROYECTO EDUCATIVO de nuestro Centro.<\/p>\n<p style=\"text-align: center\">Para facilitar su consulta, cada apartado tiene su propio enlace:<\/p>\n<p style=\"text-align: center\"><a href=\"https:\/\/blogsaverroes.juntadeandalucia.es\/adeladiaz2016\/files\/2020\/11\/000_INDICE_GENERAL_PLAN-DE-CENTRO.pdf\" target=\"_blank\" rel=\"noopener noreferrer\">\u00cdNDICE GENERAL DEL PLAN DE CENTRO<\/a><\/p>\n<p style=\"text-align: center\"><a href=\"https:\/\/blogsaverroes.juntadeandalucia.es\/adeladiaz2016\/files\/2020\/11\/0001_APARTADOS_I-II.pdf\" target=\"_blank\" rel=\"noopener noreferrer\">APARTADOS I y II<\/a><\/p>\n<p style=\"text-align: center\"><a href=\"https:\/\/blogsaverroes.juntadeandalucia.es\/adeladiaz2016\/files\/2020\/11\/0003_B-LINEAS-GENERALES-ACTUACION-PEDAGOGICA.pdf\" target=\"_blank\" rel=\"noopener noreferrer\">L\u00cdNEAS GENERALES DE ACTUACI\u00d3N PEDAG\u00d3GICA<\/a><\/p>\n<p style=\"text-align: center\"><a href=\"https:\/\/blogsaverroes.juntadeandalucia.es\/adeladiaz2016\/files\/2021\/11\/003A_OBJETIVOS_PROPIOS_PARA_LA_MEJORA_2021-22.pdf\" target=\"_blank\" rel=\"noopener noreferrer\">OBJETIVOS PROPIOS PARA LA MEJORA 2021-22<\/a><\/p>\n<p style=\"text-align: center\"><a href=\"http:\/\/blogsaverroes.juntadeandalucia.es\/adeladiaz2016\/files\/2017\/03\/C1-CURRICULUM-PRIMARIA.pdf\" target=\"_blank\" rel=\"noopener noreferrer\">CURR\u00cdCULUM-PRIMARIA<\/a><\/p>\n<p style=\"text-align: center\"><a href=\"https:\/\/blogsaverroes.juntadeandalucia.es\/adeladiaz2016\/files\/2017\/03\/C2-CURRICULUM-INFANTIL.docx\" target=\"_blank\" rel=\"noopener noreferrer\">CURRICULUM-INFANTIL<\/a><\/p>\n<p style=\"text-align: center\"><a href=\"https:\/\/blogsaverroes.juntadeandalucia.es\/adeladiaz2016\/files\/2020\/11\/0003_C3-CURRICULUM-FRANCES.pdf\" target=\"_blank\" rel=\"noopener noreferrer\">CURR\u00cdCULUM-FRANC\u00c9S<\/a><\/p>\n<p style=\"text-align: center\"><a href=\"https:\/\/blogsaverroes.juntadeandalucia.es\/adeladiaz2016\/files\/2021\/11\/D-CRITERIOS-PEDAG-DETERM-HORARIOS_21-22.pdf\" target=\"_blank\" rel=\"noopener noreferrer\">CRITERIOS PEDAG\u00d3GICOS HORARIOS 2021-22<\/a><\/p>\n<p style=\"text-align: center\"><a href=\"https:\/\/blogsaverroes.juntadeandalucia.es\/adeladiaz2016\/files\/2021\/11\/PE_EVALUACI\u00d3N_2022.pdf\" target=\"_blank\" rel=\"noopener noreferrer\">PROCEDIMIENTOS EVALUACI\u00d3N Y PROMOCI\u00d3N 2022<\/a><\/p>\n<p style=\"text-align: center\"><a href=\"https:\/\/blogsaverroes.juntadeandalucia.es\/adeladiaz2016\/files\/2020\/11\/0003_\u00d1-CRITERIOS-PROGRAMACIONES_2020.pdf\" target=\"_blank\" rel=\"noopener noreferrer\">CRITERIOS PROGRAMACIONES 2020<\/a><\/p>\n<p style=\"text-align: center\"><a href=\"https:\/\/blogsaverroes.juntadeandalucia.es\/adeladiaz2016\/files\/2020\/11\/0004_F-G-PLAN-ATENCION-DIVERSIDAD.pdf\" target=\"_blank\" rel=\"noopener noreferrer\">PLAN ATENCI\u00d3N A LA DIVERSIDAD<\/a><\/p>\n<p style=\"text-align: center\"><a href=\"https:\/\/blogsaverroes.juntadeandalucia.es\/adeladiaz2016\/files\/2021\/11\/00IV_H-POAT_2020.pdf\" target=\"_blank\" rel=\"noopener noreferrer\">PLAN DE ORIENTACI\u00d3N (POAT) 2021<\/a><\/p>\n<p style=\"text-align: center\"><a href=\"https:\/\/blogsaverroes.juntadeandalucia.es\/adeladiaz2016\/files\/2020\/11\/0005_I-J-PLAN_CONVIVENCIA.pdf\" target=\"_blank\" rel=\"noopener noreferrer\">PLAN DE CONVIVENCIA<\/a><\/p>\n<p style=\"text-align: center\"><a href=\"https:\/\/blogsaverroes.juntadeandalucia.es\/adeladiaz2016\/files\/2020\/11\/0006_K-PLAN_DE_FORMACION.pdf\" target=\"_blank\" rel=\"noopener noreferrer\">PLAN DE FORMACI\u00d3N<\/a><\/p>\n<p style=\"text-align: center\"><a href=\"https:\/\/blogsaverroes.juntadeandalucia.es\/adeladiaz2016\/files\/2021\/11\/006L-CRITERIOS-ORGANIZATIVOS-HORARIOS_2021-22.pdf\" target=\"_blank\" rel=\"noopener noreferrer\">CRITERIOS ORGANIZATIVOS HORARIOS 2021-22<\/a><\/p>\n<p style=\"text-align: center\"><a href=\"https:\/\/blogsaverroes.juntadeandalucia.es\/adeladiaz2016\/files\/2020\/11\/0006_M-EVALUACION-INTERNA.pdf\" target=\"_blank\" rel=\"noopener noreferrer\">EVALUACI\u00d3N INTERNA<\/a><\/p>\n<p style=\"text-align: center\"><a href=\"https:\/\/blogsaverroes.juntadeandalucia.es\/adeladiaz2016\/files\/2020\/11\/0006_N-CRITERIOS-PEDAG-ASIGNACION-TUTORIAS.pdf\" target=\"_blank\" rel=\"noopener noreferrer\">CRITERIOS PEDAG\u00d3GICOS ASIGNACI\u00d3N TUTOR\u00cdAS<\/a><\/p>\n<p style=\"text-align: center\"><a href=\"https:\/\/blogsaverroes.juntadeandalucia.es\/adeladiaz2016\/files\/2020\/11\/0006_O-1_PLAN_APERTURA.pdf\" target=\"_blank\" rel=\"noopener noreferrer\">PLAN DE APERTURA<\/a><\/p>\n<p style=\"text-align: center\"><a href=\"https:\/\/blogsaverroes.juntadeandalucia.es\/adeladiaz2016\/files\/2020\/11\/0006_O-2_PLAN_BIBLIOTECA.pdf\" target=\"_blank\" rel=\"noopener noreferrer\">PLAN DE BIBLIOTECA<\/a><\/p>\n<p style=\"text-align: center\"><a href=\"https:\/\/blogsaverroes.juntadeandalucia.es\/adeladiaz2016\/files\/2020\/11\/0006_O-3_PLAN_IGUALDAD-1617.pdf\" target=\"_blank\" rel=\"noopener noreferrer\">PLAN DE IGUALDAD<\/a><\/p>\n<p style=\"text-align: center\"><a href=\"https:\/\/blogsaverroes.juntadeandalucia.es\/adeladiaz2016\/files\/2020\/11\/0006_O-4_PROGRAMA_-CRECIENDO_-EN_-SALUD.pdf\" target=\"_blank\" rel=\"noopener noreferrer\">PROGRAMA EDUCATIVO \u00abCRECIENDO EN SALUD\u00bb<\/a><\/p>\n<p style=\"text-align: center\"><a href=\"https:\/\/blogsaverroes.juntadeandalucia.es\/adeladiaz2016\/files\/2020\/11\/0006_O-5_Plan-de-Actuaci\u00f3n-Digital.pdf\" target=\"_blank\" rel=\"noopener noreferrer\">PLAN DE ACTUACI\u00d3N DIGITAL<\/a><\/p>\n<p style=\"text-align: center\"><a href=\"https:\/\/blogsaverroes.juntadeandalucia.es\/adeladiaz2016\/files\/2020\/11\/0006_O-6_Proyecto_-BILINGU\u0308E.pdf\" target=\"_blank\" rel=\"noopener noreferrer\">PROYECTO BILING\u00dcE<\/a><\/p>\n<p style=\"text-align: center\"><a href=\"https:\/\/blogsaverroes.juntadeandalucia.es\/adeladiaz2016\/files\/2020\/11\/0006_O-7_Proyecto_MEDIACION_-CEIP-Adela-D\u00edaz.pdf\" target=\"_blank\" rel=\"noopener noreferrer\">PROYECTO DE MEDIACI\u00d3N<\/a><\/p>\n<p style=\"text-align: center\"><a href=\"https:\/\/blogsaverroes.juntadeandalucia.es\/adeladiaz2016\/files\/2021\/11\/PAE-2022.pdf\" target=\"_blank\" rel=\"noopener noreferrer\">PLAN DE AUTOPROTECCI\u00d3N ESCOLAR 2022<\/a><\/p>\n<p>&nbsp;<\/p>\n","protected":false},"excerpt":{"rendered":"<p>PROYECTO EDUCATIVO En este espacio damos a conocer el PROYECTO EDUCATIVO de nuestro Centro. Para facilitar su consulta, cada apartado tiene su propio enlace: \u00cdNDICE GENERAL DEL PLAN DE CENTRO APARTADOS I y II L\u00cdNEAS GENERALES DE ACTUACI\u00d3N PEDAG\u00d3GICA OBJETIVOS PROPIOS PARA LA MEJORA 2021-22 CURR\u00cdCULUM-PRIMARIA CURRICULUM-INFANTIL CURR\u00cdCULUM-FRANC\u00c9S CRITERIOS PEDAG\u00d3GICOS HORARIOS 2021-22 PROCEDIMIENTOS EVALUACI\u00d3N Y [&hellip;]<\/p>\n","protected":false},"author":2654,"featured_media":0,"comment_status":"open","ping_status":"open","sticky":false,"template":"","format":"standard","meta":{"ngg_post_thumbnail":0,"footnotes":""},"categories":[6408],"tags":[],"aioseo_notices":[],"_links":{"self":[{"href":"https:\/\/blogsaverroes.juntadeandalucia.es\/adeladiaz2016\/wp-json\/wp\/v2\/posts\/336"}],"collection":[{"href":"https:\/\/blogsaverroes.juntadeandalucia.es\/adeladiaz2016\/wp-json\/wp\/v2\/posts"}],"about":[{"href":"https:\/\/blogsaverroes.juntadeandalucia.es\/adeladiaz2016\/wp-json\/wp\/v2\/types\/post"}],"author":[{"embeddable":true,"href":"https:\/\/blogsaverroes.juntadeandalucia.es\/adeladiaz2016\/wp-json\/wp\/v2\/users\/2654"}],"replies":[{"embeddable":true,"href":"https:\/\/blogsaverroes.juntadeandalucia.es\/adeladiaz2016\/wp-json\/wp\/v2\/comments?post=336"}],"version-history":[{"count":23,"href":"https:\/\/blogsaverroes.juntadeandalucia.es\/adeladiaz2016\/wp-json\/wp\/v2\/posts\/336\/revisions"}],"predecessor-version":[{"id":1579,"href":"https:\/\/blogsaverroes.juntadeandalucia.es\/adeladiaz2016\/wp-json\/wp\/v2\/posts\/336\/revisions\/1579"}],"wp:attachment":[{"href":"https:\/\/blogsaverroes.juntadeandalucia.es\/adeladiaz2016\/wp-json\/wp\/v2\/media?parent=336"}],"wp:term":[{"taxonomy":"category","embeddable":true,"href":"https:\/\/blogsaverroes.juntadeandalucia.es\/adeladiaz2016\/wp-json\/wp\/v2\/categories?post=336"},{"taxonomy":"post_tag","embeddable":true,"href":"https:\/\/blogsaverroes.juntadeandalucia.es\/adeladiaz2016\/wp-json\/wp\/v2\/tags?post=336"}],"curies":[{"name":"wp","href":"https:\/\/api.w.org\/{rel}","templated":true}]}}