{"id":2882,"date":"2017-04-25T08:04:47","date_gmt":"2017-04-25T08:04:47","guid":{"rendered":"http:\/\/blogsaverroes.juntadeandalucia.es\/adersa2\/?p=2882"},"modified":"2018-05-30T10:41:20","modified_gmt":"2018-05-30T10:41:20","slug":"excursion-andevalo-aventura","status":"publish","type":"post","link":"https:\/\/blogsaverroes.juntadeandalucia.es\/adersa2\/2017\/04\/25\/excursion-andevalo-aventura\/","title":{"rendered":"Excursi\u00f3n And\u00e9valo Aventura"},"content":{"rendered":"<h2><u>EXCURSI\u00d3N AND\u00c9VALO AVENTURA<\/u><\/h2>\n<p>El pasado 13 de marzo las etapas de Primaria y Secundaria del C.P.R. Adersa II fuimos de excursi\u00f3n a Santa B\u00e1rbara de Casas y estuvimos en And\u00e9valo Aventura.<\/p>\n<p>La jornada comenz\u00f3 temprano y a las diez de la ma\u00f1ana est\u00e1bamos ya all\u00ed. Los monitores nos dieron la bienvenida y organizaron a alumnado en grupos en funci\u00f3n de las diferentes edades y este fue el programa de actividades que realizamos:<\/p>\n<table border=\"1\" cellpadding=\"1\">\n<tbody>\n<tr style=\"height: 48.32px\">\n<td style=\"width: 304.22px;height: 48.32px\"><strong>GRUPO 1<\/strong><\/td>\n<td style=\"width: 184.77px;height: 48.32px\"><strong>GRUPO 2<\/strong><\/td>\n<td style=\"width: 169px;height: 48.32px\"><strong>GRUPO 3<\/strong><\/td>\n<\/tr>\n<tr style=\"height: 128px\">\n<td style=\"width: 304.22px;height: 128px\">\n<ul>\n<li style=\"text-align: left\">SENDERO<\/li>\n<li style=\"text-align: left\">VISITA MOLINO&nbsp;&nbsp;DE AGUA<\/li>\n<li style=\"text-align: left\">TALLER DE PAN<\/li>\n<li style=\"text-align: left\">CICLOCARS<\/li>\n<\/ul>\n<p style=\"text-align: left\">14:00 p.m. ALMUERZO<\/p>\n<\/td>\n<td style=\"width: 184.77px;height: 128px\">\n<ul>\n<li style=\"text-align: left\">CICLOCARS<\/li>\n<li style=\"text-align: left\">TIROLINA<\/li>\n<li style=\"text-align: left\">CASTILLO HINCHABLE<\/li>\n<\/ul>\n<p>&nbsp;<\/p>\n<p>14:00 p.m. ALMUERZO<\/td>\n<td style=\"width: 169px;height: 128px\">\n<ul>\n<li style=\"text-align: left\">RAPPEL<\/li>\n<li style=\"text-align: left\">KAYAK<\/li>\n<\/ul>\n<p>&nbsp;<\/p>\n<p style=\"text-align: left\">14:30 p.m. ALMUERZO<\/p>\n<\/td>\n<\/tr>\n<tr style=\"height: 225px\">\n<td style=\"width: 304.22px;height: 225px\">\n<p style=\"text-align: left\">15:00 ACTIVIDADES:<\/p>\n<ul>\n<li style=\"text-align: left\">CASTILLO HINCHABLE<\/li>\n<li style=\"text-align: left\">RED DE ASALTO + MINITIROLINA<\/li>\n<\/ul>\n<p>&nbsp;<\/p>\n<p style=\"text-align: left\">17:30 FOTO GRUPAL Y DESPEDIDA<\/p>\n<\/td>\n<td style=\"width: 184.77px;height: 225px\">\n<p style=\"text-align: left\">15:00 ACTIVIDADES:<\/p>\n<ul>\n<li style=\"text-align: left\">PIN\u00d3DROMO<\/li>\n<li style=\"text-align: left\">TIRO CON ARCO<\/li>\n<\/ul>\n<p>&nbsp;<\/p>\n<p style=\"text-align: left\">17:30 &nbsp;&nbsp;FOTO GRUPAL Y DESPEDIDA<\/p>\n<\/td>\n<td style=\"width: 169px;height: 225px\">\n<p style=\"text-align: left\">15:00 ACTIVIDADES:<\/p>\n<ul>\n<li style=\"text-align: left\">ROC\u00d3DROMO<\/li>\n<li style=\"text-align: left\">TIROLINA<\/li>\n<li style=\"text-align: left\">TIRO CON ARCO<\/li>\n<\/ul>\n<p>17:30 &nbsp;&nbsp;FOTO GRUPAL Y DESPEDIDA<\/td>\n<\/tr>\n<\/tbody>\n<\/table>\n<p>Fue un d\u00eda de grandes experiencias y fuertes emociones para el alumnado y para el profesorado. Un d\u00eda inolvidable, muy aconsejable y que seguramente repetiremos en a\u00f1os venideros.<\/p>\n<p>Desde el C.P.R Adersa II damos las gracias a todos los trabajadores de And\u00e9valo Aventura por su trabajo y por el trato recibido.<\/p>\nngg_shortcode_0_placeholder\n<p><iframe loading=\"lazy\" src=\"\/\/www.youtube.com\/embed\/JFX6eEViQQ8\" width=\"560\" height=\"314\"><\/iframe><\/p>\n","protected":false},"excerpt":{"rendered":"<p>EXCURSI\u00d3N AND\u00c9VALO AVENTURA El pasado 13 de marzo las etapas de Primaria y Secundaria del C.P.R. Adersa II fuimos de excursi\u00f3n a Santa B\u00e1rbara de Casas y estuvimos en And\u00e9valo Aventura. La jornada comenz\u00f3&#46;&#46;&#46;<\/p>\n","protected":false},"author":4813,"featured_media":2944,"comment_status":"open","ping_status":"open","sticky":false,"template":"","format":"standard","meta":{"ngg_post_thumbnail":0,"footnotes":""},"categories":[5991],"tags":[],"aioseo_notices":[],"_links":{"self":[{"href":"https:\/\/blogsaverroes.juntadeandalucia.es\/adersa2\/wp-json\/wp\/v2\/posts\/2882"}],"collection":[{"href":"https:\/\/blogsaverroes.juntadeandalucia.es\/adersa2\/wp-json\/wp\/v2\/posts"}],"about":[{"href":"https:\/\/blogsaverroes.juntadeandalucia.es\/adersa2\/wp-json\/wp\/v2\/types\/post"}],"author":[{"embeddable":true,"href":"https:\/\/blogsaverroes.juntadeandalucia.es\/adersa2\/wp-json\/wp\/v2\/users\/4813"}],"replies":[{"embeddable":true,"href":"https:\/\/blogsaverroes.juntadeandalucia.es\/adersa2\/wp-json\/wp\/v2\/comments?post=2882"}],"version-history":[{"count":12,"href":"https:\/\/blogsaverroes.juntadeandalucia.es\/adersa2\/wp-json\/wp\/v2\/posts\/2882\/revisions"}],"predecessor-version":[{"id":3549,"href":"https:\/\/blogsaverroes.juntadeandalucia.es\/adersa2\/wp-json\/wp\/v2\/posts\/2882\/revisions\/3549"}],"wp:featuredmedia":[{"embeddable":true,"href":"https:\/\/blogsaverroes.juntadeandalucia.es\/adersa2\/wp-json\/wp\/v2\/media\/2944"}],"wp:attachment":[{"href":"https:\/\/blogsaverroes.juntadeandalucia.es\/adersa2\/wp-json\/wp\/v2\/media?parent=2882"}],"wp:term":[{"taxonomy":"category","embeddable":true,"href":"https:\/\/blogsaverroes.juntadeandalucia.es\/adersa2\/wp-json\/wp\/v2\/categories?post=2882"},{"taxonomy":"post_tag","embeddable":true,"href":"https:\/\/blogsaverroes.juntadeandalucia.es\/adersa2\/wp-json\/wp\/v2\/tags?post=2882"}],"curies":[{"name":"wp","href":"https:\/\/api.w.org\/{rel}","templated":true}]}}