{"id":3264,"date":"2025-03-01T03:37:53","date_gmt":"2025-03-01T03:37:53","guid":{"rendered":"http:\/\/blogsaverroes.juntadeandalucia.es\/adersa2\/?p=3264"},"modified":"2025-03-07T10:15:20","modified_gmt":"2025-03-07T10:15:20","slug":"admision-curso-25-26","status":"publish","type":"post","link":"https:\/\/blogsaverroes.juntadeandalucia.es\/adersa2\/2025\/03\/01\/admision-curso-25-26\/","title":{"rendered":"Abierto el plazo de admisi\u00f3n &#8211; Curso 2025\/26"},"content":{"rendered":"<p><strong>La Consejer\u00eda de Educaci\u00f3n convoca el procedimiento de admisi\u00f3n del alumnado en los centros docentes p\u00fablicos y privados concertados para cursar las ense\u00f1anzas de segundo ciclo de educaci\u00f3n infantil, educaci\u00f3n primaria, educaci\u00f3n especial, educaci\u00f3n secundaria obligatoria y bachillerato para el curso escolar 2025\/26<\/strong>.<\/p>\n<h3>Entre los d\u00edas 1 y 31 de marzo puede recoger los impresos de admisi\u00f3n&nbsp; y hacer entrega para el nuevo alumnado en nuestros centros de: Puerto Moral, Los Marines, Cortelazor la Real o descargarlo directamente desde nuestra web:<\/h3>\n<h2><a href=\"https:\/\/blogsaverroes.juntadeandalucia.es\/adersa2\/files\/2024\/02\/Anexo-III-nuevo.pdf\" target=\"_blank\" rel=\"noopener noreferrer\">Anexo III &#8211; Admisi\u00f3n nuevo alumnado<\/a><\/h2>\n<h4><strong><span style=\"color: #ff0000\">Si la solicitud (<span style=\"color: #000000\"><em>Anexo III<\/em><\/span>) se presenta directamente en el centro, deber\u00e1 ser acompa\u00f1ada de:<\/span><\/strong><\/h4>\n<ul>\n<li><strong><span style=\"color: #993300\"><em>Cuestionario para familias de nueva escolarizaci\u00f3n (tres a\u00f1os).<\/em><\/span><\/strong><\/li>\n<li><strong><span style=\"color: #993300\"><em>Fotocopia del libro de familia (hoja correspondiente al nuevo alumno\/a).<\/em><\/span><\/strong><\/li>\n<li><strong><span style=\"color: #993300\"><em>Fotocopias del D.N.I. del padre \/madre.<\/em><\/span><\/strong><\/li>\n<\/ul>\n<h2 class=\"panel-title\" style=\"text-align: left\"><a href=\"https:\/\/www.juntadeandalucia.es\/educacion\/secretariavirtual\/accesoTramite\/543\/\" target=\"_blank\" rel=\"noopener noreferrer\">Presentaci\u00f3n de la Admisi\u00f3n a trav\u00e9s de la Secretar\u00eda Virtual de los centros educativos<\/a><\/h2>\n<h2><a href=\"https:\/\/juntadeandalucia.es\/temas\/estudiar\/primaria-eso\/matriculacion.html\" target=\"_blank\" rel=\"noopener noreferrer\">M\u00e1s informaci\u00f3n en web de la Consejer\u00eda de Educaci\u00f3n de la Juta de Andaluc\u00eda<\/a><\/h2>\n<p><a href=\"https:\/\/blogsaverroes.juntadeandalucia.es\/adersa2\/files\/2019\/02\/Plazo-admisi\u00f3n-1100x395.jpg\"><img loading=\"lazy\" decoding=\"async\" class=\"aligncenter size-large wp-image-4196\" src=\"https:\/\/blogsaverroes.juntadeandalucia.es\/adersa2\/files\/2019\/02\/Plazo-admisi\u00f3n-1100x395-1024x368.jpg\" alt=\"\" width=\"660\" height=\"237\" srcset=\"https:\/\/blogsaverroes.juntadeandalucia.es\/adersa2\/files\/2019\/02\/Plazo-admisi\u00f3n-1100x395-1024x368.jpg 1024w, https:\/\/blogsaverroes.juntadeandalucia.es\/adersa2\/files\/2019\/02\/Plazo-admisi\u00f3n-1100x395-300x108.jpg 300w, https:\/\/blogsaverroes.juntadeandalucia.es\/adersa2\/files\/2019\/02\/Plazo-admisi\u00f3n-1100x395-768x276.jpg 768w, https:\/\/blogsaverroes.juntadeandalucia.es\/adersa2\/files\/2019\/02\/Plazo-admisi\u00f3n-1100x395.jpg 1100w, https:\/\/blogsaverroes.juntadeandalucia.es\/adersa2\/files\/2019\/02\/Plazo-admisi\u00f3n-1100x395-700x251.jpg 700w, https:\/\/blogsaverroes.juntadeandalucia.es\/adersa2\/files\/2019\/02\/Plazo-admisi\u00f3n-1100x395-24x9.jpg 24w, https:\/\/blogsaverroes.juntadeandalucia.es\/adersa2\/files\/2019\/02\/Plazo-admisi\u00f3n-1100x395-36x13.jpg 36w, https:\/\/blogsaverroes.juntadeandalucia.es\/adersa2\/files\/2019\/02\/Plazo-admisi\u00f3n-1100x395-48x17.jpg 48w\" sizes=\"(max-width: 660px) 100vw, 660px\" \/><\/a>Durante todo el mes de marzo permanecer\u00e1 abierto en Andaluc\u00eda el plazo para la presentaci\u00f3n de solicitudes de admisi\u00f3n correspondientes al curso escolar 2025\/2026 en la red de centros sostenidos con fondos p\u00fablicos. Se inicia de este modo el proceso de escolarizaci\u00f3n en el que participan todos los ni\u00f1os y ni\u00f1as que se incorporan por primera vez al sistema educativo, tanto en centros p\u00fablicos como privados concertados, as\u00ed como el alumnado que cambie de centro escolar.<\/p>\n<p>Entre los d\u00edas 1 y 31 de marzo, ambos inclusive, deber\u00e1n presentar su solicitud los escolares de segundo ciclo de educaci\u00f3n infantil, educaci\u00f3n primaria, educaci\u00f3n especial, educaci\u00f3n secundaria obligatoria y bachillerato.<\/p>\n","protected":false},"excerpt":{"rendered":"<p>La Consejer\u00eda de Educaci\u00f3n convoca el procedimiento de admisi\u00f3n del alumnado en los centros docentes p\u00fablicos y privados concertados para cursar las ense\u00f1anzas de segundo ciclo de educaci\u00f3n infantil, educaci\u00f3n primaria, educaci\u00f3n especial, educaci\u00f3n&#46;&#46;&#46;<\/p>\n","protected":false},"author":4530,"featured_media":4196,"comment_status":"open","ping_status":"open","sticky":true,"template":"","format":"standard","meta":{"ngg_post_thumbnail":0,"footnotes":""},"categories":[25490,25494,25495,25496,25498],"tags":[580,1690895,307392,8689,1690892,1690894],"aioseo_notices":[],"_links":{"self":[{"href":"https:\/\/blogsaverroes.juntadeandalucia.es\/adersa2\/wp-json\/wp\/v2\/posts\/3264"}],"collection":[{"href":"https:\/\/blogsaverroes.juntadeandalucia.es\/adersa2\/wp-json\/wp\/v2\/posts"}],"about":[{"href":"https:\/\/blogsaverroes.juntadeandalucia.es\/adersa2\/wp-json\/wp\/v2\/types\/post"}],"author":[{"embeddable":true,"href":"https:\/\/blogsaverroes.juntadeandalucia.es\/adersa2\/wp-json\/wp\/v2\/users\/4530"}],"replies":[{"embeddable":true,"href":"https:\/\/blogsaverroes.juntadeandalucia.es\/adersa2\/wp-json\/wp\/v2\/comments?post=3264"}],"version-history":[{"count":32,"href":"https:\/\/blogsaverroes.juntadeandalucia.es\/adersa2\/wp-json\/wp\/v2\/posts\/3264\/revisions"}],"predecessor-version":[{"id":7558,"href":"https:\/\/blogsaverroes.juntadeandalucia.es\/adersa2\/wp-json\/wp\/v2\/posts\/3264\/revisions\/7558"}],"wp:featuredmedia":[{"embeddable":true,"href":"https:\/\/blogsaverroes.juntadeandalucia.es\/adersa2\/wp-json\/wp\/v2\/media\/4196"}],"wp:attachment":[{"href":"https:\/\/blogsaverroes.juntadeandalucia.es\/adersa2\/wp-json\/wp\/v2\/media?parent=3264"}],"wp:term":[{"taxonomy":"category","embeddable":true,"href":"https:\/\/blogsaverroes.juntadeandalucia.es\/adersa2\/wp-json\/wp\/v2\/categories?post=3264"},{"taxonomy":"post_tag","embeddable":true,"href":"https:\/\/blogsaverroes.juntadeandalucia.es\/adersa2\/wp-json\/wp\/v2\/tags?post=3264"}],"curies":[{"name":"wp","href":"https:\/\/api.w.org\/{rel}","templated":true}]}}