{"id":3774,"date":"2019-02-20T08:32:04","date_gmt":"2019-02-20T08:32:04","guid":{"rendered":"https:\/\/blogsaverroes.juntadeandalucia.es\/adersa2\/?p=3774"},"modified":"2019-05-24T09:05:52","modified_gmt":"2019-05-24T09:05:52","slug":"estilos-de-vida-saludable","status":"publish","type":"post","link":"https:\/\/blogsaverroes.juntadeandalucia.es\/adersa2\/2019\/02\/20\/estilos-de-vida-saludable\/","title":{"rendered":"ESTILOS DE VIDA SALUDABLE"},"content":{"rendered":"<p>En el presente curso 2018\/19, nuestro C.P.R. ADERSA II se encuentra adscrito en el Programa de Creciendo en Salud&nbsp; (de la Consejer\u00eda de Educaci\u00f3n).<\/p>\n<p>En el d\u00eda de hoy se han realizado en cada una de las localidades que lo componen (Cortelazor La Real, Los Marines y Puerto Moral), una charla sobre h\u00e1bitos de vida saludable, en cuento a una alimentaci\u00f3n sana y equilibrada se refiere. La cual, ha sido llevada a cabo, por la m\u00e9dica de nuestro EOE de Aracena (Alicia) y organizada por el equipo de h\u00e1bitos saludables de nuestro centro.<\/p>\n<p>La charla va dirigida hacia todo el alumnado de nuestro centro, principalmente, y es de destacar la participaci\u00f3n familiar en dicha ponencia, ya que son los padres, madres, los principales responsables de la alimentaci\u00f3n de sus hijos.<\/p>\n<p>Entre los&nbsp;&nbsp;puntos importantes a tratar en \u00e9sta, son:<\/p>\n<ul>\n<li>Concienciar al alumnado, pero sobre&nbsp; sobre todo a sus progenitores, sobre la importancia que tiene hoy en d\u00eda los h\u00e1bitos de vida saludable, en cuento a la alimentaci\u00f3n se refiere. Ya que nuestro pa\u00eds es uno de los primeros nivel europeo y mundial con m\u00e1s indice de sobrepeso y de obesidad en la etapa escolar.&nbsp;<\/li>\n<li>Resaltar la gran importancia de hoy en d\u00eda, m\u00e1s a\u00fan, en la edad escolar, el tener como habito en nuestra nutrici\u00f3n, el consumo variado de frutas. No s\u00f3lo como h\u00e1bito saludable, sino tambi\u00e9n, como un medio de prevenci\u00f3n a futuras enfermedades (cardiovasculares, emocionales, sociales, &#8230;).<\/li>\n<li>No menos importante,&nbsp; es la pr\u00e1ctica rutinaria de cierta actividad f\u00edsica, ya que nos permite completar con cierta plenitud nuestro objetivo en cuanto a la alimentaci\u00f3n sana y equilibrada.<\/li>\n<li>Conseguir que el alumnado adquiera la informaci\u00f3n, la formaci\u00f3n y los valores necesarios para vivir una vida saludable, no s\u00f3lo por el consejo, o palabras textuales de sus padres, sino tambi\u00e9n desde el punto de vista medico\/cl\u00ednico.<\/li>\n<li>Potenciar, publicar y transferir a otras masas de nuestro contexto social, todos los aspectos positivos y de prevenci\u00f3n que conlleva \u00e9sta pr\u00e1ctica de h\u00e1bitos. Con la consecuente mejora en la autonom\u00eda e iniciativa personal.&nbsp;<\/li>\n<li>Mejorar el rendimiento acad\u00e9mico, facilitando al alumnado las claves&nbsp; y pautas necesarias para llevarlo a cabo.<\/li>\n<li>Ayudarnos a nosotros mismos a ser mejor persona, tanto a nivel personal como social.&nbsp;<\/li>\n<\/ul>\nngg_shortcode_0_placeholder\n","protected":false},"excerpt":{"rendered":"<p>En el presente curso 2018\/19, nuestro C.P.R. ADERSA II se encuentra adscrito en el Programa de Creciendo en Salud&nbsp; (de la Consejer\u00eda de Educaci\u00f3n). En el d\u00eda de hoy se han realizado en cada&#46;&#46;&#46;<\/p>\n","protected":false},"author":4530,"featured_media":3791,"comment_status":"open","ping_status":"open","sticky":false,"template":"","format":"standard","meta":{"ngg_post_thumbnail":0,"footnotes":""},"categories":[5991,526],"tags":[32,1110,278],"aioseo_notices":[],"_links":{"self":[{"href":"https:\/\/blogsaverroes.juntadeandalucia.es\/adersa2\/wp-json\/wp\/v2\/posts\/3774"}],"collection":[{"href":"https:\/\/blogsaverroes.juntadeandalucia.es\/adersa2\/wp-json\/wp\/v2\/posts"}],"about":[{"href":"https:\/\/blogsaverroes.juntadeandalucia.es\/adersa2\/wp-json\/wp\/v2\/types\/post"}],"author":[{"embeddable":true,"href":"https:\/\/blogsaverroes.juntadeandalucia.es\/adersa2\/wp-json\/wp\/v2\/users\/4530"}],"replies":[{"embeddable":true,"href":"https:\/\/blogsaverroes.juntadeandalucia.es\/adersa2\/wp-json\/wp\/v2\/comments?post=3774"}],"version-history":[{"count":4,"href":"https:\/\/blogsaverroes.juntadeandalucia.es\/adersa2\/wp-json\/wp\/v2\/posts\/3774\/revisions"}],"predecessor-version":[{"id":3790,"href":"https:\/\/blogsaverroes.juntadeandalucia.es\/adersa2\/wp-json\/wp\/v2\/posts\/3774\/revisions\/3790"}],"wp:featuredmedia":[{"embeddable":true,"href":"https:\/\/blogsaverroes.juntadeandalucia.es\/adersa2\/wp-json\/wp\/v2\/media\/3791"}],"wp:attachment":[{"href":"https:\/\/blogsaverroes.juntadeandalucia.es\/adersa2\/wp-json\/wp\/v2\/media?parent=3774"}],"wp:term":[{"taxonomy":"category","embeddable":true,"href":"https:\/\/blogsaverroes.juntadeandalucia.es\/adersa2\/wp-json\/wp\/v2\/categories?post=3774"},{"taxonomy":"post_tag","embeddable":true,"href":"https:\/\/blogsaverroes.juntadeandalucia.es\/adersa2\/wp-json\/wp\/v2\/tags?post=3774"}],"curies":[{"name":"wp","href":"https:\/\/api.w.org\/{rel}","templated":true}]}}