{"id":3952,"date":"2019-02-25T10:44:01","date_gmt":"2019-02-25T10:44:01","guid":{"rendered":"https:\/\/blogsaverroes.juntadeandalucia.es\/adersa2\/?p=3952"},"modified":"2019-04-10T08:55:48","modified_gmt":"2019-04-10T08:55:48","slug":"la-chandeleur-2","status":"publish","type":"post","link":"https:\/\/blogsaverroes.juntadeandalucia.es\/adersa2\/2019\/02\/25\/la-chandeleur-2\/","title":{"rendered":"LA CHANDELEUR"},"content":{"rendered":"<h2>Festejamos la CHANDELEUR, en nuestro CPR ADERSA II y trabajamos textos en franc\u00e9s, a trav\u00e9s de la elaboraci\u00f3n y degustaci\u00f3n de cr\u00eapes.<\/h2>\n<p><a href=\"https:\/\/blogsaverroes.juntadeandalucia.es\/adersa2\/files\/2019\/02\/elaboraci\u00f3n-cr\u00eapes.png\"><img loading=\"lazy\" decoding=\"async\" class=\"aligncenter size-full wp-image-3953\" src=\"https:\/\/blogsaverroes.juntadeandalucia.es\/adersa2\/files\/2019\/02\/elaboraci\u00f3n-cr\u00eapes.png\" alt=\"elaboraci\u00f3n cr\u00eapes\" width=\"530\" height=\"707\" srcset=\"https:\/\/blogsaverroes.juntadeandalucia.es\/adersa2\/files\/2019\/02\/elaboraci\u00f3n-cr\u00eapes.png 530w, https:\/\/blogsaverroes.juntadeandalucia.es\/adersa2\/files\/2019\/02\/elaboraci\u00f3n-cr\u00eapes-225x300.png 225w, https:\/\/blogsaverroes.juntadeandalucia.es\/adersa2\/files\/2019\/02\/elaboraci\u00f3n-cr\u00eapes-18x24.png 18w, https:\/\/blogsaverroes.juntadeandalucia.es\/adersa2\/files\/2019\/02\/elaboraci\u00f3n-cr\u00eapes-27x36.png 27w, https:\/\/blogsaverroes.juntadeandalucia.es\/adersa2\/files\/2019\/02\/elaboraci\u00f3n-cr\u00eapes-36x48.png 36w\" sizes=\"(max-width: 530px) 100vw, 530px\" \/><\/a><\/p>\n<p>La Chandeleur se f\u00eate le 2 f\u00e9vrier, 40 jours apr\u00e8s No\u00ebl. Appel\u00e9e aussi la F\u00eate des Chandelles, tous les ans la tradition veut que l\u2019on cuisine plein de d\u00e9licieuses cr\u00eapes \u00e0 d\u00e9guster avec famille et amis.<\/p>\n<p>Mais d\u2019o\u00f9 vient cette bonne tradition?&nbsp;<\/p>\n<p>Cette f\u00eate a son&nbsp;<strong>origine<\/strong>&nbsp;\u00e0 l\u2019\u00e9poque des Romains et c\u2019\u00e9tait une f\u00eate en l\u2019honneur du dieu Pan: toute la nuit, les gens marchaient dans la rue en agitant des&nbsp;<strong>flambeaux<\/strong>; c\u2019est pour cela qu\u2019on dit que c\u2019est la f\u00eate des&nbsp;<strong>chandelles<\/strong>&nbsp;(la Chandeleur).<\/p>\n<p>En 472, le Pape G\u00e9lase I a christianis\u00e9 la f\u00eate,&nbsp;qui deviendra la c\u00e9l\u00e9bration de la pr\u00e9sentation de J\u00e9sus au temple.<\/p>\n<p>Et pourquoi les&nbsp;<strong>cr\u00eapes<\/strong>?<\/p>\n<p>On disait que si on ne faisait pas de cr\u00eapes, le bl\u00e9 serait mauvais et ils seraient donc pauvres toute l\u2019ann\u00e9e.&nbsp;D\u2019ailleurs, en faisant les cr\u00eapes, il faut respecter une autre coutume, celle de la pi\u00e8ce d\u2019or. En effet, les paysans faisaient sauter la premi\u00e8re cr\u00eape&nbsp;avec la main droite tout en tenant une pi\u00e8ce d\u2019or dans la main gauche. Aujourd\u2019hui tout le monde mange des cr\u00eapes \u00e0 la Chandeleur!<\/p>\nngg_shortcode_0_placeholder\n","protected":false},"excerpt":{"rendered":"<p>Festejamos la CHANDELEUR, en nuestro CPR ADERSA II y trabajamos textos en franc\u00e9s, a trav\u00e9s de la elaboraci\u00f3n y degustaci\u00f3n de cr\u00eapes. La Chandeleur se f\u00eate le 2 f\u00e9vrier, 40 jours apr\u00e8s No\u00ebl. Appel\u00e9e&#46;&#46;&#46;<\/p>\n","protected":false},"author":4530,"featured_media":3955,"comment_status":"open","ping_status":"open","sticky":false,"template":"","format":"standard","meta":{"ngg_post_thumbnail":0,"footnotes":""},"categories":[25495,25496],"tags":[32,307392,51],"aioseo_notices":[],"_links":{"self":[{"href":"https:\/\/blogsaverroes.juntadeandalucia.es\/adersa2\/wp-json\/wp\/v2\/posts\/3952"}],"collection":[{"href":"https:\/\/blogsaverroes.juntadeandalucia.es\/adersa2\/wp-json\/wp\/v2\/posts"}],"about":[{"href":"https:\/\/blogsaverroes.juntadeandalucia.es\/adersa2\/wp-json\/wp\/v2\/types\/post"}],"author":[{"embeddable":true,"href":"https:\/\/blogsaverroes.juntadeandalucia.es\/adersa2\/wp-json\/wp\/v2\/users\/4530"}],"replies":[{"embeddable":true,"href":"https:\/\/blogsaverroes.juntadeandalucia.es\/adersa2\/wp-json\/wp\/v2\/comments?post=3952"}],"version-history":[{"count":4,"href":"https:\/\/blogsaverroes.juntadeandalucia.es\/adersa2\/wp-json\/wp\/v2\/posts\/3952\/revisions"}],"predecessor-version":[{"id":3972,"href":"https:\/\/blogsaverroes.juntadeandalucia.es\/adersa2\/wp-json\/wp\/v2\/posts\/3952\/revisions\/3972"}],"wp:featuredmedia":[{"embeddable":true,"href":"https:\/\/blogsaverroes.juntadeandalucia.es\/adersa2\/wp-json\/wp\/v2\/media\/3955"}],"wp:attachment":[{"href":"https:\/\/blogsaverroes.juntadeandalucia.es\/adersa2\/wp-json\/wp\/v2\/media?parent=3952"}],"wp:term":[{"taxonomy":"category","embeddable":true,"href":"https:\/\/blogsaverroes.juntadeandalucia.es\/adersa2\/wp-json\/wp\/v2\/categories?post=3952"},{"taxonomy":"post_tag","embeddable":true,"href":"https:\/\/blogsaverroes.juntadeandalucia.es\/adersa2\/wp-json\/wp\/v2\/tags?post=3952"}],"curies":[{"name":"wp","href":"https:\/\/api.w.org\/{rel}","templated":true}]}}