{"id":1059,"date":"2022-08-02T13:52:38","date_gmt":"2022-08-02T12:52:38","guid":{"rendered":"https:\/\/blogsaverroes.juntadeandalucia.es\/administrandot\/?p=1059"},"modified":"2022-08-02T13:52:38","modified_gmt":"2022-08-02T12:52:38","slug":"plan-de-formacion","status":"publish","type":"post","link":"https:\/\/blogsaverroes.juntadeandalucia.es\/administrandot\/2022\/08\/02\/plan-de-formacion\/","title":{"rendered":"Plan de formaci\u00f3n"},"content":{"rendered":"<p>La formaci\u00f3n en la empresa es un pilar fundamental del departamento de RRHH y en el desarrollo de la empresa.<\/p>\n<p>Como ya hemos comentado en Evaluaci\u00f3n del desempe\u00f1o, \u00e9ste puede ser un punto de partida para establecer un plan de formaci\u00f3n, aunque tampoco podemos olvidar los objetivos de la empresa para que la formaci\u00f3n sea acorde a los fines de la misma.<\/p>\n<p>Como cualquier plan, debe ajustarse a unas fases:<\/p>\n<ol>\n<li>An\u00e1lisis de las necesidades de formaci\u00f3n.<\/li>\n<li>Establecimiento de la formaci\u00f3n m\u00e1s adecuada y los destinatarios de la misma. Tambi\u00e9n debemos concretar cu\u00e1ndo y c\u00f3mo se realizar\u00e1.<\/li>\n<li>Ejecuci\u00f3n de la formaci\u00f3n: realizaci\u00f3n de la misma.<\/li>\n<li>Evaluaci\u00f3n de la formaci\u00f3n para saber si se han cumplido los objetivos que se quer\u00edan cumplir.<\/li>\n<\/ol>\n<p>En el siguiente v\u00eddeo puede verse c\u00f3mo debe realizarse un plan de formaci\u00f3n en la empresa:<\/p>\n<p><iframe loading=\"lazy\" title=\"Tutorial: RR HH - Desarrollo Plan de Formaci\u00f3n\" width=\"500\" height=\"281\" src=\"https:\/\/www.youtube.com\/embed\/xfrRIwjw72k?feature=oembed&#038;wmode=opaque\" frameborder=\"0\" allow=\"accelerometer; autoplay; clipboard-write; encrypted-media; gyroscope; picture-in-picture\" allowfullscreen><\/iframe><\/p>\n<p>&nbsp;<br \/>\nImagen de <a href=\"https:\/\/pixabay.com\/es\/users\/geralt-9301\/?utm_source=link-attribution&amp;utm_medium=referral&amp;utm_campaign=image&amp;utm_content=2606533\">Gerd Altmann<\/a> en <a href=\"https:\/\/pixabay.com\/es\/\/?utm_source=link-attribution&amp;utm_medium=referral&amp;utm_campaign=image&amp;utm_content=2606533\">Pixabay<\/a><\/p>\n","protected":false},"excerpt":{"rendered":"<p>La formaci\u00f3n en la empresa es un pilar fundamental del departamento de RRHH y en el desarrollo de la empresa. Como ya hemos comentado en Evaluaci\u00f3n del desempe\u00f1o, \u00e9ste puede ser un punto de partida para establecer un plan de&#46;&#46;&#46;<\/p>\n","protected":false},"author":10364,"featured_media":1103,"comment_status":"open","ping_status":"open","sticky":false,"template":"","format":"standard","meta":{"ngg_post_thumbnail":0,"footnotes":""},"categories":[14],"tags":[],"aioseo_notices":[],"_links":{"self":[{"href":"https:\/\/blogsaverroes.juntadeandalucia.es\/administrandot\/wp-json\/wp\/v2\/posts\/1059"}],"collection":[{"href":"https:\/\/blogsaverroes.juntadeandalucia.es\/administrandot\/wp-json\/wp\/v2\/posts"}],"about":[{"href":"https:\/\/blogsaverroes.juntadeandalucia.es\/administrandot\/wp-json\/wp\/v2\/types\/post"}],"author":[{"embeddable":true,"href":"https:\/\/blogsaverroes.juntadeandalucia.es\/administrandot\/wp-json\/wp\/v2\/users\/10364"}],"replies":[{"embeddable":true,"href":"https:\/\/blogsaverroes.juntadeandalucia.es\/administrandot\/wp-json\/wp\/v2\/comments?post=1059"}],"version-history":[{"count":2,"href":"https:\/\/blogsaverroes.juntadeandalucia.es\/administrandot\/wp-json\/wp\/v2\/posts\/1059\/revisions"}],"predecessor-version":[{"id":1104,"href":"https:\/\/blogsaverroes.juntadeandalucia.es\/administrandot\/wp-json\/wp\/v2\/posts\/1059\/revisions\/1104"}],"wp:featuredmedia":[{"embeddable":true,"href":"https:\/\/blogsaverroes.juntadeandalucia.es\/administrandot\/wp-json\/wp\/v2\/media\/1103"}],"wp:attachment":[{"href":"https:\/\/blogsaverroes.juntadeandalucia.es\/administrandot\/wp-json\/wp\/v2\/media?parent=1059"}],"wp:term":[{"taxonomy":"category","embeddable":true,"href":"https:\/\/blogsaverroes.juntadeandalucia.es\/administrandot\/wp-json\/wp\/v2\/categories?post=1059"},{"taxonomy":"post_tag","embeddable":true,"href":"https:\/\/blogsaverroes.juntadeandalucia.es\/administrandot\/wp-json\/wp\/v2\/tags?post=1059"}],"curies":[{"name":"wp","href":"https:\/\/api.w.org\/{rel}","templated":true}]}}