{"id":462,"date":"2021-09-26T13:37:41","date_gmt":"2021-09-26T12:37:41","guid":{"rendered":"https:\/\/blogsaverroes.juntadeandalucia.es\/administrandot\/?p=462"},"modified":"2022-08-02T13:58:43","modified_gmt":"2022-08-02T12:58:43","slug":"el-iva","status":"publish","type":"post","link":"https:\/\/blogsaverroes.juntadeandalucia.es\/administrandot\/2021\/09\/26\/el-iva\/","title":{"rendered":"El IVA"},"content":{"rendered":"<p>El impuesto sobre el valor a\u00f1adido es soportado por los consumidores de bienes y servicios, sin embargo, existen algunas compraventas que no est\u00e1n sujetas a IVA.<\/p>\n<p>El IVA tiene tres tipos impositivos:<\/p>\n<ul>\n<li>Tipo superreducido: 4% =&gt; Para material primas y alimentos b\u00e1sicos.<\/li>\n<li>Tipo reducido: 10% =&gt; Para productos de alimentaci\u00f3n.<\/li>\n<li>Tipo general: 21% =&gt; Aplicable con car\u00e1cter general.<\/li>\n<\/ul>\n<p>En <a href=\"http:\/\/wp.wke.es\/web\/nuevo_IVA\/default_1.asp\">esta herramienta de Wolters Kluwer y Taric<\/a>, puede buscar el tipo impositivo aplicable a cada producto\/servicio.<\/p>\n<p>En el siguiente v\u00eddeo se explican de forma b\u00e1sica el Impuesto sobre el Valora A\u00f1adido:<\/p>\n<p><iframe loading=\"lazy\" title=\"\u00bfQu\u00e9 es el IVA y c\u00f3mo funciona? \u2705 | Econom\u00eda de la empresa 133#\" width=\"500\" height=\"281\" src=\"https:\/\/www.youtube.com\/embed\/4ZXc4cmOlNM?feature=oembed&#038;wmode=opaque\" frameborder=\"0\" allow=\"accelerometer; autoplay; clipboard-write; encrypted-media; gyroscope; picture-in-picture\" allowfullscreen><\/iframe><\/p>\n<p>&nbsp;<\/p>\n<hr>\n<h3 style=\"text-align: center\">EXPLICACI\u00d3N IVA A FONDO<\/h3>\n<p>En este primer v\u00eddeo se explican los conceptos del IVA al nivel que tenemos que verlo en el CFGS:<\/p>\n<p><iframe loading=\"lazy\" title=\"CONCEPTOS B\u00c1SICOS DE IVA 1\" width=\"500\" height=\"281\" src=\"https:\/\/www.youtube.com\/embed\/VsX8GjNaguQ?feature=oembed&#038;wmode=opaque\" frameborder=\"0\" allow=\"accelerometer; autoplay; clipboard-write; encrypted-media; gyroscope; picture-in-picture\" allowfullscreen><\/iframe><\/p>\n<p>&nbsp;<\/p>\n<p>En este segundo v\u00eddeo contin\u00faa la explicaci\u00f3n:<\/p>\n<p><iframe loading=\"lazy\" title=\"CONCEPTOS B\u00c1SICOS DE IVA 2\" width=\"500\" height=\"281\" src=\"https:\/\/www.youtube.com\/embed\/FwHBCLqrd0I?feature=oembed&#038;wmode=opaque\" frameborder=\"0\" allow=\"accelerometer; autoplay; clipboard-write; encrypted-media; gyroscope; picture-in-picture\" allowfullscreen><\/iframe><\/p>\n<p>&nbsp;<\/p>\n<p>En este <a href=\"https:\/\/youtu.be\/e0NA9IkJl5s\">otro v\u00eddeo<\/a> puedes ver c\u00f3mo se rellena el modelo 303 de liquidaci\u00f3n de IVA.<\/p>\n<p>&nbsp;<\/p>\n<hr>\n<h3 style=\"text-align: center\">RECARGO DE EQUIVALENCIA<\/h3>\n<p>En este v\u00eddeo puede verse un ejemplo de c\u00f3mo funciona el recargo de equivalencia:<\/p>\n<p><iframe loading=\"lazy\" title=\"Paloma Tobes   Impuesto Valor A\u00f1adido   Recargo de de Equivalencia\" width=\"500\" height=\"281\" src=\"https:\/\/www.youtube.com\/embed\/bNLhKsCY9bE?feature=oembed&#038;wmode=opaque\" frameborder=\"0\" allow=\"accelerometer; autoplay; clipboard-write; encrypted-media; gyroscope; picture-in-picture\" allowfullscreen><\/iframe><\/p>\n<p>Imagen de <a href=\"https:\/\/pixabay.com\/es\/users\/mohamed_hassan-5229782\/?utm_source=link-attribution&amp;utm_medium=referral&amp;utm_campaign=image&amp;utm_content=4184607\">mohamed Hassan<\/a> en <a href=\"https:\/\/pixabay.com\/es\/?utm_source=link-attribution&amp;utm_medium=referral&amp;utm_campaign=image&amp;utm_content=4184607\">Pixabay<\/a><\/p>\n","protected":false},"excerpt":{"rendered":"<p>El impuesto sobre el valor a\u00f1adido es soportado por los consumidores de bienes y servicios, sin embargo, existen algunas compraventas que no est\u00e1n sujetas a IVA. El IVA tiene tres tipos impositivos: Tipo superreducido: 4% =&gt; Para material primas y&#46;&#46;&#46;<\/p>\n","protected":false},"author":10364,"featured_media":629,"comment_status":"open","ping_status":"open","sticky":false,"template":"","format":"standard","meta":{"ngg_post_thumbnail":0,"footnotes":""},"categories":[10],"tags":[],"aioseo_notices":[],"_links":{"self":[{"href":"https:\/\/blogsaverroes.juntadeandalucia.es\/administrandot\/wp-json\/wp\/v2\/posts\/462"}],"collection":[{"href":"https:\/\/blogsaverroes.juntadeandalucia.es\/administrandot\/wp-json\/wp\/v2\/posts"}],"about":[{"href":"https:\/\/blogsaverroes.juntadeandalucia.es\/administrandot\/wp-json\/wp\/v2\/types\/post"}],"author":[{"embeddable":true,"href":"https:\/\/blogsaverroes.juntadeandalucia.es\/administrandot\/wp-json\/wp\/v2\/users\/10364"}],"replies":[{"embeddable":true,"href":"https:\/\/blogsaverroes.juntadeandalucia.es\/administrandot\/wp-json\/wp\/v2\/comments?post=462"}],"version-history":[{"count":6,"href":"https:\/\/blogsaverroes.juntadeandalucia.es\/administrandot\/wp-json\/wp\/v2\/posts\/462\/revisions"}],"predecessor-version":[{"id":1106,"href":"https:\/\/blogsaverroes.juntadeandalucia.es\/administrandot\/wp-json\/wp\/v2\/posts\/462\/revisions\/1106"}],"wp:featuredmedia":[{"embeddable":true,"href":"https:\/\/blogsaverroes.juntadeandalucia.es\/administrandot\/wp-json\/wp\/v2\/media\/629"}],"wp:attachment":[{"href":"https:\/\/blogsaverroes.juntadeandalucia.es\/administrandot\/wp-json\/wp\/v2\/media?parent=462"}],"wp:term":[{"taxonomy":"category","embeddable":true,"href":"https:\/\/blogsaverroes.juntadeandalucia.es\/administrandot\/wp-json\/wp\/v2\/categories?post=462"},{"taxonomy":"post_tag","embeddable":true,"href":"https:\/\/blogsaverroes.juntadeandalucia.es\/administrandot\/wp-json\/wp\/v2\/tags?post=462"}],"curies":[{"name":"wp","href":"https:\/\/api.w.org\/{rel}","templated":true}]}}