{"id":242,"date":"2020-04-29T10:28:02","date_gmt":"2020-04-29T08:28:02","guid":{"rendered":"https:\/\/blogsaverroes.juntadeandalucia.es\/aeceipsantaana\/?p=242"},"modified":"2020-04-29T10:29:51","modified_gmt":"2020-04-29T08:29:51","slug":"242","status":"publish","type":"post","link":"https:\/\/blogsaverroes.juntadeandalucia.es\/aeceipsantaana\/2020\/04\/29\/242\/","title":{"rendered":"Busca el intruso"},"content":{"rendered":"<p><a href=\"https:\/\/blogsaverroes.juntadeandalucia.es\/aeceipsantaana\/files\/2020\/04\/PENSAR.png\"><img loading=\"lazy\" decoding=\"async\" class=\"alignnone size-full wp-image-243\" src=\"https:\/\/blogsaverroes.juntadeandalucia.es\/aeceipsantaana\/files\/2020\/04\/PENSAR.png\" alt=\"\" width=\"150\" height=\"150\" srcset=\"https:\/\/blogsaverroes.juntadeandalucia.es\/aeceipsantaana\/files\/2020\/04\/PENSAR.png 150w, https:\/\/blogsaverroes.juntadeandalucia.es\/aeceipsantaana\/files\/2020\/04\/PENSAR-100x100.png 100w, https:\/\/blogsaverroes.juntadeandalucia.es\/aeceipsantaana\/files\/2020\/04\/PENSAR-24x24.png 24w, https:\/\/blogsaverroes.juntadeandalucia.es\/aeceipsantaana\/files\/2020\/04\/PENSAR-36x36.png 36w, https:\/\/blogsaverroes.juntadeandalucia.es\/aeceipsantaana\/files\/2020\/04\/PENSAR-48x48.png 48w\" sizes=\"(max-width: 150px) 100vw, 150px\" \/><\/a>&nbsp; &nbsp;&nbsp;<span style=\"font-size: 24pt\"><span style=\"color: #800080\">\u00bfPENSAMOS QU\u00c9 SOBRA?<\/span> En el siguiete video Eugenia Romero nos propone poner en pr\u00e1ctica nuestra observaci\u00f3n y memoria. Solo tienes que decir que imagen no est\u00e1 relacionada con las dem\u00e1s.&nbsp;<\/span><\/p>\n<p>&nbsp;<\/p>\n<p><iframe loading=\"lazy\" title=\"Busca el intruso | Categor\u00edas sem\u00e1nticas\" width=\"500\" height=\"281\" src=\"https:\/\/www.youtube.com\/embed\/-7P7uy7ZXiA?start=11&#038;feature=oembed&#038;wmode=opaque\" frameborder=\"0\" allow=\"accelerometer; autoplay; clipboard-write; encrypted-media; gyroscope; picture-in-picture\" allowfullscreen><\/iframe><\/p>\n","protected":false},"excerpt":{"rendered":"<p>&nbsp; &nbsp;&nbsp;\u00bfPENSAMOS QU\u00c9 SOBRA? En el siguiete video Eugenia Romero nos propone poner en pr\u00e1ctica nuestra observaci\u00f3n y memoria. Solo tienes que decir que imagen no est\u00e1 relacionada con las dem\u00e1s.&nbsp; &nbsp;<\/p>\n","protected":false},"author":5816,"featured_media":0,"comment_status":"open","ping_status":"open","sticky":false,"template":"","format":"standard","meta":{"ngg_post_thumbnail":0,"footnotes":""},"categories":[14],"tags":[],"aioseo_notices":[],"_links":{"self":[{"href":"https:\/\/blogsaverroes.juntadeandalucia.es\/aeceipsantaana\/wp-json\/wp\/v2\/posts\/242"}],"collection":[{"href":"https:\/\/blogsaverroes.juntadeandalucia.es\/aeceipsantaana\/wp-json\/wp\/v2\/posts"}],"about":[{"href":"https:\/\/blogsaverroes.juntadeandalucia.es\/aeceipsantaana\/wp-json\/wp\/v2\/types\/post"}],"author":[{"embeddable":true,"href":"https:\/\/blogsaverroes.juntadeandalucia.es\/aeceipsantaana\/wp-json\/wp\/v2\/users\/5816"}],"replies":[{"embeddable":true,"href":"https:\/\/blogsaverroes.juntadeandalucia.es\/aeceipsantaana\/wp-json\/wp\/v2\/comments?post=242"}],"version-history":[{"count":2,"href":"https:\/\/blogsaverroes.juntadeandalucia.es\/aeceipsantaana\/wp-json\/wp\/v2\/posts\/242\/revisions"}],"predecessor-version":[{"id":245,"href":"https:\/\/blogsaverroes.juntadeandalucia.es\/aeceipsantaana\/wp-json\/wp\/v2\/posts\/242\/revisions\/245"}],"wp:attachment":[{"href":"https:\/\/blogsaverroes.juntadeandalucia.es\/aeceipsantaana\/wp-json\/wp\/v2\/media?parent=242"}],"wp:term":[{"taxonomy":"category","embeddable":true,"href":"https:\/\/blogsaverroes.juntadeandalucia.es\/aeceipsantaana\/wp-json\/wp\/v2\/categories?post=242"},{"taxonomy":"post_tag","embeddable":true,"href":"https:\/\/blogsaverroes.juntadeandalucia.es\/aeceipsantaana\/wp-json\/wp\/v2\/tags?post=242"}],"curies":[{"name":"wp","href":"https:\/\/api.w.org\/{rel}","templated":true}]}}