{"id":647,"date":"2020-06-08T09:16:35","date_gmt":"2020-06-08T07:16:35","guid":{"rendered":"https:\/\/blogsaverroes.juntadeandalucia.es\/aeceipsantaana\/?p=647"},"modified":"2020-06-08T09:16:35","modified_gmt":"2020-06-08T07:16:35","slug":"leemos-la-silaba-su","status":"publish","type":"post","link":"https:\/\/blogsaverroes.juntadeandalucia.es\/aeceipsantaana\/2020\/06\/08\/leemos-la-silaba-su\/","title":{"rendered":"Leemos la s\u00edlaba SU"},"content":{"rendered":"<p style=\"text-align: center\"><a href=\"https:\/\/blogsaverroes.juntadeandalucia.es\/aeceipsantaana\/files\/2020\/04\/LEER.png\"><img loading=\"lazy\" decoding=\"async\" class=\"alignnone size-full wp-image-264\" src=\"https:\/\/blogsaverroes.juntadeandalucia.es\/aeceipsantaana\/files\/2020\/04\/LEER.png\" alt=\"\" width=\"150\" height=\"150\" srcset=\"https:\/\/blogsaverroes.juntadeandalucia.es\/aeceipsantaana\/files\/2020\/04\/LEER.png 150w, https:\/\/blogsaverroes.juntadeandalucia.es\/aeceipsantaana\/files\/2020\/04\/LEER-100x100.png 100w, https:\/\/blogsaverroes.juntadeandalucia.es\/aeceipsantaana\/files\/2020\/04\/LEER-24x24.png 24w, https:\/\/blogsaverroes.juntadeandalucia.es\/aeceipsantaana\/files\/2020\/04\/LEER-36x36.png 36w, https:\/\/blogsaverroes.juntadeandalucia.es\/aeceipsantaana\/files\/2020\/04\/LEER-48x48.png 48w\" sizes=\"(max-width: 150px) 100vw, 150px\" \/><\/a><\/p>\n<p>Hoy toca leer y repasar la s\u00edlaba SU.&nbsp;<\/p>\n<p>Primero buscamos en casa cosas que empiecen por SU para activar la conciencia fonol\u00f3gica: suelo, sucio, subir, sumar, &#8230;<\/p>\n<p>Luego buscamos las s\u00edlabas SU en le archivo que os dejo abajo. Pinchad y a leer&#8230;.<\/p>\n<p style=\"text-align: center\"><span style=\"font-size: 24pt;font-family: impact, sans-serif;color: #000080\"><a style=\"color: #000080\" href=\"https:\/\/blogsaverroes.juntadeandalucia.es\/aeceipsantaana\/files\/2020\/06\/BUSCA-Y-SE\u00d1ALA-SU.pdf\">BUSCA Y SE\u00d1ALA SU<\/a><\/span><\/p>\n","protected":false},"excerpt":{"rendered":"<p>Hoy toca leer y repasar la s\u00edlaba SU.&nbsp; Primero buscamos en casa cosas que empiecen por SU para activar la conciencia fonol\u00f3gica: suelo, sucio, subir, sumar, &#8230; Luego buscamos las s\u00edlabas SU en le&#46;&#46;&#46;<\/p>\n","protected":false},"author":5816,"featured_media":0,"comment_status":"open","ping_status":"open","sticky":false,"template":"","format":"standard","meta":{"ngg_post_thumbnail":0,"footnotes":""},"categories":[10],"tags":[],"aioseo_notices":[],"_links":{"self":[{"href":"https:\/\/blogsaverroes.juntadeandalucia.es\/aeceipsantaana\/wp-json\/wp\/v2\/posts\/647"}],"collection":[{"href":"https:\/\/blogsaverroes.juntadeandalucia.es\/aeceipsantaana\/wp-json\/wp\/v2\/posts"}],"about":[{"href":"https:\/\/blogsaverroes.juntadeandalucia.es\/aeceipsantaana\/wp-json\/wp\/v2\/types\/post"}],"author":[{"embeddable":true,"href":"https:\/\/blogsaverroes.juntadeandalucia.es\/aeceipsantaana\/wp-json\/wp\/v2\/users\/5816"}],"replies":[{"embeddable":true,"href":"https:\/\/blogsaverroes.juntadeandalucia.es\/aeceipsantaana\/wp-json\/wp\/v2\/comments?post=647"}],"version-history":[{"count":1,"href":"https:\/\/blogsaverroes.juntadeandalucia.es\/aeceipsantaana\/wp-json\/wp\/v2\/posts\/647\/revisions"}],"predecessor-version":[{"id":649,"href":"https:\/\/blogsaverroes.juntadeandalucia.es\/aeceipsantaana\/wp-json\/wp\/v2\/posts\/647\/revisions\/649"}],"wp:attachment":[{"href":"https:\/\/blogsaverroes.juntadeandalucia.es\/aeceipsantaana\/wp-json\/wp\/v2\/media?parent=647"}],"wp:term":[{"taxonomy":"category","embeddable":true,"href":"https:\/\/blogsaverroes.juntadeandalucia.es\/aeceipsantaana\/wp-json\/wp\/v2\/categories?post=647"},{"taxonomy":"post_tag","embeddable":true,"href":"https:\/\/blogsaverroes.juntadeandalucia.es\/aeceipsantaana\/wp-json\/wp\/v2\/tags?post=647"}],"curies":[{"name":"wp","href":"https:\/\/api.w.org\/{rel}","templated":true}]}}