{"id":1150,"date":"2022-04-15T09:35:35","date_gmt":"2022-04-15T08:35:35","guid":{"rendered":"https:\/\/blogsaverroes.juntadeandalucia.es\/aelius\/?p=1150"},"modified":"2022-04-15T09:35:35","modified_gmt":"2022-04-15T08:35:35","slug":"ecoboletin-de-abril-de-2022","status":"publish","type":"post","link":"https:\/\/blogsaverroes.juntadeandalucia.es\/aelius\/ecoboletin-de-abril-de-2022\/","title":{"rendered":"Ecobolet\u00edn de abril de 2022"},"content":{"rendered":"<p>Llega abril y la primavera comienza a hacerse presente en nuestros d\u00edas. En este mes os proponemos que cuidemos nuestro entorno natural, pero el m\u00e1s cercano: parques, jardines y huertos de familiares y amigos. Debemos empezar cuidando nuestro medio m\u00e1s pr\u00f3ximo y en el que realizamos la mayor\u00eda de nuestras acciones.<\/p>\n<p>Este <a href=\"https:\/\/drive.google.com\/file\/d\/1YCRyWQZ5bBE_j5VY_IOpJ41bvGfPXhU1\/view?usp=sharing\">ecobolet\u00edn<\/a> os propone un reto muy interesante: planta la semilla de una planta y cu\u00eddala para que crezca. \u00bfAceptas el reto? \u00a1Cu\u00e9ntanoslo en clase!<\/p>\n","protected":false},"excerpt":{"rendered":"<p>Llega abril y la primavera comienza a hacerse presente en nuestros d\u00edas. En este mes os proponemos que cuidemos nuestro entorno natural, pero el m\u00e1s cercano: parques, jardines y huertos de familiares y amigos. Debemos empezar cuidando nuestro medio m\u00e1s pr\u00f3ximo y en el que realizamos la mayor\u00eda de nuestras acciones. Este ecobolet\u00edn os propone [&hellip;]<\/p>\n","protected":false},"author":11487,"featured_media":0,"comment_status":"closed","ping_status":"open","sticky":false,"template":"","format":"standard","meta":{"_et_pb_use_builder":"","_et_pb_old_content":"","_et_gb_content_width":"","ngg_post_thumbnail":0,"footnotes":""},"categories":[10,3],"tags":[],"aioseo_notices":[],"_links":{"self":[{"href":"https:\/\/blogsaverroes.juntadeandalucia.es\/aelius\/wp-json\/wp\/v2\/posts\/1150"}],"collection":[{"href":"https:\/\/blogsaverroes.juntadeandalucia.es\/aelius\/wp-json\/wp\/v2\/posts"}],"about":[{"href":"https:\/\/blogsaverroes.juntadeandalucia.es\/aelius\/wp-json\/wp\/v2\/types\/post"}],"author":[{"embeddable":true,"href":"https:\/\/blogsaverroes.juntadeandalucia.es\/aelius\/wp-json\/wp\/v2\/users\/11487"}],"replies":[{"embeddable":true,"href":"https:\/\/blogsaverroes.juntadeandalucia.es\/aelius\/wp-json\/wp\/v2\/comments?post=1150"}],"version-history":[{"count":1,"href":"https:\/\/blogsaverroes.juntadeandalucia.es\/aelius\/wp-json\/wp\/v2\/posts\/1150\/revisions"}],"predecessor-version":[{"id":1151,"href":"https:\/\/blogsaverroes.juntadeandalucia.es\/aelius\/wp-json\/wp\/v2\/posts\/1150\/revisions\/1151"}],"wp:attachment":[{"href":"https:\/\/blogsaverroes.juntadeandalucia.es\/aelius\/wp-json\/wp\/v2\/media?parent=1150"}],"wp:term":[{"taxonomy":"category","embeddable":true,"href":"https:\/\/blogsaverroes.juntadeandalucia.es\/aelius\/wp-json\/wp\/v2\/categories?post=1150"},{"taxonomy":"post_tag","embeddable":true,"href":"https:\/\/blogsaverroes.juntadeandalucia.es\/aelius\/wp-json\/wp\/v2\/tags?post=1150"}],"curies":[{"name":"wp","href":"https:\/\/api.w.org\/{rel}","templated":true}]}}