{"id":1160,"date":"2022-05-18T09:02:34","date_gmt":"2022-05-18T08:02:34","guid":{"rendered":"https:\/\/blogsaverroes.juntadeandalucia.es\/aelius\/?p=1160"},"modified":"2022-05-18T09:02:34","modified_gmt":"2022-05-18T08:02:34","slug":"ecoboletin-de-mayo-de-2022","status":"publish","type":"post","link":"https:\/\/blogsaverroes.juntadeandalucia.es\/aelius\/ecoboletin-de-mayo-de-2022\/","title":{"rendered":"Ecobolet\u00edn de Mayo de 2022"},"content":{"rendered":"<p>\u00a1Mayo ya est\u00e1 aqu\u00ed! Este mes se caracteriza por el buen tiempo, la alegr\u00eda y el florecer de las plantas. Un mes que invita a disfrutar de nuestros parajes naturales y, por supuesto, de manera responsable. En el <a href=\"https:\/\/drive.google.com\/file\/d\/1xn09LpnAGSiy7Z7Xr5UTJsombTk1dM72\/view?usp=sharing\">Ecobolet\u00edn<\/a> de este mes os proponemos la visita al sendero de las Bre\u00f1as, en Barbate.<\/p>\n<p>Para cuidar el medio ambiente necesitamos reducir el consumo y, por ello, deb\u00e9is comprar solo aquellos productos que necesit\u00e9is y dejar de adquirir productos innecesarios. Reutiliza tu ropa y custom\u00edzala de manera personalizada para reducir el consumo de bienes innecesarios.<\/p>\n","protected":false},"excerpt":{"rendered":"<p>\u00a1Mayo ya est\u00e1 aqu\u00ed! Este mes se caracteriza por el buen tiempo, la alegr\u00eda y el florecer de las plantas. Un mes que invita a disfrutar de nuestros parajes naturales y, por supuesto, de manera responsable. En el Ecobolet\u00edn de este mes os proponemos la visita al sendero de las Bre\u00f1as, en Barbate. Para cuidar [&hellip;]<\/p>\n","protected":false},"author":11487,"featured_media":0,"comment_status":"closed","ping_status":"open","sticky":false,"template":"","format":"standard","meta":{"_et_pb_use_builder":"","_et_pb_old_content":"","_et_gb_content_width":"","ngg_post_thumbnail":0,"footnotes":""},"categories":[10,3],"tags":[],"aioseo_notices":[],"_links":{"self":[{"href":"https:\/\/blogsaverroes.juntadeandalucia.es\/aelius\/wp-json\/wp\/v2\/posts\/1160"}],"collection":[{"href":"https:\/\/blogsaverroes.juntadeandalucia.es\/aelius\/wp-json\/wp\/v2\/posts"}],"about":[{"href":"https:\/\/blogsaverroes.juntadeandalucia.es\/aelius\/wp-json\/wp\/v2\/types\/post"}],"author":[{"embeddable":true,"href":"https:\/\/blogsaverroes.juntadeandalucia.es\/aelius\/wp-json\/wp\/v2\/users\/11487"}],"replies":[{"embeddable":true,"href":"https:\/\/blogsaverroes.juntadeandalucia.es\/aelius\/wp-json\/wp\/v2\/comments?post=1160"}],"version-history":[{"count":1,"href":"https:\/\/blogsaverroes.juntadeandalucia.es\/aelius\/wp-json\/wp\/v2\/posts\/1160\/revisions"}],"predecessor-version":[{"id":1161,"href":"https:\/\/blogsaverroes.juntadeandalucia.es\/aelius\/wp-json\/wp\/v2\/posts\/1160\/revisions\/1161"}],"wp:attachment":[{"href":"https:\/\/blogsaverroes.juntadeandalucia.es\/aelius\/wp-json\/wp\/v2\/media?parent=1160"}],"wp:term":[{"taxonomy":"category","embeddable":true,"href":"https:\/\/blogsaverroes.juntadeandalucia.es\/aelius\/wp-json\/wp\/v2\/categories?post=1160"},{"taxonomy":"post_tag","embeddable":true,"href":"https:\/\/blogsaverroes.juntadeandalucia.es\/aelius\/wp-json\/wp\/v2\/tags?post=1160"}],"curies":[{"name":"wp","href":"https:\/\/api.w.org\/{rel}","templated":true}]}}