{"id":1179,"date":"2022-06-03T05:47:35","date_gmt":"2022-06-03T04:47:35","guid":{"rendered":"https:\/\/blogsaverroes.juntadeandalucia.es\/aelius\/?p=1179"},"modified":"2022-06-03T05:47:35","modified_gmt":"2022-06-03T04:47:35","slug":"ecobolein-de-junio-de-2022","status":"publish","type":"post","link":"https:\/\/blogsaverroes.juntadeandalucia.es\/aelius\/ecobolein-de-junio-de-2022\/","title":{"rendered":"Ecobole\u00edn de Junio de 2022"},"content":{"rendered":"<p>\u00a1Summer is coming! y aqu\u00ed llega nuestro \u00faltimo <a href=\"https:\/\/drive.google.com\/file\/d\/1ppk4Xk1r3QWZ1_Cb3q-Yo7Ugp86LiEDK\/view?usp=sharing\">ecobolet\u00edn<\/a>.<\/p>\n<p>Este mes os recordamos que hay que cuidar las costas, especialmente antes de ir de vacaciones a ellas. Por ello, adem\u00e1s de cuidarlas y no ensuciarlas, debemos recoger la basura que ya hay en ellas. Esto es un problema que debemos solucionar para progresar y cuidar nuestras costas.<\/p>\n<p>Reflexionar sobre este asunto es muy importante. \u00a1Recordarlo este verano, especialmente en nuestras cosas gaditanas!<\/p>\n","protected":false},"excerpt":{"rendered":"<p>\u00a1Summer is coming! y aqu\u00ed llega nuestro \u00faltimo ecobolet\u00edn. Este mes os recordamos que hay que cuidar las costas, especialmente antes de ir de vacaciones a ellas. Por ello, adem\u00e1s de cuidarlas y no ensuciarlas, debemos recoger la basura que ya hay en ellas. Esto es un problema que debemos solucionar para progresar y cuidar [&hellip;]<\/p>\n","protected":false},"author":11487,"featured_media":0,"comment_status":"closed","ping_status":"open","sticky":false,"template":"","format":"standard","meta":{"_et_pb_use_builder":"","_et_pb_old_content":"","_et_gb_content_width":"","ngg_post_thumbnail":0,"footnotes":""},"categories":[10,3],"tags":[],"aioseo_notices":[],"_links":{"self":[{"href":"https:\/\/blogsaverroes.juntadeandalucia.es\/aelius\/wp-json\/wp\/v2\/posts\/1179"}],"collection":[{"href":"https:\/\/blogsaverroes.juntadeandalucia.es\/aelius\/wp-json\/wp\/v2\/posts"}],"about":[{"href":"https:\/\/blogsaverroes.juntadeandalucia.es\/aelius\/wp-json\/wp\/v2\/types\/post"}],"author":[{"embeddable":true,"href":"https:\/\/blogsaverroes.juntadeandalucia.es\/aelius\/wp-json\/wp\/v2\/users\/11487"}],"replies":[{"embeddable":true,"href":"https:\/\/blogsaverroes.juntadeandalucia.es\/aelius\/wp-json\/wp\/v2\/comments?post=1179"}],"version-history":[{"count":1,"href":"https:\/\/blogsaverroes.juntadeandalucia.es\/aelius\/wp-json\/wp\/v2\/posts\/1179\/revisions"}],"predecessor-version":[{"id":1180,"href":"https:\/\/blogsaverroes.juntadeandalucia.es\/aelius\/wp-json\/wp\/v2\/posts\/1179\/revisions\/1180"}],"wp:attachment":[{"href":"https:\/\/blogsaverroes.juntadeandalucia.es\/aelius\/wp-json\/wp\/v2\/media?parent=1179"}],"wp:term":[{"taxonomy":"category","embeddable":true,"href":"https:\/\/blogsaverroes.juntadeandalucia.es\/aelius\/wp-json\/wp\/v2\/categories?post=1179"},{"taxonomy":"post_tag","embeddable":true,"href":"https:\/\/blogsaverroes.juntadeandalucia.es\/aelius\/wp-json\/wp\/v2\/tags?post=1179"}],"curies":[{"name":"wp","href":"https:\/\/api.w.org\/{rel}","templated":true}]}}