{"id":278,"date":"2025-05-15T15:47:55","date_gmt":"2025-05-15T15:47:55","guid":{"rendered":"https:\/\/blogsaverroes.juntadeandalucia.es\/alastresmenoscuarto\/?p=278"},"modified":"2025-06-29T16:07:00","modified_gmt":"2025-06-29T16:07:00","slug":"crisol-de-culturas-en-la-edad-media-exploracion-sensorial","status":"publish","type":"post","link":"https:\/\/blogsaverroes.juntadeandalucia.es\/alastresmenoscuarto\/crisol-de-culturas-en-la-edad-media-exploracion-sensorial\/","title":{"rendered":"Crisol de culturas en la Edad Media | Exploraci\u00f3n sensorial"},"content":{"rendered":"<p>\u00bfC\u00f3mo <strong>suenan, saben y se sienten<\/strong> las culturas medievales que convivieron en la Pen\u00ednsula Ib\u00e9rica?<\/p>\n<p><!--more--><\/p>\n<h3>Nombre del recurso:<\/h3>\n<p><strong>\u00abCrisol de culturas en la Edad Media\u00bb<\/strong><\/p>\n<p>\u00c1mbito Social de ESPA 1<\/p>\n<p>&nbsp;<\/p>\n<h3>\ud83c\udfaf Objetivo<\/h3>\n<p><strong>Explorar la diversidad cultural del medievo <\/strong>(Islam, Juda\u00edsmo y Cristianismo) a trav\u00e9s de una experiencia sensorial que incluye la manipulaci\u00f3n t\u00e1ctil de reproducciones de obras de arte, la investigaci\u00f3n de su legado ling\u00fc\u00edstico y la degustaci\u00f3n de sus alimentos m\u00e1s representativos.<\/p>\n<p>&nbsp;<\/p>\n<h3>\ud83e\uddf1 Materiales<\/h3>\n<ul>\n<li>Maquetas 3D de espacios sagrados que forman parte de la Historia del Arte:&nbsp;\n<ul>\n<li>la Giralda de Sevilla<\/li>\n<li>Mezquita Azul, Estambul<\/li>\n<li>Catedral de San Patricio, New York<\/li>\n<li>Sinagoga de Del\u00e9mont, Suiza<\/li>\n<\/ul>\n<\/li>\n<li>Elaboraci\u00f3n de platos t\u00edpicos: torrijas y tajine marroqu\u00ed. Y degustaci\u00f3n de alimentos t\u00edpicos de diferentes culturas: naranjas con canela, almendras y d\u00e1tiles, entre otros.<\/li>\n<li>Tarjetas con caracter\u00edsticas art\u00edsticas<\/li>\n<\/ul>\n<p>&nbsp;<\/p>\n<h3>\ud83d\udee0\ufe0f Pasos<\/h3>\n<p style=\"padding-left: 40px\">PASO 1. Formaci\u00f3n de grupos y elaboraci\u00f3n de las maquetas y de las estaciones culturales.<\/p>\n<p style=\"padding-left: 40px\">PASO 2. Se agenda un d\u00eda para la exposici\u00f3n y degustaci\u00f3n.<\/p>\n<p style=\"padding-left: 40px\">PASO 3. Evaluaci\u00f3n: bater\u00eda de preguntas cortas a resolver a partir del contenido presentado.<\/p>\nngg_shortcode_0_placeholder\n<h3>\ud83d\uddc2\ufe0f Materiales elaborados<\/h3>\n<p><strong>Estaciones culturales<\/strong>: ficha de cada obra con sus caracter\u00edsticas a identificar en la maqueta y pautas a seguir para conocer su legado ling\u00fc\u00edstico, cultural y gastron\u00f3mico vivo en la actualidad.<\/p>\n<p><strong>Evaluaci\u00f3n<\/strong>: banco de preguntas cortas a resolver tras la exposici\u00f3n de cada grupo.<\/p>\n","protected":false},"excerpt":{"rendered":"<p>\u00bfC\u00f3mo suenan, saben y se sienten las culturas medievales que convivieron en la Pen\u00ednsula Ib\u00e9rica?<\/p>\n","protected":false},"author":7054,"featured_media":295,"comment_status":"open","ping_status":"open","sticky":false,"template":"","format":"standard","meta":{"ngg_post_thumbnail":0,"footnotes":""},"categories":[20],"tags":[31,30,28,29],"aioseo_notices":[],"_links":{"self":[{"href":"https:\/\/blogsaverroes.juntadeandalucia.es\/alastresmenoscuarto\/wp-json\/wp\/v2\/posts\/278"}],"collection":[{"href":"https:\/\/blogsaverroes.juntadeandalucia.es\/alastresmenoscuarto\/wp-json\/wp\/v2\/posts"}],"about":[{"href":"https:\/\/blogsaverroes.juntadeandalucia.es\/alastresmenoscuarto\/wp-json\/wp\/v2\/types\/post"}],"author":[{"embeddable":true,"href":"https:\/\/blogsaverroes.juntadeandalucia.es\/alastresmenoscuarto\/wp-json\/wp\/v2\/users\/7054"}],"replies":[{"embeddable":true,"href":"https:\/\/blogsaverroes.juntadeandalucia.es\/alastresmenoscuarto\/wp-json\/wp\/v2\/comments?post=278"}],"version-history":[{"count":2,"href":"https:\/\/blogsaverroes.juntadeandalucia.es\/alastresmenoscuarto\/wp-json\/wp\/v2\/posts\/278\/revisions"}],"predecessor-version":[{"id":325,"href":"https:\/\/blogsaverroes.juntadeandalucia.es\/alastresmenoscuarto\/wp-json\/wp\/v2\/posts\/278\/revisions\/325"}],"wp:featuredmedia":[{"embeddable":true,"href":"https:\/\/blogsaverroes.juntadeandalucia.es\/alastresmenoscuarto\/wp-json\/wp\/v2\/media\/295"}],"wp:attachment":[{"href":"https:\/\/blogsaverroes.juntadeandalucia.es\/alastresmenoscuarto\/wp-json\/wp\/v2\/media?parent=278"}],"wp:term":[{"taxonomy":"category","embeddable":true,"href":"https:\/\/blogsaverroes.juntadeandalucia.es\/alastresmenoscuarto\/wp-json\/wp\/v2\/categories?post=278"},{"taxonomy":"post_tag","embeddable":true,"href":"https:\/\/blogsaverroes.juntadeandalucia.es\/alastresmenoscuarto\/wp-json\/wp\/v2\/tags?post=278"}],"curies":[{"name":"wp","href":"https:\/\/api.w.org\/{rel}","templated":true}]}}