{"id":3139,"date":"2023-04-14T13:54:15","date_gmt":"2023-04-14T11:54:15","guid":{"rendered":"https:\/\/blogsaverroes.juntadeandalucia.es\/alcaldeparrilladelara\/?p=3139"},"modified":"2023-05-09T19:35:01","modified_gmt":"2023-05-09T17:35:01","slug":"feria-del-libro","status":"publish","type":"post","link":"https:\/\/blogsaverroes.juntadeandalucia.es\/alcaldeparrilladelara\/feria-del-libro\/","title":{"rendered":"Feria del libro"},"content":{"rendered":"<p><a href=\"https:\/\/blogsaverroes.juntadeandalucia.es\/alcaldeparrilladelara\/files\/2023\/04\/FERIA-DEL-LIBRO-E.I.-alcalde-parrilla-de-lara.png\"><img loading=\"lazy\" decoding=\"async\" class=\"wp-image-3140 aligncenter\" src=\"https:\/\/blogsaverroes.juntadeandalucia.es\/alcaldeparrilladelara\/files\/2023\/04\/FERIA-DEL-LIBRO-E.I.-alcalde-parrilla-de-lara.png\" alt=\"\" width=\"437\" height=\"618\" srcset=\"https:\/\/blogsaverroes.juntadeandalucia.es\/alcaldeparrilladelara\/files\/2023\/04\/FERIA-DEL-LIBRO-E.I.-alcalde-parrilla-de-lara.png 1131w, https:\/\/blogsaverroes.juntadeandalucia.es\/alcaldeparrilladelara\/files\/2023\/04\/FERIA-DEL-LIBRO-E.I.-alcalde-parrilla-de-lara-212x300.png 212w, https:\/\/blogsaverroes.juntadeandalucia.es\/alcaldeparrilladelara\/files\/2023\/04\/FERIA-DEL-LIBRO-E.I.-alcalde-parrilla-de-lara-724x1024.png 724w, https:\/\/blogsaverroes.juntadeandalucia.es\/alcaldeparrilladelara\/files\/2023\/04\/FERIA-DEL-LIBRO-E.I.-alcalde-parrilla-de-lara-768x1086.png 768w, https:\/\/blogsaverroes.juntadeandalucia.es\/alcaldeparrilladelara\/files\/2023\/04\/FERIA-DEL-LIBRO-E.I.-alcalde-parrilla-de-lara-1086x1536.png 1086w, https:\/\/blogsaverroes.juntadeandalucia.es\/alcaldeparrilladelara\/files\/2023\/04\/FERIA-DEL-LIBRO-E.I.-alcalde-parrilla-de-lara-1448x2048.png 1448w\" sizes=\"(max-width: 437px) 100vw, 437px\" \/><\/a><\/p>\n<p style=\"text-align: center\">Desde el pr\u00f3ximo martes 18, hasta el jueves 27 de Abril, podr\u00e9is comprar una estupenda selecci\u00f3n de libros en nuestro centro con un 15 % de descuento. Adem\u00e1s, estar\u00e9is dejando otro 15% del PVP para colaborar en la transformaci\u00f3n de nuestro patio (rinc\u00f3n de juego simb\u00f3lico, con una casita, una cocina, zona de picnic&#8230;).<\/p>\n<p style=\"text-align: center\">No dej\u00e9is escapar esta oportunidad si tienes que hacer un regalo, vais de cumplea\u00f1os o de comuni\u00f3n y sobre todo por el placer de que los peque\u00f1os y las peque\u00f1as puedan disfrutar de la magia de la lectura.<\/p>\nngg_shortcode_0_placeholder\n","protected":false},"excerpt":{"rendered":"<p>Desde el pr\u00f3ximo martes 18, hasta el jueves 27 de Abril, podr\u00e9is comprar una estupenda selecci\u00f3n de libros en nuestro centro con un 15 %&hellip;<\/p>\n","protected":false},"author":8437,"featured_media":0,"comment_status":"open","ping_status":"open","sticky":false,"template":"","format":"standard","meta":{"ngg_post_thumbnail":0,"footnotes":""},"categories":[11909],"tags":[],"aioseo_notices":[],"_links":{"self":[{"href":"https:\/\/blogsaverroes.juntadeandalucia.es\/alcaldeparrilladelara\/wp-json\/wp\/v2\/posts\/3139"}],"collection":[{"href":"https:\/\/blogsaverroes.juntadeandalucia.es\/alcaldeparrilladelara\/wp-json\/wp\/v2\/posts"}],"about":[{"href":"https:\/\/blogsaverroes.juntadeandalucia.es\/alcaldeparrilladelara\/wp-json\/wp\/v2\/types\/post"}],"author":[{"embeddable":true,"href":"https:\/\/blogsaverroes.juntadeandalucia.es\/alcaldeparrilladelara\/wp-json\/wp\/v2\/users\/8437"}],"replies":[{"embeddable":true,"href":"https:\/\/blogsaverroes.juntadeandalucia.es\/alcaldeparrilladelara\/wp-json\/wp\/v2\/comments?post=3139"}],"version-history":[{"count":5,"href":"https:\/\/blogsaverroes.juntadeandalucia.es\/alcaldeparrilladelara\/wp-json\/wp\/v2\/posts\/3139\/revisions"}],"predecessor-version":[{"id":3164,"href":"https:\/\/blogsaverroes.juntadeandalucia.es\/alcaldeparrilladelara\/wp-json\/wp\/v2\/posts\/3139\/revisions\/3164"}],"wp:attachment":[{"href":"https:\/\/blogsaverroes.juntadeandalucia.es\/alcaldeparrilladelara\/wp-json\/wp\/v2\/media?parent=3139"}],"wp:term":[{"taxonomy":"category","embeddable":true,"href":"https:\/\/blogsaverroes.juntadeandalucia.es\/alcaldeparrilladelara\/wp-json\/wp\/v2\/categories?post=3139"},{"taxonomy":"post_tag","embeddable":true,"href":"https:\/\/blogsaverroes.juntadeandalucia.es\/alcaldeparrilladelara\/wp-json\/wp\/v2\/tags?post=3139"}],"curies":[{"name":"wp","href":"https:\/\/api.w.org\/{rel}","templated":true}]}}