{"id":3211,"date":"2023-06-11T10:00:55","date_gmt":"2023-06-11T08:00:55","guid":{"rendered":"https:\/\/blogsaverroes.juntadeandalucia.es\/alcaldeparrilladelara\/?p=3211"},"modified":"2023-06-12T22:20:30","modified_gmt":"2023-06-12T20:20:30","slug":"carrera-solidaria","status":"publish","type":"post","link":"https:\/\/blogsaverroes.juntadeandalucia.es\/alcaldeparrilladelara\/carrera-solidaria\/","title":{"rendered":"Carrera solidaria"},"content":{"rendered":"<h4>&nbsp;<\/h4>\n<figure id=\"attachment_3227\" aria-describedby=\"caption-attachment-3227\" style=\"width: 260px\" class=\"wp-caption alignleft\"><a href=\"https:\/\/blogsaverroes.juntadeandalucia.es\/alcaldeparrilladelara\/files\/2023\/06\/35649-scaled.jpg\"><img loading=\"lazy\" decoding=\"async\" class=\" wp-image-3227\" src=\"https:\/\/blogsaverroes.juntadeandalucia.es\/alcaldeparrilladelara\/files\/2023\/06\/35649-scaled.jpg\" alt=\"\" width=\"260\" height=\"184\" srcset=\"https:\/\/blogsaverroes.juntadeandalucia.es\/alcaldeparrilladelara\/files\/2023\/06\/35649-scaled.jpg 1600w, https:\/\/blogsaverroes.juntadeandalucia.es\/alcaldeparrilladelara\/files\/2023\/06\/35649-300x212.jpg 300w, https:\/\/blogsaverroes.juntadeandalucia.es\/alcaldeparrilladelara\/files\/2023\/06\/35649-1024x723.jpg 1024w, https:\/\/blogsaverroes.juntadeandalucia.es\/alcaldeparrilladelara\/files\/2023\/06\/35649-768x543.jpg 768w, https:\/\/blogsaverroes.juntadeandalucia.es\/alcaldeparrilladelara\/files\/2023\/06\/35649-1536x1085.jpg 1536w, https:\/\/blogsaverroes.juntadeandalucia.es\/alcaldeparrilladelara\/files\/2023\/06\/35649-2048x1447.jpg 2048w\" sizes=\"(max-width: 260px) 100vw, 260px\" \/><\/a><figcaption id=\"caption-attachment-3227\" class=\"wp-caption-text\"><span style=\"font-family: Georgia, 'Times New Roman', 'Bitstream Charter', Times, serif;font-size: 16px\"> Imagen de brgfx en Freepik<\/span><\/figcaption><\/figure>\n<h4>&nbsp;<\/h4>\n<h4><strong>Como otros a\u00f1os, nuestro cole organiza una carrera solidaria para ayudar a alguna asociaci\u00f3n. En varias ocasiones, hemos colaborado la Asociaci\u00f3n P\u00eddeme la Luna y este a\u00f1o tambi\u00e9n lo haremos. Ese d\u00eda los peques traer\u00e1n una camiseta blanca y un donativo.<\/strong><\/h4>\n<p>&nbsp;<\/p>\n<p>&nbsp;<\/p>\n<p>&nbsp;<\/p>\n<p><strong><span style=\"color: #0fb80f\">Las carreras del <span style=\"text-decoration: underline\">alumnado<\/span> comenzar\u00e1n a las 9:20 de la ma\u00f1ana y empezar\u00e1n corriendo los m\u00e1s peque\u00f1os, el alumnado de 3 a\u00f1os, primero una clase y despu\u00e9s otra; despu\u00e9s el alumnado de 4 y finalmente el de 5, estos dos niveles, tambi\u00e9n correr\u00e1n clase por clase.<\/span><\/strong><\/p>\n<p><strong><span style=\"color: #0000ff\">Los <span style=\"text-decoration: underline\">familiares<\/span> que quieran correr, lo har\u00e1n en una o varias carreras (seg\u00fan n\u00famero de participantes), una vez que finalicen las carreras del alumnado, sobre las 9:45 aproximadamente. Para correr, deben apuntarse los d\u00edas previos a la carrera (martes, mi\u00e9rcoles y jueves) a la hora de entrar al colegio en el porche (pondremos una mesa y una hoja para apuntarse). El d\u00eda de la carrera podr\u00e1n recoger su dorsal para correr, a cambio de un donativo (necesitar\u00e9is 1 o 2 imperdibles para poneros el dorsal).<\/span><\/strong><\/p>\n<h2><span style=\"text-decoration: underline;color: #ff6600\"><strong>Rogamos que se respeten las zonas reservadas para el alumnado mientras se desarrollan las carreras y que las familias ocupen otros lugares.<\/strong><\/span><\/h2>\n","protected":false},"excerpt":{"rendered":"<p>&nbsp; &nbsp; Como otros a\u00f1os, nuestro cole organiza una carrera solidaria para ayudar a alguna asociaci\u00f3n. En varias ocasiones, hemos colaborado la Asociaci\u00f3n P\u00eddeme la&hellip;<\/p>\n","protected":false},"author":8437,"featured_media":0,"comment_status":"open","ping_status":"open","sticky":false,"template":"","format":"standard","meta":{"ngg_post_thumbnail":0,"footnotes":""},"categories":[11909],"tags":[],"aioseo_notices":[],"_links":{"self":[{"href":"https:\/\/blogsaverroes.juntadeandalucia.es\/alcaldeparrilladelara\/wp-json\/wp\/v2\/posts\/3211"}],"collection":[{"href":"https:\/\/blogsaverroes.juntadeandalucia.es\/alcaldeparrilladelara\/wp-json\/wp\/v2\/posts"}],"about":[{"href":"https:\/\/blogsaverroes.juntadeandalucia.es\/alcaldeparrilladelara\/wp-json\/wp\/v2\/types\/post"}],"author":[{"embeddable":true,"href":"https:\/\/blogsaverroes.juntadeandalucia.es\/alcaldeparrilladelara\/wp-json\/wp\/v2\/users\/8437"}],"replies":[{"embeddable":true,"href":"https:\/\/blogsaverroes.juntadeandalucia.es\/alcaldeparrilladelara\/wp-json\/wp\/v2\/comments?post=3211"}],"version-history":[{"count":10,"href":"https:\/\/blogsaverroes.juntadeandalucia.es\/alcaldeparrilladelara\/wp-json\/wp\/v2\/posts\/3211\/revisions"}],"predecessor-version":[{"id":3229,"href":"https:\/\/blogsaverroes.juntadeandalucia.es\/alcaldeparrilladelara\/wp-json\/wp\/v2\/posts\/3211\/revisions\/3229"}],"wp:attachment":[{"href":"https:\/\/blogsaverroes.juntadeandalucia.es\/alcaldeparrilladelara\/wp-json\/wp\/v2\/media?parent=3211"}],"wp:term":[{"taxonomy":"category","embeddable":true,"href":"https:\/\/blogsaverroes.juntadeandalucia.es\/alcaldeparrilladelara\/wp-json\/wp\/v2\/categories?post=3211"},{"taxonomy":"post_tag","embeddable":true,"href":"https:\/\/blogsaverroes.juntadeandalucia.es\/alcaldeparrilladelara\/wp-json\/wp\/v2\/tags?post=3211"}],"curies":[{"name":"wp","href":"https:\/\/api.w.org\/{rel}","templated":true}]}}