{"id":3548,"date":"2024-02-09T14:01:31","date_gmt":"2024-02-09T13:01:31","guid":{"rendered":"https:\/\/blogsaverroes.juntadeandalucia.es\/alcaldeparrilladelara\/?p=3548"},"modified":"2024-02-09T14:01:31","modified_gmt":"2024-02-09T13:01:31","slug":"carnaval-24","status":"publish","type":"post","link":"https:\/\/blogsaverroes.juntadeandalucia.es\/alcaldeparrilladelara\/carnaval-24\/","title":{"rendered":"Carnaval &#8217;24"},"content":{"rendered":"<p>\u00a1\u00a1Qu\u00e9 bien lo hemos pasado paseando a nuestros monstruitos de colores por el pueblo y qu\u00e9 guapos y guapas est\u00e1n nuestros peque\u00f1os con sus disfraces!!<\/p>\nngg_shortcode_0_placeholder\n","protected":false},"excerpt":{"rendered":"<p>\u00a1\u00a1Qu\u00e9 bien lo hemos pasado paseando a nuestros monstruitos de colores por el pueblo y qu\u00e9 guapos y guapas est\u00e1n nuestros peque\u00f1os con sus disfraces!!<\/p>\n","protected":false},"author":8437,"featured_media":0,"comment_status":"open","ping_status":"open","sticky":false,"template":"","format":"standard","meta":{"ngg_post_thumbnail":0,"footnotes":""},"categories":[11909],"tags":[],"aioseo_notices":[],"_links":{"self":[{"href":"https:\/\/blogsaverroes.juntadeandalucia.es\/alcaldeparrilladelara\/wp-json\/wp\/v2\/posts\/3548"}],"collection":[{"href":"https:\/\/blogsaverroes.juntadeandalucia.es\/alcaldeparrilladelara\/wp-json\/wp\/v2\/posts"}],"about":[{"href":"https:\/\/blogsaverroes.juntadeandalucia.es\/alcaldeparrilladelara\/wp-json\/wp\/v2\/types\/post"}],"author":[{"embeddable":true,"href":"https:\/\/blogsaverroes.juntadeandalucia.es\/alcaldeparrilladelara\/wp-json\/wp\/v2\/users\/8437"}],"replies":[{"embeddable":true,"href":"https:\/\/blogsaverroes.juntadeandalucia.es\/alcaldeparrilladelara\/wp-json\/wp\/v2\/comments?post=3548"}],"version-history":[{"count":1,"href":"https:\/\/blogsaverroes.juntadeandalucia.es\/alcaldeparrilladelara\/wp-json\/wp\/v2\/posts\/3548\/revisions"}],"predecessor-version":[{"id":3566,"href":"https:\/\/blogsaverroes.juntadeandalucia.es\/alcaldeparrilladelara\/wp-json\/wp\/v2\/posts\/3548\/revisions\/3566"}],"wp:attachment":[{"href":"https:\/\/blogsaverroes.juntadeandalucia.es\/alcaldeparrilladelara\/wp-json\/wp\/v2\/media?parent=3548"}],"wp:term":[{"taxonomy":"category","embeddable":true,"href":"https:\/\/blogsaverroes.juntadeandalucia.es\/alcaldeparrilladelara\/wp-json\/wp\/v2\/categories?post=3548"},{"taxonomy":"post_tag","embeddable":true,"href":"https:\/\/blogsaverroes.juntadeandalucia.es\/alcaldeparrilladelara\/wp-json\/wp\/v2\/tags?post=3548"}],"curies":[{"name":"wp","href":"https:\/\/api.w.org\/{rel}","templated":true}]}}