{"id":1020,"date":"2020-03-16T08:42:00","date_gmt":"2020-03-16T07:42:00","guid":{"rendered":"https:\/\/jmoragahc.wordpress.com\/?p=1020"},"modified":"2020-03-16T08:42:00","modified_gmt":"2020-03-16T07:42:00","slug":"primera-republica-espanola","status":"publish","type":"post","link":"https:\/\/blogsaverroes.juntadeandalucia.es\/aldeacordoba\/?p=1020","title":{"rendered":"Primera rep\u00fablica espa\u00f1ola"},"content":{"rendered":"\n<figure class=\"wp-block-image size-large\"><img decoding=\"async\" src=\"https:\/\/www.nuevatribuna.es\/media\/nuevatribuna\/images\/2020\/03\/11\/2020031114421384563.jpg\" alt=\"\" \/><\/figure>\n\n\n\n<p><strong>Autor<\/strong>: Edmundo Fayanas Escuer<\/p>\n\n\n\n<p><strong>Fuente<\/strong>: <em><a href=\"https:\/\/www.nuevatribuna.es\/articulo\/cultura---ocio\/primerarepublicaespanola-historia-politica-espana-republica\/20200311141327171948.html\">NUEVATRIBUNA.ES<\/a><\/em> 11\/03\/20<\/p>\n\n\n\n<p class=\"has-text-align-justify\">La&nbsp;<strong>I Republica espa\u00f1ola<\/strong>&nbsp;surge el once de febrero de 1873, y dura hasta el 31 de diciembre de 1874. Podemos dividir este periodo republicano en dos fases:<\/p>\n\n\n\n<ul><li>&nbsp;La primera parte que ir\u00eda del once de febrero de 1873 hasta el dos de enero de 1874, que termina con el golpe militar del general Pav\u00eda. En este periodo hubo cinco gobiernos.<\/li><li>La segunda parte va del tres de enero del a\u00f1o 1874 hasta el treinta y uno de diciembre del mismo a\u00f1o y en ese periodo hubo tres gobiernos. Siendo esta parte republicana dominada por gobiernos conservadores.<\/li><\/ul>\n\n\n\n<p class=\"has-text-align-justify\">Coincidi\u00f3 la primera rep\u00fablica espa\u00f1ola con la tercera guerra carlista, el problema cantonal y la guerra de Cuba, con lo que la dificultas era m\u00e1xima.<\/p>\n\n\n\n<p class=\"has-text-align-justify\">La I\u00aa Rep\u00fablica espa\u00f1ola del a\u00f1o 1873 es consecuencia del proceso revolucionario iniciado en el a\u00f1o 1868 con la conocida como&nbsp;<strong>la revoluci\u00f3n Gloriosa<\/strong>, que fue la primera que cont\u00f3 con un gran apoyo militar.<\/p>\n\n\n\n<p class=\"has-text-align-justify\"><strong>La ca\u00edda de los Borbones<\/strong>&nbsp;fue el resultado en el plano pol\u00edtico de la propia din\u00e1mica del capitalismo espa\u00f1ol, que necesitaba apoyarse en sectores pol\u00edticos m\u00e1s progresistas, que posibilitasen el progreso y desarrollo del pa\u00eds.<\/p>\n\n\n\n<figure class=\"wp-block-image\"><img decoding=\"async\" src=\"https:\/\/www.nuevatribuna.es\/media\/nuevatribuna\/images\/2020\/03\/11\/\/2020031114421358399.jpg\" alt=\"f20\" \/><\/figure>\n\n\n\n<p class=\"has-text-align-justify\">No se trataba de una transformaci\u00f3n radical de las estructuras socioecon\u00f3micas, aunque la ambig\u00fcedad de las formulaciones de los grupos que apoyaron la&nbsp;<strong>Revoluci\u00f3n<\/strong>&nbsp;permiti\u00f3 aglutinar distintos sectores sociales.<\/p>\n\n\n\n<p class=\"has-text-align-justify\">Los excesos radicales del a\u00f1o 1869 situaron en una posici\u00f3n defensiva a las fuerzas conservadoras ligadas a los intereses econ\u00f3mico, que trabajaron para establecer una&nbsp;<strong>Monarqu\u00eda<\/strong>&nbsp;constitucionalmente f\u00e1cilmente controlable. El intento fracaso por la dispersi\u00f3n de las fuerzas, que sustentaban y la situaci\u00f3n de vac\u00edo de poder que se cre\u00f3 dio como resultado la&nbsp;<strong>Primera Rep\u00fablica espa\u00f1ola.<\/strong><\/p>\n\n\n\n<p class=\"has-text-align-justify\">El&nbsp;<a target=\"_blank\" href=\"https:\/\/www.nuevatribuna.es\/articulo\/historia\/significacion-politica-prim\/20151229231847123941.html\" rel=\"noreferrer noopener\">general Prim<\/a>&nbsp;hab\u00eda sostenido que una&nbsp;<strong>Rep\u00fablica en Espa\u00f1a<\/strong>&nbsp;era inconcebible, porque dec\u00eda que el republicanismo era una actividad pol\u00edtica muy minoritaria. Sin embargo, la Asamblea, compuesta por el&nbsp;<strong>Senado<\/strong>&nbsp;y el&nbsp;<strong>Congreso<\/strong>, vot\u00f3 la reforma de la Constituci\u00f3n en el sentido de que se declarase como forma de gobierno de la&nbsp;<strong>naci\u00f3n la Rep\u00fablica<\/strong>, que fue proclamada por 319 votos a favor.<\/p>\n\n\n\n<p class=\"has-text-align-justify\">Se hab\u00edan unido lo radicales y los republicanos y&nbsp;<strong>Estanislao Figueras<\/strong>&nbsp;plantea que la \u00fanica soluci\u00f3n salvadora de la patria es la Rep\u00fablica. Debemos saber, que los radicales hab\u00edan sido el principal apoyo de la Monarqu\u00eda constitucional, pero no tuvieron ning\u00fan problema en apoyar la Rep\u00fablica, a pesar de contar con la oposici\u00f3n del jefe de los radicales de&nbsp;<strong>Ruiz Zorrilla.<\/strong><\/p>\n\n\n\n<p class=\"has-text-align-justify\">Muchos consideran que la proclamaci\u00f3n de la I Rep\u00fablica tuvo un origen ilegal, porque no era constitucional la fusi\u00f3n de las dos C\u00e1maras para alterar la forma de gobierno. Por si fueran poco las dificultades para el desarrollo del planteamiento republicano, los propios republicanos estaban muy divididos.<\/p>\n\n\n\n<p class=\"has-text-align-justify\">Figueras fue nombrado presidente del Consejo, del formaban parte otros tres republicanos,&nbsp;<strong>Pi y Margall, Castelar<\/strong>&nbsp;y&nbsp;<strong>Salmer\u00f3n<\/strong>&nbsp;y cinco radicales que antes hab\u00edan respaldado el proyecto de monarqu\u00eda de Amadeo de Saboya y eran&nbsp;<strong>Fern\u00e1ndez de C\u00f3rdoba<\/strong>.&nbsp;<strong>Echegaray, Berenguer, Becerras&nbsp;<\/strong>y<strong>&nbsp;F. Salmer\u00f3n<\/strong>, mientras que el tambi\u00e9n radical&nbsp;<strong>Cristino Martos<\/strong>, fue elegido presidente de la Asamblea republicana espa\u00f1ola.<\/p>\n\n\n\n<p class=\"has-text-align-justify\">La I\u00aa Republica espa\u00f1ola tuvo escaso apoyo exterior, siendo solo reconocida por los&nbsp;<strong>Estados Unidos, Suiza, Costa Ric<\/strong>a y&nbsp;<strong>Guatemala<\/strong>. Ni la&nbsp;<strong>Francia<\/strong>&nbsp;de&nbsp;<strong>Thiers<\/strong>, que acababa de proclamar la&nbsp;<strong>III Rep\u00fablica<\/strong>, ni la&nbsp;<strong>Alemania<\/strong>&nbsp;de&nbsp;<strong>Bismarck<\/strong>, se mostraron partidarias de su reconocimiento por la desconfianza que generaba un sistema que pod\u00eda recordar en alg\u00fan momento a la&nbsp;<a target=\"_blank\" href=\"https:\/\/www.nuevatribuna.es\/articulo\/historia\/polemica-comuna-paris\/20180413111628150813.html\" rel=\"noreferrer noopener\">Comuna de Par\u00eds<\/a>.<\/p>\n\n\n\n<p class=\"has-text-align-justify\">Inglaterra tampoco la reconoci\u00f3 debido a los recelos que ten\u00eda ante la posibilidad de que Espa\u00f1a llegase a establecer con Portugal la Uni\u00f3n Ib\u00e9rica, de la que no era en absoluto partidaria.<\/p>\n\n\n\n<p class=\"has-text-align-justify\">Los dirigentes del&nbsp;<strong>Partido Republicano&nbsp;<\/strong>se encontraron con una oposici\u00f3n bic\u00e9fala:<\/p>\n\n\n\n<ol><li>&nbsp;La de los radicales que deseaban una Rep\u00fablica no federal, sino unitaria.<\/li><li>&nbsp;La de los federalistas extremistas, que deseaban la Rep\u00fablica federal inmediatamente, no como una imposici\u00f3n de arriba abajo, sino como una expresi\u00f3n del impulso revolucionario de la base, es decir, de abajo arriba.<\/li><\/ol>\n\n\n\n<div class=\"wp-block-image\"><figure class=\"alignleft size-large\"><img decoding=\"async\" src=\"https:\/\/www.nuevatribuna.es\/media\/nuevatribuna\/images\/2020\/03\/11\/\/2020031114421242084.jpg\" alt=\"\" \/><\/figure><\/div>\n\n\n\n<p class=\"has-text-align-justify\"><strong>Pi i Margall<\/strong>\u00a0reconoc\u00eda que esta propuesta era imposible pues la proclamaci\u00f3n de la Rep\u00fablica hab\u00eda sido votada con la condici\u00f3n de que fuesen unas Cortes Constituyentes las que determinasen la forma que deb\u00eda adoptar esa Rep\u00fablica.<\/p>\n\n\n\n<p class=\"has-text-align-justify\">A\u00a0<a rel=\"noreferrer noopener\" target=\"_blank\" href=\"https:\/\/www.nuevatribuna.es\/articulo\/historia\/labor-legislativa-i-republica\/20170210101726136558.html\">Pi i Margall<\/a>\u00a0se le considera el padre del federalismo espa\u00f1ol. Sus ideas est\u00e1n expresada en su obra\u00a0<em>\u201cLa reacci\u00f3n y la revoluci\u00f3n\u201d,\u00a0<\/em>que fue publicada en el a\u00f1o 1854, Afirmaba que todo hombre era esencial y radicalmente libre, soberano de s\u00ed mismo, y entre soberanos no pod\u00eda haber sumisi\u00f3n, s\u00f3lo cab\u00edan los pactos. Estos pactos ten\u00edan que ser bilaterales sinalagm\u00e1ticos y conmutativos y se establec\u00edan de abajo arriba, desde la familia hasta la federaci\u00f3n universal, o pacto entre los pa\u00edses del mundo.<\/p>\n\n\n\n<p class=\"has-text-align-justify\">Los republicanos intransigentes no compart\u00edan la actitud de Pi i Margall y alentaron los des\u00f3rdenes y las manifestaciones de violencia en la mayor parte del pa\u00eds. Se form\u00f3 el&nbsp;<strong>Comit\u00e9 de Salud P\u00fablica en Madrid<\/strong>, a cuyo frente se encuentra&nbsp;<strong>Roque Barcia<\/strong>, que ten\u00eda una visi\u00f3n m\u00e1s radical y su objetivo era proceder de forma inmediata a la formaci\u00f3n de cantones.<\/p>\n\n\n\n<p class=\"has-text-align-justify\">En&nbsp;<strong>Catalu\u00f1a<\/strong>, el ocho de marzo, se proclam\u00f3 el Estado catal\u00e1n, y la Diputaci\u00f3n se hizo con todos los poderes, decretando la abolici\u00f3n del ej\u00e9rcito. El gobierno tuvo que reaccionar inmediatamente, pero se vio obligado a hacer concesiones a los federales. En Sevilla, tambi\u00e9n se produjo un intento parecido, pero la actitud en\u00e9rgica del gobernador civil lo impidi\u00f3.<\/p>\n\n\n\n<p class=\"has-text-align-justify\">La crisis estalla el veinticuatro de febrero como consecuencia de la disidencia entre los radicales y los republicanos federales a ra\u00edz de una discusi\u00f3n en torno a la renovaci\u00f3n de las Diputaciones y Ayuntamientos.<\/p>\n\n\n\n<p class=\"has-text-align-justify\">Al d\u00eda siguiente, el gobierno de coalici\u00f3n republicano-radical fue sustituido por un gobierno formado exclusivamente por republicanos, en el que segu\u00eda estando a la cabeza Estanislao Figueras y como ministro de Estado,&nbsp;<strong>Castelar<\/strong>, y de Gobernaci\u00f3n, Pi i Margall.<\/p>\n\n\n\n<p>La Asamblea segu\u00eda estando dominada por los radicales y de ah\u00ed que el Gobierno tratase de conseguir su disoluci\u00f3n para proceder a unas nuevas elecciones. Estas se realizaron el diez de mayo, y su resultado fue una aplastante mayor\u00eda de los federales, lo cual no era m\u00e1s que consecuencia del retraimiento practicado por los radicales, los alfonsinos y los carlistas, aunque algunos se presentaron como candidatos a t\u00edtulo individual.<\/p>\n\n\n\n<p>La participaci\u00f3n electoral fue s\u00f3lo del 25%, la m\u00e1s baja de toda la historia parlamentaria de Espa\u00f1a hasta ese momento. Seg\u00fan dice<strong>\u00a0Pi i Margall\u00a0<\/strong>las Cortes elegidas de aquellas elecciones\u00a0<em>\u201cse apresuraron a declarar, con s\u00f3lo dos votos en contra, que la federaci\u00f3n era la forma de gobierno de la naci\u00f3n espa\u00f1ola\u201d.<\/em><\/p>\n\n\n\n<div class=\"wp-block-image\"><figure class=\"alignleft size-large\"><img decoding=\"async\" src=\"https:\/\/www.nuevatribuna.es\/media\/nuevatribuna\/images\/2020\/03\/11\/\/2020031114421268333.jpg\" alt=\"\" \/><\/figure><\/div>\n\n\n\n<p class=\"has-text-align-justify\">Las Cortes se reunieron el uno de junio, pero los radicales que no renunciaron, a pesar de todo, al control sobre el Gobierno, consiguieron nombrar una Comisi\u00f3n Permanente, que estaba formada por ocho radicales, tres conservadores, cinco federales y tres radicales de conciliaci\u00f3n.<\/p>\n\n\n\n<p class=\"has-text-align-justify\">Al mismo tiempo, los radicales intentaron una conspiraci\u00f3n para proclamar la&nbsp;<strong>Rep\u00fablica<\/strong>&nbsp;unitaria y contaban con la colaboraci\u00f3n de varios generales. Pi i Margall pudo disolver la&nbsp;<strong>Comisi\u00f3n<\/strong>, con lo que los radicales desaparecieron de la escena pol\u00edtica.<\/p>\n\n\n\n<p class=\"has-text-align-justify\">Pi i Margall fue nombrado presidente del Consejo de Ministros a ra\u00edz de la constituci\u00f3n de las nuevas Cortes y de la sorprendente huida a Francia de su antecesor en el cargo, Estanislao Figueras.<\/p>\n\n\n\n<p class=\"has-text-align-justify\">El nuevo Gobierno trat\u00f3 de satisfacer al mismo tiempo la aspiraci\u00f3n de la derecha, el orden, y la aspiraci\u00f3n de la izquierda, la federaci\u00f3n. El empe\u00f1o de esta pol\u00edtica era muy complicada, cuando adem\u00e1s Pi i Margall ten\u00eda que enfrentarse simult\u00e1neamente a la guerra carlista, a las conspiraciones alfonsinas y a los federalista intransigentes, que hab\u00edan iniciado ya un movimiento revolucionario cantonalista.<\/p>\n\n\n\n<p><strong>EL MOVIMIENTO CANTONALISTA<\/strong><\/p>\n\n\n\n<p class=\"has-text-align-justify\">El nombramiento como presidente de Pi i Margall no s\u00f3lo sirvi\u00f3 para controlar los excesos federalistas, sino que, por el contrario, dio rienda suelta a los que quer\u00edan llevar su radicalismo al m\u00e1ximo.<\/p>\n\n\n\n<p class=\"has-text-align-justify\">Si seguimos al historiador&nbsp;<strong>Antoni Jutglar<\/strong>, a Pi i Margall le falt\u00f3 la habilidad y la energ\u00eda suficientes para asegurar lo que seg\u00fan \u00e9l deb\u00eda ser la garant\u00eda del orden: el programa y el sistema federal. Lo cierto es. que los excesos dieron lugar al fen\u00f3meno de los cantones.<\/p>\n\n\n\n<p class=\"has-text-align-justify\">Cuando Pi i Margall toma el poder segu\u00edan vigentes los problemas de orden p\u00fablico que hab\u00eda acompa\u00f1ado de siempre a la I Rep\u00fablica desde el mismo momento de su proclamaci\u00f3n, especialmente en Andaluc\u00eda.<\/p>\n\n\n\n<p class=\"has-text-align-justify\">Se trat\u00f3 de conseguir que los&nbsp;<strong>Gobernadores Civiles&nbsp;<\/strong>restablecieran la normalidad en las provincias donde \u00e9sta se hallaba m\u00e1s alterada para no tener que recurrir al ej\u00e9rcito, como pretend\u00edan las autoridades militares. M\u00e1laga y posteriormente&nbsp;<strong>Sevilla, C\u00e1diz, San Fernando<\/strong>&nbsp;y&nbsp;<strong>Sanl\u00facar<\/strong>&nbsp;fueron las poblaciones en las que la agitaci\u00f3n se desarrollo entre finales de junio e inicios de julio.<\/p>\n\n\n\n<p><strong>\u00bfQu\u00e9 deseaban los sublevados?<\/strong><\/p>\n\n\n\n<p class=\"has-text-align-justify\">Lo podemos comprobar en el manifiesto del Comit\u00e9 de Salud P\u00fablica de C\u00e1diz que dec\u00eda lo siguiente:&nbsp;<em>\u201cEl Comit\u00e9 se ocupar\u00e1 sin descanso en la adopci\u00f3n de medidas necesarias para salvar la Rep\u00fablica y contrarrestar el esp\u00edritu centralizador de las organizaciones pol\u00edticas pasadas y salvar para siempre al pueblo espa\u00f1ol de todas las tiran\u00edas\u201d.<\/em><\/p>\n\n\n\n<p class=\"has-text-align-justify\">En la ciudad de&nbsp;<strong>Alcoy<\/strong>, que ten\u00eda una potente industria manufacturera, que daba trabajo a un gran n\u00famero de trabajadores, se hab\u00eda instalado la sede de la&nbsp;<strong>Comisi\u00f3n Federal de la Federaci\u00f3n Regional Espa\u00f1ola&nbsp;<\/strong>de la Primera Internacional. El nueve de julio, una huelga general organizada por las organizaciones bakunistas deriv\u00f3 hac\u00eda una situaci\u00f3n de violencia, que acab\u00f3 con el asesinato del alcalde la ciudad y el incendio de una f\u00e1brica.<\/p>\n\n\n\n<figure class=\"wp-block-image\"><img decoding=\"async\" src=\"https:\/\/www.nuevatribuna.es\/media\/nuevatribuna\/images\/2020\/03\/11\/\/2020031114421264955.jpg\" alt=\"f16\" \/><\/figure>\n\n\n\n<p class=\"has-text-align-justify\">Es llamado el ej\u00e9rcito a la ciudad y al mando del general Velarde, pudo restablecer la situaci\u00f3n tres d\u00edas m\u00e1s tarde. Los sucesos de Alcoy revistieron un car\u00e1cter especial por tratarse de una insurrecci\u00f3n puramente obrera, en la que tuvieron una participaci\u00f3n destacada los internacionalistas, cosa que no ocurri\u00f3 en el movimiento cantonal en general.<\/p>\n\n\n\n<p class=\"has-text-align-justify\">El cant\u00f3n de Cartagena es otro de los episodios importantes del cantonalismo. La proclamaci\u00f3n del cant\u00f3n de Cartagena se produjo con la colaboraci\u00f3n del Comit\u00e9 de Salud P\u00fablica de Madrid, el cual inst\u00f3 a los intransigentes a sublevarse para constituir una Junta Revolucionaria.<\/p>\n\n\n\n<p class=\"has-text-align-justify\">El movimiento cantonalistas de&nbsp;<strong>Cartagena<\/strong>&nbsp;se vio reforzado no s\u00f3lo por las tripulaciones de los buques Almansa y Vitoria, sino que el regimiento Iberia, que el gobierno hab\u00eda mandado para sofocar la sublevaci\u00f3n de M\u00e1laga, se uni\u00f3 a los sublevados.<\/p>\n\n\n\n<p class=\"has-text-align-justify\">Pi i Margall se enfrentaba al reto de proceder a la restauraci\u00f3n del orden y la autoridad. Adem\u00e1s de reducir la insurrecci\u00f3n mediante la utilizaci\u00f3n de la fuerza, cosa que repugnaba a su talante democr\u00e1tico, su respeto por la libertad y a su car\u00e1cter antimilitarista.<\/p>\n\n\n\n<p class=\"has-text-align-justify\">Para salvar la situaci\u00f3n, Pi i Margall mand\u00f3 a las Cortes el proyecto de Constituci\u00f3n republicana que hab\u00eda sido redactada por Castelar en solamente veinticuatro horas.<\/p>\n\n\n\n<p class=\"has-text-align-justify\">La Constituci\u00f3n republicana constaba de 117 art\u00edculos divididos en 17 t\u00edtulos. Seg\u00fan \u00e9sta, la naci\u00f3n espa\u00f1ola sum\u00eda la forma de&nbsp;<strong>Rep\u00fablica federal,<\/strong>&nbsp;integrada por diferentes Estados que en total eran diecisiete que quedaban configurados en su t\u00edtulo primero.<\/p>\n\n\n\n<p class=\"has-text-align-justify\">El art\u00edculo 1\u00ba de la Constituci\u00f3n dice:\u00a0<em>\u201cComponen la Naci\u00f3n espa\u00f1ola los Estados de Andaluc\u00eda Alta, Andaluc\u00eda Baja, Arag\u00f3n, Asturias, Baleares, Canarias, Castilla la Nueva, Castilla la Vieja, Catalu\u00f1a, Cuba, Extremadura, Galicia, Murcia, Navarra, Puerto Rico, Valencia, Regiones Vascongadas. Los Estados pod\u00edan conservar las actuales provincias o modificarlas seg\u00fan sus necesidades territoriales\u201d.<\/em><\/p>\n\n\n\n<div class=\"wp-block-image\"><figure class=\"alignleft size-large\"><img decoding=\"async\" src=\"https:\/\/www.nuevatribuna.es\/media\/nuevatribuna\/images\/2020\/03\/11\/\/2020031114421167961.jpg\" alt=\"\" \/><\/figure><\/div>\n\n\n\n<p class=\"has-text-align-justify\">El t\u00edtulo II detallaba los derechos individuales de los espa\u00f1oles con una precisi\u00f3n a la de la Constituci\u00f3n de 1869. Otra de las novedades dignas de rese\u00f1ar es la aparici\u00f3n de un cuarto poder, que se a\u00f1ad\u00eda a los ya tradicionales y que se denominaba&nbsp;<em>\u201cpoder de relaci\u00f3n\u201d.&nbsp;<\/em>Ese poder ser\u00eda ejercido por el presidente de la Rep\u00fablica. En el t\u00edtulo XIII se establec\u00edan las facultades de los diferentes Estados que compon\u00edan la naci\u00f3n y se delimitaban las competencias de \u00e9stos en relaci\u00f3n al poder federal.<\/p>\n\n\n\n<p><strong>EL CANT\u00d3N NAVARRO<\/strong><\/p>\n\n\n\n<p class=\"has-text-align-justify\">Navarra siempre ha sido una \u00fanica provincia, pero en algunos procesos constitucionales siempre ha sido cuestiona si seguir sola o en uni\u00f3n de otras. En la actualidad, todav\u00eda sigue el debate y el enfrentamiento por seguir sola o que se integre en Euskadi.<\/p>\n\n\n\n<p class=\"has-text-align-justify\">Veamos la discusi\u00f3n que se produce en Navarra con el tema del cant\u00f3n navarro.<\/p>\n\n\n\n<div class=\"wp-block-image\"><figure class=\"alignleft size-large\"><img decoding=\"async\" src=\"https:\/\/www.nuevatribuna.es\/media\/nuevatribuna\/images\/2020\/03\/11\/\/2020031114421125807.jpg\" alt=\"\" \/><\/figure><\/div>\n\n\n\n<p class=\"has-text-align-justify\"><strong>El dieciocho de junio de 1873<\/strong>, se recibe una comunicaci\u00f3n dirigida a la Diputaci\u00f3n provincial por parte de los diputados navarros a Cortes Generales, que dice lo siguiente:<\/p>\n\n\n\n<p class=\"has-text-align-justify\"><em>\u201cSr. Presidente de la Diputaci\u00f3n de Navarra. Muy Sr. Nuestro y de nuestra distinguida consideraci\u00f3n. Los Diputados por Navarra que suscriben deseosos del mejor acierto, as\u00ed como de interpretar los deseos de sus comitentes, ruega a Vd. se sirvan hacer presente a esa Corporaci\u00f3n que oir\u00e1n con agrado todas las observaciones que tenga a bien dirigirles acerca de los siguientes puntos:<\/em><\/p>\n\n\n\n<p><em>1\u00ba \u00bfConvendr\u00eda que Navarra constituyese por s\u00ed solo un Estado Federal?<\/em><\/p>\n\n\n\n<p><em>2\u00ba En caso contrario ser\u00eda preferible su uni\u00f3n a las provincias Vascas, a las de Arag\u00f3n, \u00f3 la Rioja:<\/em><\/p>\n\n\n\n<p><em>Es cuanto tenemos el gusto de manifestarles, encareciendo la urgencia de la contestaci\u00f3n. Tienen el gusto de ofrecerse con este motivo.\u201d<\/em><\/p>\n\n\n\n<p class=\"has-text-align-justify\">El diecinueve de junio, se convoca una reuni\u00f3n para tratar sobre la conveniencia o inconveniencia de que Navarra forme un Estado federal o se agregue a otras provincias.<\/p>\n\n\n\n<p class=\"has-text-align-justify\">Se re\u00fane la Diputaci\u00f3n provincial de Navarra bajo la presidencia de&nbsp;<strong>Esteban Cam\u00f3n<\/strong>, y en la que participan los diputados provinciales,&nbsp;<strong>Tom\u00e1s Moreno, Ferm\u00edn Ibarra, Baltasar Morr\u00e1s, Gumersindo Ochoa<\/strong>&nbsp;y&nbsp;<strong>Miguel Aldaz.&nbsp;<\/strong>Deciden que se debe invitar a una reuni\u00f3n m\u00e1s amplia a personas representativas de la sociedad navarra para que opinen sobre el tema cantonal, que se plantea en la posible nueva Constituci\u00f3n republicana.<\/p>\n\n\n\n<p>Se plantean tres alternativas a la Diputaci\u00f3n. Veamos:<\/p>\n\n\n\n<p class=\"has-text-align-justify\">1\u00ba La formaci\u00f3n de Navarra en un solo Estado y aceptar la unidad pol\u00edtica con el respeto y acatamiento en un solo Presidente de la Rep\u00fablica federal espa\u00f1ola, de un solo Parlamento y las altas leyes pol\u00edticas no opuestas a su autonom\u00eda foral.<\/p>\n\n\n\n<p class=\"has-text-align-justify\">En todo lo dem\u00e1s puede gobernarse sola, tanto en los apartados econ\u00f3mico, administrativo por sus fueros y leyes, sin que perjudique a la marcha de los dem\u00e1s Estados en su r\u00e9gimen interior, pues as\u00ed ha venido existiendo hasta la fechas sin oposici\u00f3n contraria.<\/p>\n\n\n\n<p class=\"has-text-align-justify\">2\u00ba La agregaci\u00f3n a Arag\u00f3n o Castilla en las que hay intereses generales creados, completamente diversos a Navarra, trayendo una perturbaci\u00f3n inmediata. Navarra no iba a tomar nada de Arag\u00f3n y Castilla. Estos obtendr\u00edan un provecho o ventaja que pueden gozar por s\u00ed solos.<\/p>\n\n\n\n<p class=\"has-text-align-justify\">Si Navarra se une a Arag\u00f3n o Castilla y el Congreso o Consejo cantonal act\u00faa para ambas provincias, no puede llegarse nunca a una uniformidad en ning\u00fan asunto.<\/p>\n\n\n\n<p class=\"has-text-align-justify\">Las diferencias en esas provincias en temas como la guarder\u00eda del campo, la daci\u00f3n de las cuentas municipales, los goces de aprovechamientos de montes y pastos se han regido y rigen por las leyes generales, por m\u00e1s que se les conceda a estos Congresos facultades de legislar esas materias. Respecto a los pueblos de Navarra no puede legalmente la Diputaci\u00f3n actual ni el Congreso de ambas provincias romper la costumbre en ley o la ley expresa de que en Navarra se nombran guardas en ciertos pueblos.<\/p>\n\n\n\n<p class=\"has-text-align-justify\">Se deja aparte otras consideraciones respecto a obras p\u00fablicas por las que tan altos sacrificios ha hecho Navarra, en los que dando participaci\u00f3n a otras provincias m\u00e1s retrasadas, pierde much\u00edsimo despu\u00e9s de tanto esfuerzo a su costa.<\/p>\n\n\n\n<figure class=\"wp-block-image\"><img decoding=\"async\" src=\"https:\/\/www.nuevatribuna.es\/media\/nuevatribuna\/images\/2020\/03\/11\/\/202003111442117754.jpg\" alt=\"f13\" \/><\/figure>\n\n\n\n<p class=\"has-text-align-justify\">Como es posible, que un Congreso cantonal mixto de provincias ejerciese las atribuciones del antiguo&nbsp;<strong>Consejo de Navarra&nbsp;<\/strong>y&nbsp;<strong>Diputaci\u00f3n del Reino<\/strong>, dadas privativamente a la actual Diputaci\u00f3n provincial, por Decreto de 21 de enero de 1871 de Gobernaci\u00f3n, es a la par Comisi\u00f3n provincial.<\/p>\n\n\n\n<p class=\"has-text-align-justify\">3\u00ba La uni\u00f3n a las provincias forales vascas, destaca la importancia de los puertos de mar y dejar\u00edan de crear problemas los derechos de entrada de nuestros vinos y l\u00edquidos en sus fronteras provinciales, con cuya cesaci\u00f3n o disminuci\u00f3n de pagos de aduanas se provocar\u00eda un crecimiento de nuestro comercio.<\/p>\n\n\n\n<p class=\"has-text-align-justify\">Ellos tienen su autonom\u00eda foral propia, que aunque inmejorable en su caso, como juzgamos la nuestra para nosotros, ha de sufrir un gran quebrantamiento, as\u00ed no la nuestra, si a de fusionarse de acuerdo las cuatro provincias, de ah\u00ed las protestas mutuas de las cuatro provincias que pretenden conservar su independencia.<\/p>\n\n\n\n<figure class=\"wp-block-image\"><img decoding=\"async\" src=\"https:\/\/www.nuevatribuna.es\/media\/nuevatribuna\/images\/2020\/03\/11\/\/2020031114421050139.jpg\" alt=\"f12\" \/><\/figure>\n\n\n\n<p class=\"has-text-align-justify\">Hay por otra parte, una alta consideraci\u00f3n que tener muy en cuenta: de todos es sabido, el esp\u00edritu pol\u00edtico que se da en la mayor\u00eda de las provincias&nbsp;<strong>Vascongadas<\/strong>&nbsp;y&nbsp;<strong>Navarra<\/strong>, el esp\u00edritu de guerra que domina los destinos de la naci\u00f3n, su sistema gubernamental, puede anular, en la plenitud de sus facultades nuestros fueros y franquicias, y puede suponer un peligro que no debe ocultarse.<\/p>\n\n\n\n<p class=\"has-text-align-justify\">Formado un Estado con las cuatro provincias mencionadas, es muy posible o al menos factible que se desarrolle y aumente un esp\u00edritu de imposici\u00f3n al resto de Espa\u00f1a y a que no se consiga la mayor\u00eda pol\u00edtica, vali\u00e9ndose de la amplitud del sufragio.<\/p>\n\n\n\n<p class=\"has-text-align-justify\">Abierta la sesi\u00f3n por el Presidente de la Diputaci\u00f3n provincial de Navarra, Esteban Cam\u00f3n invita a los participantes a que manifiesten su opini\u00f3n y planteen todas las dudas que les surjan sobre el tema del Cant\u00f3n, que plantea la Constituci\u00f3n republicana, sin ning\u00fan tipo de restricciones y con total libertad.<\/p>\n\n\n\n<figure class=\"wp-block-image\"><img decoding=\"async\" src=\"https:\/\/www.nuevatribuna.es\/media\/nuevatribuna\/images\/2020\/03\/11\/\/2020031114421076142.jpg\" alt=\"f11\" \/><\/figure>\n\n\n\n<p class=\"has-text-align-justify\">El resultado de dicha reuni\u00f3n es la informaci\u00f3n que pasa a sus diputados a&nbsp;<strong>Cortes en Madrid<\/strong>&nbsp;respecto su posici\u00f3n pol\u00edtica respecto al cant\u00f3n navarro en la futura&nbsp;<strong>Constituci\u00f3n<\/strong>&nbsp;republicana. Para ello, manda el siguiente telegrama a las Cortes:<\/p>\n\n\n\n<p class=\"has-text-align-justify\"><em>\u201cEn sesi\u00f3n extraordinaria de hoy 19 de junio a la que han concurrido varios particulares de las Merindades, residentes aqu\u00ed, ha quedado por unanimidad acordada la opini\u00f3n de que conviene que Navarra constituya por s\u00ed sola un Estado Federal, salvando en todo caso su autonom\u00eda foral dentro de la unidad constitucional, como hasta el presente. Comun\u00edquese a Diputados a Cortes\u201d.<\/em><\/p>\n\n\n\n<p class=\"has-text-align-justify\">El veintisiete de junio, la Diputaci\u00f3n acuerda dar una alocuci\u00f3n a los habitantes de Pamplona ante el estado de perturbaci\u00f3n pol\u00edtica:<\/p>\n\n\n\n<p class=\"has-text-align-justify\"><em>\u201cDiputaci\u00f3n foral y provincial de Navarra. Ciudadanos. La Diputaci\u00f3n de Navarra que no desconoce el c\u00edrculo de atribuciones administrativas se cree en el deber ineludible, por su car\u00e1cter de autoridad dirigir su voz a esta capital de la Provincia: la impulsa a ello el deseo vehemente que tiene de que por ning\u00fan motivo sea turbado el orden, base firme de todo poder y condici\u00f3n preciso de todo Gobierno, si es que ha de marchar dentro de su legitima existencia y mucho m\u00e1s si la forma de \u00e9l es apoyado en la democracia, en la Rep\u00fablica Federal proclamada por nuestras Cortes.<\/em><\/p>\n\n\n\n<p><em>Deponed pues, toda idea de excitaci\u00f3n aunque a ello os obligue el celo por los principios pol\u00edticos que profes\u00e1is.<\/em><\/p>\n\n\n\n<p class=\"has-text-align-justify\"><em>La Diputaci\u00f3n que acept\u00f3 y proclam\u00f3 la Rep\u00fablica asociada a las autoridades civiles y militares, la Diputaci\u00f3n que en 19 de febrero se dirigi\u00f3 a todo el pa\u00eds recomend\u00e1ndole el acatamiento de todas las autoridades leg\u00edtimas, hoy os repite lo mismo: orden y obediencia a las Autoridades.<\/em><\/p>\n\n\n\n<p class=\"has-text-align-justify\"><em>Respecto al Gobierno de la Rep\u00fablica federal, declarada en las constituyentes que son la Soberan\u00eda Nacional. Confiad en nuestras autoridades que unidas como est\u00e1n e identificadas en su anhelo por la buena marcha del Gobierno, sabr\u00e1n elevar al mismo nuestras aspiraciones, para que remueva todo obst\u00e1culo que se oponga a la consolidaci\u00f3n del orden y de la Rep\u00fablica\u201d.<\/em><\/p>\n\n\n\n<p class=\"has-text-align-justify\"><strong>El proyecto constitucional fue discutido durante tres d\u00edas, y en los debates se puso de manifiesto la falta de acuerdo entre los republicanos de distinto signo, lo que hizo imposible su aprobaci\u00f3n.<\/strong><\/p>\n\n\n\n<p><strong>EL DEBATE FORAL EN EL CONGRESO Y EL SENADO<\/strong><\/p>\n\n\n\n<p class=\"has-text-align-justify\">El diputado&nbsp;<strong>Madoz<\/strong>&nbsp;en una intervenci\u00f3n en la Cortes el d\u00eda seis de octubre dice:&nbsp;<em>\u201cque fuera de alguna excepci\u00f3n no hab\u00eda ning\u00fan fuero que se opusiese a la Constituci\u00f3n\u201d.<\/em><\/p>\n\n\n\n<p class=\"has-text-align-justify\">El ministro de Gracia y Justicia,<strong>&nbsp;Luis del R\u00edo Ramos<\/strong>, interviene en el Congreso, en nombre del Gobierno para entre otras cosas decir que si caben en la Constituci\u00f3n los fueros y expone que es una paradoja el sostener el concepto siguiente<em>:\u201dnadie se ofende porque le den una cosa mejor que la que tiene. No basta que a m\u00ed me pareciera mejor lo que doy; es menester que lo parezca as\u00ed al que lo reciba\u201d.<\/em><\/p>\n\n\n\n<figure class=\"wp-block-image\"><img decoding=\"async\" src=\"https:\/\/www.nuevatribuna.es\/media\/nuevatribuna\/images\/2020\/03\/11\/\/2020031114420940587.jpg\" alt=\"f9\" \/><\/figure>\n\n\n\n<p class=\"has-text-align-justify\">El mismo d\u00eda, el ministro&nbsp;<strong>Luis del R\u00edo&nbsp;<\/strong>Ramos replica al diputado Sancho diciendo<em>: \u201cque no comprend\u00eda, como el d\u00eda cuatro de octubre, hab\u00eda exclamado que siendo hijos de la libertad, los fueros y la Constituci\u00f3n y suponiendo que cab\u00edan aun mismo tiempo en la casa paterna, viniese a decir ahora que los fueros no pueden recibir la luz o el reflejo constitucional; es decir, a\u00f1ad\u00eda que este hijo que entre en la casa paterna ser\u00e1 ciego, no podr\u00e1 ver su casa nunca\u201d.<\/em><\/p>\n\n\n\n<p class=\"has-text-align-justify\">Ante las graves dudas que genera el fuero navarro en las Cortes Generales, la Diputaci\u00f3n emite un comunicado que dice:<\/p>\n\n\n\n<p class=\"has-text-align-justify\"><strong>\u00a1Cu\u00e1nta raz\u00f3n ten\u00eda el ministro censurando que se hiciese cuesti\u00f3n de subterfugios y de pasiones est\u00e1 en que hab\u00eda de por medio objetos tan sagrados!<\/strong><\/p>\n\n\n\n<p class=\"has-text-align-justify\"><em>Solo as\u00ed puede comprenderse que a la legislaci\u00f3n especial de Navarra la llamasen hijo prodigo de la Constituci\u00f3n espa\u00f1ola, cuando esta hab\u00eda de derivarse de los antiguos principios pol\u00edticos forales de Navarra en que estaban consignados los modernos derechos individuales, y en otra de la Nov\u00edsima recopilaci\u00f3n de Navarra; cuyas garant\u00edas dec\u00eda Ol\u00f3zaga (el seis de octubre) adquir\u00eda Navarra y no estaban contenidas en los fueros: era mucho apasionarse en hombres a quien no pod\u00eda considerarse ignorante, el decir que si el Estado moderno de la sociedad conquistaba esas grandes garant\u00edas, Navarra las conquista tambi\u00e9n; cuando se sabe que ya los ten\u00eda anteriormente y al gozarlas de nuevo, ning\u00fan favor se le hac\u00eda si en todo caso hab\u00eda de haber sido respetada su legislaci\u00f3n antigua foral a falda de Constituci\u00f3n<\/em>\u201d.\u00a0<\/p>\n\n\n\n<div class=\"wp-block-image\"><figure class=\"alignleft size-large\"><img decoding=\"async\" src=\"https:\/\/www.nuevatribuna.es\/media\/nuevatribuna\/images\/2020\/03\/11\/\/2020031114420913663.jpg\" alt=\"\" \/><\/figure><\/div>\n\n\n\n<p class=\"has-text-align-justify\">Llevado el asunto de la Constituci\u00f3n al Senado, se vuelve a repetir el cuestionamiento de los fueros. En la sesi\u00f3n del dieciocho de octubre, el senador Viluma hace p\u00fablicos sus temores acerca de la compatibilidad de los fueros y de la unidad constitucional por lo cual entiende\u00a0<em>\u201cun solo Monarca s\u00f3lo unos Cuerpos Colegisladores\u201d.<\/em><\/p>\n\n\n\n<p class=\"has-text-align-justify\">El senador&nbsp;<strong>Ferrer<\/strong>&nbsp;dice: \u201c<em>Eran diferentes los de Navarra y provincias Vascongadas que los fueros municipales y econ\u00f3micos eran dignos de admiraci\u00f3n y recomendables a la Naci\u00f3n para extenderlos a la misma y que por haberlos perdido algunas provincias se vieron caer en la miseria y ambici\u00f3n en que todas las ve\u00edan; que los municipales y econ\u00f3micos que hab\u00edan hecho la verdadera felicidad del pa\u00eds no estaban en oposici\u00f3n a la Constituci\u00f3n\u2026\u201d.<\/em><\/p>\n\n\n\n<p class=\"has-text-align-justify\">El duque de Fr\u00eda espera que el Gobierno explique el sentido de la palabra&nbsp;<em>\u201cunidad constitucional\u201d.<\/em><\/p>\n\n\n\n<p class=\"has-text-align-justify\">En nombre del Gobierno responde el ministro de Gracia y Justica diciendo<em>:\u201d La unidad de una cosa se salva en los principios de la Constituci\u00f3n, en los grandes v\u00ednculos en las grandes formas caracter\u00edsticas y de ning\u00fan modo en los peque\u00f1os detalles\u2026&nbsp;La Unidad Constitucional se salva habiendo un solo Rey Constitucional para todas las provincias, un mismo poder legislativo y una misma representaci\u00f3n com\u00fan\u201d.<\/em><\/p>\n\n\n\n<p class=\"has-text-align-justify\">El senador Ferrer afirma&nbsp;<em>\u201clo m\u00e1s generoso hubiera sido decir, ah\u00ed ten\u00e9is los fueros, que los espa\u00f1oles tienen una libertad nacional, consultad lo que os tiene m\u00e1s en cuanta, un\u00e1monos para formar una misma familia\u201d.<\/em><\/p>\n\n\n\n<p class=\"has-text-align-justify\">El representante navarro,\u00a0<strong>Conde de Ezpeleta<\/strong>\u00a0interviene en la sesi\u00f3n del Senado el 19 de octubre y afirma:\u00a0<em>\u201cSi la unidad constitucional se entiende como r\u00e9gimen constitucional, porque yo encuentro grande la diferencia. La diferencia de tomar las cosas en grande a venir a detenerse en las m\u00e1s peque\u00f1as, si se toma en aquel sentido, estamos acordes; pero si es en el segundo, dir\u00e9 que es una decepci\u00f3n, un enga\u00f1o; porque ser\u00eda decir que darnos una cosa, no d\u00e1ndola y entonces no habr\u00eda nada y las provincias quedaran reducidas a un estado peor que el de los \u00faltimos pueblos de Castilla\u201d.<\/em><\/p>\n\n\n\n<div class=\"wp-block-image\"><figure class=\"alignright size-large\"><img decoding=\"async\" src=\"https:\/\/www.nuevatribuna.es\/media\/nuevatribuna\/images\/2020\/03\/11\/\/2020031114420861662.jpg\" alt=\"\" \/><\/figure><\/div>\n\n\n\n<p class=\"has-text-align-justify\">Antes de proceder en el Senado a la votaci\u00f3n del texto constitucional republicano, el senador, Marqu\u00e9s de Montesa, pregunta si la palabra Fuero se entiende tambi\u00e9n la confirmaci\u00f3n de las leyes de Navarra.<\/p>\n\n\n\n<p class=\"has-text-align-justify\">Le contesta el ministro de Gracia y Justicia de forma afirmativa diciendo:<\/p>\n\n\n\n<p class=\"has-text-align-justify\"><em>\u201cMe he extendido y acaso he estado difuso en estas explicaciones porque el punto es sumamente importante en la actualidad; he dicho al principio que opinaba porque Navarra constituyese un solo Estado a Cant\u00f3n por si solo sin agregaci\u00f3n. La raz\u00f3n primera esta dicha en la exigencia de las Cortes de que los Reyes o Poder Soberano no pudieran hacer que fuera Reino aparte sino s\u00f3lo o de por \u00e9l.<\/em><\/p>\n\n\n\n<p class=\"has-text-align-justify\"><em>Aun que esto quisiese darse por abolido y completamente derogados por olvidados las tendencias hist\u00f3ricas en defensa de ser y querer ser Navarra una sola arguyendo que hab\u00eda aceptado la unidad constitucional, una cosa es que se haya entendido y se entienda hoy distinta del r\u00e9gimen y otra cosa es que a pretexto de \u00e9ste se intente prescindir de todo y sujetar a la provincia a anexiones por las cuales pierda su propia y foral autonom\u00eda administrativa que est\u00e1 comprendida en los 26 art\u00edculos de la Ley orden vigente de 16 de agosto de 1841\u201d.<\/em><\/p>\n\n\n\n<p class=\"has-text-align-justify\">Antes que finalizasen esos debates constitucionales y ante los reproches que recibe Pi i Margall por parte de muchos diputados que le acusaban de ser el responsable de la insurrecci\u00f3n cantonal por su pol\u00edtica de concesiones y por contemporizar con la situaci\u00f3n pol\u00edtica. Pi i Margall ante esta situaci\u00f3n presenta su dimisi\u00f3n<\/p>\n\n\n\n<p class=\"has-text-align-justify\">El dieciocho de julio, fue elegido nuevo presidente&nbsp;<a target=\"_blank\" href=\"https:\/\/www.nuevatribuna.es\/articulo\/historia\/dimision-nicolas-salmeron\/20160906114643131488.html\" rel=\"noreferrer noopener\">Nicol\u00e1s Salmer\u00f3n<\/a>, con 119 votos frente a los 93 que recibi\u00f3 Pi i Margall. En cinco meses se hab\u00edan sucedido ya cinco gobiernos y dos presidentes. Salmer\u00f3n fue elegido con el apoyo de los mon\u00e1rquicos. Salmer\u00f3n adopt\u00f3 una actitud de mayor firmeza ante la revoluci\u00f3n cantonal, que se hab\u00eda extendido por todo el sur y el levante espa\u00f1ol.<\/p>\n\n\n\n<p class=\"has-text-align-justify\">Sus primeras medidas consistieron en reorganizar el ej\u00e9rcito para intentar sanearlo y cortar los brotes de connivencia que se hab\u00eda producido entre algunas unidades y los insurrectos. Form\u00f3 expedientes a las autoridades que hab\u00edan tomado parte en las sublevaciones cantonales, como los gobernadores de Murcia y Alicante.<\/p>\n\n\n\n<figure class=\"wp-block-image\"><img decoding=\"async\" src=\"https:\/\/www.nuevatribuna.es\/media\/nuevatribuna\/images\/2020\/03\/11\/\/2020031114420837563.jpg\" alt=\"f6\" \/><\/figure>\n\n\n\n<p class=\"has-text-align-justify\">Recurri\u00f3 a los militares mon\u00e1rquicos como&nbsp;<strong>Mart\u00ednez Campos<\/strong>, o radicales como&nbsp;<strong>Pav\u00eda<\/strong>, a quienes nombr\u00f3, respectivamente, capitanes generales de Valencia y Andaluc\u00eda, las regiones donde se hab\u00eda centrado el conflicto, para que ejercieran la mano dura.<\/p>\n\n\n\n<p class=\"has-text-align-justify\">Pav\u00eda reuni\u00f3 un ej\u00e9rcito de tres mil hombres, que fueron suficientes para reducir los cantones andaluces de C\u00f3rdoba. Sevilla y C\u00e1diz a finales de julio e inicios de agosto. M\u00e1laga resisti\u00f3 alg\u00fan tiempo m\u00e1s y fue sometida el dieciocho de septiembre. La mayor resistencia la ofreci\u00f3 Cartagena que resisti\u00f3 el asedio del general L\u00f3pez Dom\u00ednguez hasta el once de enero del a\u00f1o 1874.<\/p>\n\n\n\n<p class=\"has-text-align-justify\">Los conservadores espa\u00f1oles presentaron el movimiento cantonalista como una revoluci\u00f3n social, sin embargo esto no es as\u00ed. Solamente en el caso de Alcoy y algunas acciones aisladas en Andaluc\u00eda tuvieron aspectos de revoluci\u00f3n social.<\/p>\n\n\n\n<p class=\"has-text-align-justify\">Para el historiador Jos\u00e9 Mar\u00eda Jover, la revoluci\u00f3n cantonal fue en todas partes el golpe de mano de activistas pol\u00edticos de una burgues\u00eda deseosa de detentar poder.<\/p>\n\n\n\n<p class=\"has-text-align-justify\">La utilizaci\u00f3n del ej\u00e9rcito por parte de Salmer\u00f3n le atrajo el ataque de la izquierda en las Cortes Generales. Sin embargo,&nbsp;<strong>Salmer\u00f3n<\/strong>&nbsp;se negaba a firmar dos sentencias de muerte propuestas por las autoridades militares, el cinco de septiembre present\u00f3 su dimisi\u00f3n. Las Cortes apoyaron a Emilio Castelar que cont\u00f3 con 133 votos, mientras que&nbsp;<strong>Pi i Margall<\/strong>&nbsp;obtuvo 67.<\/p>\n\n\n\n<p class=\"has-text-align-justify\">Castelar fue el \u00faltimo presidente de la I Rep\u00fablica y su gesti\u00f3n se centr\u00f3 en conseguir el apoyo de los radicales, pues cre\u00eda que su separaci\u00f3n hab\u00eda sido el principal error de los pol\u00edticos republicanos.<\/p>\n\n\n\n<p class=\"has-text-align-justify\">Protegi\u00f3 a los mon\u00e1rquicos y pact\u00f3 con la&nbsp;<strong>Santa Sede,<\/strong>&nbsp;todo lo cual significa un importante golpe de tim\u00f3n para que la Rep\u00fablica se inclinase hacia la derecha. Su \u00e9xito m\u00e1s importante fue lograr la confianza del ej\u00e9rcito. La I Rep\u00fablica giraba hacia la derecha y esto hace que la izquierda junto a Salmer\u00f3n acuse a Castelar de crear una Rep\u00fablica que pod\u00edan disfrutar los no republicanos.<\/p>\n\n\n\n<figure class=\"wp-block-image\"><img decoding=\"async\" src=\"https:\/\/www.nuevatribuna.es\/media\/nuevatribuna\/images\/2020\/03\/11\/\/2020031114420797407.jpg\" alt=\"f4\" \/><\/figure>\n\n\n\n<p class=\"has-text-align-justify\">El gobierno de&nbsp;<strong>Castelar<\/strong>&nbsp;fue derrotado en dos votaciones en la Cortes y crec\u00eda la posibilidad de que se restableciese el sistema federal. El Capit\u00e1n General de Madrid, el radical,&nbsp;<strong>Manuel Pav\u00eda<\/strong>, irrumpi\u00f3 en las Cortes el tres de enero de 1874 y con uno pocos disparos, acab\u00f3 con las Cortes Constituyente republicanas.<\/p>\n\n\n\n<p>Pav\u00eda se dirige a los mandos del ej\u00e9rcito diciendo:<\/p>\n\n\n\n<p class=\"has-text-align-justify\"><em>\u201cDos veces ha sido derrotado el Ministerio de Castelar e iba a ser sustituido por lo es basan su pol\u00edtica en la destrucci\u00f3n de la Patria.<\/em><\/p>\n\n\n\n<p class=\"has-text-align-justify\"><em>En nombre, pues, de la salvaci\u00f3n del ej\u00e9rcito, de la Libertad y de la Patria, he ocupado el Congreso, convocado a los representantes de todos los partidos, exceptuando los cantonales y los carlistas, para que formen un gobierno nacional que salve tan caros objetos.<\/em><\/p>\n\n\n\n<p class=\"has-text-align-justify\"><em>El Capit\u00e1n General de Madrid no formar\u00eda parte del Gobierno, y continuar\u00e1 en su puesto. En nombre de la Patria, espero que secundar\u00e1 V.E mi patri\u00f3tica misi\u00f3n, conservando el orden a todo trance\u201d.<\/em><\/p>\n\n\n\n<p class=\"has-text-align-justify\">El golpe del general Pav\u00eda supon\u00eda una vuelta a la tradicional concepci\u00f3n del papel del ej\u00e9rcito en la Espa\u00f1a liberal. Cuando se llegaba a un momento de crisis pol\u00edtica y de revuelta social, como el que se daba en la I Rep\u00fablica espa\u00f1ola, el ej\u00e9rcito asum\u00eda la responsabilidad de poner las cosas en sus sitio, restableciendo el orden y reconduciendo la marcha del pa\u00eds por los cauces que representaba la verdadera voluntad nacional, que no era otra que garantizar el poder a las elites nacionales en contra del sentir de la mayor\u00eda.<\/p>\n\n\n\n<figure class=\"wp-block-image\"><img decoding=\"async\" src=\"https:\/\/www.nuevatribuna.es\/media\/nuevatribuna\/images\/2020\/03\/11\/\/2020031114420764842.jpg\" alt=\"f3\" \/><\/figure>\n\n\n\n<p class=\"has-text-align-justify\">En este caso, como en otros anteriores y otros posteriores de la historia, el papel del ej\u00e9rcito siempre ha sido el de garantizar el poder a las elites pol\u00edticas y econ\u00f3micas sin importarles nada el coste para el resto de la poblaci\u00f3n.<\/p>\n\n\n\n<p class=\"has-text-align-justify\">Una vez disueltas las Cortes, Pav\u00eda reuni\u00f3 a pol\u00edticos y generales que se encontraban en Madrid para entregares el poder. Los generales&nbsp;<strong>Serrano, Concha, Topete y Berenguer,<\/strong>&nbsp;junto a los pol\u00edticos&nbsp;<strong>Rivero, Martos, Sagasta<\/strong>&nbsp;acordaron que el Gobierno que se hab\u00eda de constituir siguiera llam\u00e1ndose Poder Ejecutivo de la Rep\u00fablica.<\/p>\n\n\n\n<p class=\"has-text-align-justify\">Se nombre presidente de la Rep\u00fablica al general&nbsp;<strong>Serrano<\/strong>&nbsp;y el gobierno estar\u00eda presidido por&nbsp;<strong>Zavala<\/strong>. La Rep\u00fablica no dejaba de existir, aunque tomaba una forma diferente, donde la alta burgues\u00eda, la aristocracia, el clero ocupar\u00edan lugar principal en el desarrollo pol\u00edtico.<\/p>\n\n\n\n<p class=\"has-text-align-justify\">Con el fin de conseguir el mayor apoyo a esta Rep\u00fablica presidencialista, Serrano pidi\u00f3 la colaboraci\u00f3n de&nbsp;<a target=\"_blank\" href=\"https:\/\/www.nuevatribuna.es\/articulo\/cultura---ocio\/canovas-y-construccion-sistema-politico-restauracion\/20150612114708117089.html\" rel=\"noreferrer noopener\">C\u00e1novas del Castillo<\/a>, que era el representante de Alfonso XII y tambi\u00e9n la de Castelar, que era el republicano m\u00e1s conservador. Sin embargo, ninguno de los dos lo apoyo, pues no estaban de acuerdo con la salida pol\u00edtica propuesta, ni aun como f\u00f3rmula transitoria.<\/p>\n\n\n\n<figure class=\"wp-block-image\"><img decoding=\"async\" src=\"https:\/\/www.nuevatribuna.es\/media\/nuevatribuna\/images\/2020\/03\/11\/\/2020031114420728904.jpg\" alt=\"f2\" \/><\/figure>\n\n\n\n<p class=\"has-text-align-justify\">Serrano dio un papel principal al ej\u00e9rcito y mand\u00f3 disolver la I Internacional. A los pocos d\u00edas de tomar el poder, se rend\u00eda el cant\u00f3n de Cartagena a las tropas de<strong>&nbsp;L\u00f3pez Dom\u00ednguez.<\/strong><\/p>\n\n\n\n<p class=\"has-text-align-justify\">Bilbao se encontraba sitiada por las tropas carlistas desde inicios de enero de 1874, y hab\u00eda fracaso los diversos intentos del ej\u00e9rcito liberal de romper el cerco carlista de la ciudad.<\/p>\n\n\n\n<p class=\"has-text-align-justify\">Serrano toma el mando del ej\u00e9rcito liberal del norte y con eso pretend\u00eda conseguir una victoria que reforzara su posici\u00f3n pol\u00edtica. Mientras tanto, en Madrid se produc\u00edan conspiraciones alfonsinas dirigidas por los generales&nbsp;<strong>Concha, Echague y Mart\u00ednez Campos<\/strong>&nbsp;como se vio en abril y planteaban el restablecimiento de una monarqu\u00eda encabezada por Alfonso XII.<\/p>\n\n\n\n<p class=\"has-text-align-justify\">El gobierno de&nbsp;<strong>Zavala<\/strong>&nbsp;tuvo que tomar en el campo financiero una medida de transcendental importancia y su ministro de Hacienda,&nbsp;<strong>Echegaray<\/strong>, hizo aprobar un decreto el diecinueve de marzo, por el que el Banco de Espa\u00f1a recib\u00eda el monopolio de la emisi\u00f3n de billetes, pudiendo poner en circulaci\u00f3n dinero por cuatro veces superior al encaje oro y plata, y por cinco veces de su capital efectivo, que fue elevado a cien millones de pesetas.<\/p>\n\n\n\n<p class=\"has-text-align-justify\">La situaci\u00f3n econ\u00f3mica que hab\u00eda heredado la Revoluci\u00f3n de 1868 de la monarqu\u00eda de Isabel II era desastrosa. El ministro de Hacienda del gobierno provisional del a\u00f1o 1868,&nbsp;<strong>Laureano Figuerola<\/strong>, lo denuncio inmediatamente. La deuda superaba los ingresos anuales y los gastos comenzaron a crecer con el triunfo de la revoluci\u00f3n Gloriosa, con lo que la situaci\u00f3n econ\u00f3mica empeora.<\/p>\n\n\n\n<figure class=\"wp-block-image\"><img decoding=\"async\" src=\"https:\/\/www.nuevatribuna.es\/media\/nuevatribuna\/images\/2020\/03\/11\/\/2020031114420677450.jpg\" alt=\"f1\" \/><\/figure>\n\n\n\n<p class=\"has-text-align-justify\">Figuerola plantea una serie de reformas para lograr la nivelaci\u00f3n del presupuesto de forma gradual. El principal problema que hab\u00eda padecido la econom\u00eda del pa\u00eds resid\u00eda en los obst\u00e1culos que la pol\u00edtica proteccionista de la era isabelina hab\u00eda impuesto al desarrollo mercantil e industrial de Espa\u00f1a. Su principal misi\u00f3n fue la supresi\u00f3n y la reforma de todos aquellos tributos que obstaculizasen la libertad de comercio o la circulaci\u00f3n de mercanc\u00edas.<\/p>\n\n\n\n<p class=\"has-text-align-justify\">La pol\u00edtica que llevaron a cabo para igualar gradual los presupuestos fue la de recurrir al cr\u00e9dito, tanto para hacer frente al d\u00e9ficit heredado como para financiar los que se hab\u00edan de producir en el proceso de transici\u00f3n. Se efectuaron una serie operaciones de cr\u00e9dito con bancos extranjeros en unas condiciones muy desfavorables para el Estado espa\u00f1ol que elevaron considerablemente la deuda exterior espa\u00f1ola.<\/p>\n\n\n\n<p class=\"has-text-align-justify\">Durante la Rep\u00fablica la producci\u00f3n manufacturera y el comercio exterior funcion\u00f3 bien y la balanza comercial tuvo su \u00fanico a\u00f1o de saldo favorable. Sin embargo, la brusca subida del oro en el mercado nacional agrav\u00f3 la situaci\u00f3n por el retraimiento de las clases adineradas que prefirieron guardar sus reservas. Los fondos p\u00fablicos bajaron y las peticiones de reembolsar billetes aumentaron. Se produjo una cierta crisis bancaria, pero las mayores consecuencias las sufri\u00f3 el r\u00e9gimen republicano dirigido por el general Serrano.<\/p>\n\n\n\n<p class=\"has-text-align-justify\">El tres de septiembre de 1874 Zavala dimiti\u00f3, siendo sustituido por Sagasta, lo que no evito que los seguidores de Alfonso XII siguiesen conspirando. A finales del a\u00f1o 1874, Espa\u00f1a hab\u00eda alcanzado su m\u00e1ximo grado de cansancio pol\u00edtico. Despu\u00e9s de una revoluci\u00f3n, un r\u00e9gimen provisional, una monarqu\u00eda democr\u00e1tica y una rep\u00fablica que hab\u00eda atravesado en su corta duraci\u00f3n por dos fases diferentes, ahora el r\u00e9gimen del general Serrano se mostraba falto de perspectivas y con escaso futuro.<\/p>\n\n\n\n<p class=\"has-text-align-justify\">Como todos estamos viendo, r\u00e1pidamente fue eliminada la I\u00aa Rep\u00fablica y el texto constitucional por el que se iba a regir nunca vio la luz ni fue puesta en pr\u00e1ctica.&nbsp;<strong>La monarqu\u00eda borb\u00f3nica aparece como la \u00fanica salida posible pol\u00edtica a tantos intentos frustrados de encontrar una soluci\u00f3n pol\u00edtica para el pa\u00eds.<\/strong><\/p>\n","protected":false},"excerpt":{"rendered":"<p>Autor: Edmundo Fayanas Escuer Fuente: NUEVATRIBUNA.ES 11\/03\/20 La&nbsp;I Republica espa\u00f1ola&nbsp;surge el once de febrero de 1873, y dura hasta el 31 de diciembre de 1874. Podemos dividir este periodo republicano en dos fases: &nbsp;La primera parte que ir\u00eda del once de febrero de 1873 hasta el dos de enero de 1874, que termina con el &hellip; <a href=\"https:\/\/blogsaverroes.juntadeandalucia.es\/aldeacordoba\/?p=1020\" class=\"more-link\">Continuar leyendo<span class=\"screen-reader-text\"> \u00abPrimera rep\u00fablica espa\u00f1ola\u00bb<\/span><\/a><\/p>\n","protected":false},"author":168,"featured_media":0,"comment_status":"open","ping_status":"open","sticky":false,"template":"","format":"standard","meta":{"ngg_post_thumbnail":0,"footnotes":""},"categories":[224384,224397],"tags":[224678],"aioseo_notices":[],"_links":{"self":[{"href":"https:\/\/blogsaverroes.juntadeandalucia.es\/aldeacordoba\/index.php?rest_route=\/wp\/v2\/posts\/1020"}],"collection":[{"href":"https:\/\/blogsaverroes.juntadeandalucia.es\/aldeacordoba\/index.php?rest_route=\/wp\/v2\/posts"}],"about":[{"href":"https:\/\/blogsaverroes.juntadeandalucia.es\/aldeacordoba\/index.php?rest_route=\/wp\/v2\/types\/post"}],"author":[{"embeddable":true,"href":"https:\/\/blogsaverroes.juntadeandalucia.es\/aldeacordoba\/index.php?rest_route=\/wp\/v2\/users\/168"}],"replies":[{"embeddable":true,"href":"https:\/\/blogsaverroes.juntadeandalucia.es\/aldeacordoba\/index.php?rest_route=%2Fwp%2Fv2%2Fcomments&post=1020"}],"version-history":[{"count":0,"href":"https:\/\/blogsaverroes.juntadeandalucia.es\/aldeacordoba\/index.php?rest_route=\/wp\/v2\/posts\/1020\/revisions"}],"wp:attachment":[{"href":"https:\/\/blogsaverroes.juntadeandalucia.es\/aldeacordoba\/index.php?rest_route=%2Fwp%2Fv2%2Fmedia&parent=1020"}],"wp:term":[{"taxonomy":"category","embeddable":true,"href":"https:\/\/blogsaverroes.juntadeandalucia.es\/aldeacordoba\/index.php?rest_route=%2Fwp%2Fv2%2Fcategories&post=1020"},{"taxonomy":"post_tag","embeddable":true,"href":"https:\/\/blogsaverroes.juntadeandalucia.es\/aldeacordoba\/index.php?rest_route=%2Fwp%2Fv2%2Ftags&post=1020"}],"curies":[{"name":"wp","href":"https:\/\/api.w.org\/{rel}","templated":true}]}}