{"id":1028,"date":"2020-03-20T08:31:00","date_gmt":"2020-03-20T07:31:00","guid":{"rendered":"https:\/\/jmoragahc.wordpress.com\/?p=1028"},"modified":"2020-03-20T08:31:00","modified_gmt":"2020-03-20T07:31:00","slug":"la-gripe-espanola-la-pandemia-de-1918-que-no-comenzo-en-espana","status":"publish","type":"post","link":"https:\/\/blogsaverroes.juntadeandalucia.es\/aldeacordoba\/?p=1028","title":{"rendered":"La Gripe Espa\u00f1ola: la pandemia de 1918 que no comenz\u00f3 en Espa\u00f1a"},"content":{"rendered":"\n<figure class=\"wp-block-image size-large\"><img decoding=\"async\" src=\"https:\/\/gacetamedica.com\/wp-content\/uploads\/2020\/01\/image_content_343324_20180119130446.jpg\" alt=\"\" \/><\/figure>\n\n\n\n<p><strong>Autora<\/strong>: Sandra Pulido<\/p>\n\n\n\n<p><strong>Fuente<\/strong>:  <em><a href=\"https:\/\/gacetamedica.com\/investigacion\/la-gripe-espanola-la-pandemia-de-1918-que-no-comenzo-en-espana-fy1357456\/\">Gaceta M\u00e9dica<\/a><\/em>. 19\/01\/2018<\/p>\n\n\n\n<p class=\"has-text-align-justify\">La&nbsp;<strong>Gripe Espa\u00f1ola<\/strong>&nbsp;mat\u00f3 entre&nbsp;<strong>1918 y 1920<\/strong>&nbsp;a m\u00e1s de 40 millones de personas en todo el mundo. Se desconoce la cifra exacta de la pandemia que es considerada la m\u00e1s devastadora de la historia. Un siglo despu\u00e9s a\u00fan no se sabe cu\u00e1l fue el origen de esta epidemia que no entend\u00eda de fronteras ni de clases sociales.<\/p>\n\n\n\n<p class=\"has-text-align-justify\">Aunque algunos investigadores afirman que empez\u00f3 en Francia en 1916 o en China en 1917, muchos estudios sit\u00faan los primeros casos en la&nbsp;<strong>base militar de Fort Riley<\/strong>&nbsp;(EE.UU.) el 4 de marzo de 1918.<\/p>\n\n\n\n<p class=\"has-text-align-justify\">Tras registrarse los primeros casos en Europa la gripe pas\u00f3 a Espa\u00f1a. Un pa\u00eds neutral en la<strong>&nbsp;I Guerra Mundial<\/strong>&nbsp;que no censur\u00f3 la publicaci\u00f3n de los informes sobre la enfermedad y sus consecuencias a diferencia de los otros pa\u00edses centrados en el conflicto b\u00e9lico.<\/p>\n\n\n\n<p class=\"has-text-align-justify\">Ser el \u00fanico pa\u00eds que se hizo eco del problema provoc\u00f3 que la epidemia se conociese como la Gripe Espa\u00f1ola. Y a pesar de no ser el epicentro, Espa\u00f1a fue uno de los m\u00e1s afectados con 8 millones de personas infectadas y 300.000 personas fallecidas.<\/p>\n\n\n\n<figure class=\"wp-block-image size-large\"><img decoding=\"async\" src=\"https:\/\/gacetamedica.com\/wp-content\/uploads\/2020\/02\/The-Spanish-Influenza.-Emergency-military-hospital-during-influenza-epidemic-Camp-Funston-Kansas-United-States_National-Museum-of-Health-and-Medicine-1-1.jpg\" alt=\"\" \/><figcaption><em>Hospital militar de emergencia durante la epidemia de Gripe Espa\u00f1ola. Camp Funston Kansas Estados Unidos.<\/em><br><em>\/ Foto: Museo Nacional de Salud y Medicina<\/em><br><\/figcaption><\/figure>\n\n\n\n<p class=\"has-text-align-justify\">La censura y la falta de recursos evitaron investigar el foco letal del virus. Ahora sabemos que fue causado por un&nbsp;<strong>brote de influenza virus A<\/strong>, del subtipo H1N1. A diferencia de otros virus que afectan b\u00e1sicamente a ni\u00f1os y ancianos, muchas de sus v\u00edctimas fueron j\u00f3venes y adultos saludables entre 20 y 40 a\u00f1os, una franja de edad que probablemente no estuvo expuesta al virus durante su ni\u00f1ez y no contaba con inmunidad natural.<\/p>\n\n\n\n<p class=\"has-text-align-justify\">Fiebre elevada, dolor de o\u00eddos, cansancio corporal, diarreas y v\u00f3mitos ocasionales eran los s\u00edntomas propios de esta enfermedad. La mayor\u00eda de las personas que fallecieron durante la pandemia sucumbieron a una<strong>&nbsp;neumon\u00eda bacteriana secundaria<\/strong>, ya que no hab\u00eda antibi\u00f3ticos disponibles.<\/p>\n\n\n\n<p class=\"has-text-align-justify\">Sin embargo, un grupo muri\u00f3 r\u00e1pidamente despu\u00e9s de la aparici\u00f3n de los primeros s\u00edntomas, a menudo con hemorragia pulmonar aguda masiva o con edema pulmonar, y con frecuencia en menos de cinco d\u00edas.<\/p>\n\n\n\n<p class=\"has-text-align-justify\">En los cientos de autopsias realizadas en el a\u00f1o 1918 los hallazgos patol\u00f3gicos primarios se limitaban al \u00e1rbol respiratorio por lo que los resultados se centraban en la insuficiencia respiratoria, sin evidenciar la circulaci\u00f3n de un virus.<\/p>\n\n\n\n<p class=\"has-text-align-justify\">Al no haber protocolos sanitarios que seguir los pacientes se agolpaban en espacios reducidos y sin ventilaci\u00f3n y los cuerpos en las morgues y los cementerios. Por aquel entonces se har\u00eda popular la&nbsp;<strong>m\u00e1scara de tela y gasa<\/strong>&nbsp;con las que la poblaci\u00f3n se sent\u00eda m\u00e1s tranquila, aunque fueran del todo in\u00fatiles.<\/p>\n\n\n\n<p class=\"has-text-align-justify\">En el verano de 1920 el virus desapareci\u00f3 tal y como hab\u00eda llegado.<\/p>\n\n\n\n<figure class=\"wp-block-image\"><img decoding=\"async\" src=\"https:\/\/gacetamedica.com\/wp-content\/uploads\/2020\/02\/1918_flu_outbreak_RedCrossLitterCarriersSpanishFluWashingtonDC-1024x800.jpg\" alt=\"\" class=\"wp-image-60328\" \/><figcaption>Portadores de la Cruz Roja durante la Gripe Espa\u00f1ola. Washington DC.<\/figcaption><\/figure>\n\n\n\n<h4 class=\"wp-block-heading\"><strong>Y AS\u00cd LA LLAMARON<\/strong>\u2026<\/h4>\n\n\n\n<p class=\"has-text-align-justify\">Los\u00a0<strong>peri\u00f3dicos espa\u00f1oles<\/strong>\u00a0fueron los primeros en informar sobre una enfermedad que estaba matando a la poblaci\u00f3n. En el resto de Europa, y a ambos lados de las l\u00edneas aliadas,\u00a0<strong>censuraron toda informaci\u00f3n<\/strong>\u00a0para no desmoralizar a las tropas ni mostrar debilidad ante el enemigo. Con lo cual, s\u00f3lo se convirti\u00f3 en noticia en los pa\u00edses neutrales. En un primer momento los medios de Espa\u00f1a intentaron tambi\u00e9n darle nombre extranjero bautiz\u00e1ndola como \u2018<strong>El soldado de N\u00e1poles\u2019\u00a0<\/strong>o \u2018La enfermedad de moda\u2019. Tras informar el corresponsal del\u00a0<strong><em>The Times<\/em>\u00a0en Madrid<\/strong>, el termino de \u2018La Gripe Espa\u00f1ola\u2019 se extender\u00eda por el resto del mundo a partir del verano de 1918.<\/p>\n\n\n\n<figure class=\"wp-block-image size-large\"><img decoding=\"async\" src=\"https:\/\/gacetamedica.com\/wp-content\/uploads\/2020\/02\/SpanishFluPosterAlberta.jpg\" alt=\"\" \/><figcaption><em>Cartel de la Gripe Espa\u00f1ola en Alberta.<\/em><\/figcaption><\/figure>\n","protected":false},"excerpt":{"rendered":"<p>Autora: Sandra Pulido Fuente: Gaceta M\u00e9dica. 19\/01\/2018 La&nbsp;Gripe Espa\u00f1ola&nbsp;mat\u00f3 entre&nbsp;1918 y 1920&nbsp;a m\u00e1s de 40 millones de personas en todo el mundo. Se desconoce la cifra exacta de la pandemia que es considerada la m\u00e1s devastadora de la historia. Un siglo despu\u00e9s a\u00fan no se sabe cu\u00e1l fue el origen de esta epidemia que no &hellip; <a href=\"https:\/\/blogsaverroes.juntadeandalucia.es\/aldeacordoba\/?p=1028\" class=\"more-link\">Continuar leyendo<span class=\"screen-reader-text\"> \u00abLa Gripe Espa\u00f1ola: la pandemia de 1918 que no comenz\u00f3 en Espa\u00f1a\u00bb<\/span><\/a><\/p>\n","protected":false},"author":168,"featured_media":0,"comment_status":"open","ping_status":"open","sticky":false,"template":"","format":"standard","meta":{"ngg_post_thumbnail":0,"footnotes":""},"categories":[224385,224389],"tags":[224635],"aioseo_notices":[],"_links":{"self":[{"href":"https:\/\/blogsaverroes.juntadeandalucia.es\/aldeacordoba\/index.php?rest_route=\/wp\/v2\/posts\/1028"}],"collection":[{"href":"https:\/\/blogsaverroes.juntadeandalucia.es\/aldeacordoba\/index.php?rest_route=\/wp\/v2\/posts"}],"about":[{"href":"https:\/\/blogsaverroes.juntadeandalucia.es\/aldeacordoba\/index.php?rest_route=\/wp\/v2\/types\/post"}],"author":[{"embeddable":true,"href":"https:\/\/blogsaverroes.juntadeandalucia.es\/aldeacordoba\/index.php?rest_route=\/wp\/v2\/users\/168"}],"replies":[{"embeddable":true,"href":"https:\/\/blogsaverroes.juntadeandalucia.es\/aldeacordoba\/index.php?rest_route=%2Fwp%2Fv2%2Fcomments&post=1028"}],"version-history":[{"count":0,"href":"https:\/\/blogsaverroes.juntadeandalucia.es\/aldeacordoba\/index.php?rest_route=\/wp\/v2\/posts\/1028\/revisions"}],"wp:attachment":[{"href":"https:\/\/blogsaverroes.juntadeandalucia.es\/aldeacordoba\/index.php?rest_route=%2Fwp%2Fv2%2Fmedia&parent=1028"}],"wp:term":[{"taxonomy":"category","embeddable":true,"href":"https:\/\/blogsaverroes.juntadeandalucia.es\/aldeacordoba\/index.php?rest_route=%2Fwp%2Fv2%2Fcategories&post=1028"},{"taxonomy":"post_tag","embeddable":true,"href":"https:\/\/blogsaverroes.juntadeandalucia.es\/aldeacordoba\/index.php?rest_route=%2Fwp%2Fv2%2Ftags&post=1028"}],"curies":[{"name":"wp","href":"https:\/\/api.w.org\/{rel}","templated":true}]}}