{"id":1035,"date":"2020-04-10T10:44:00","date_gmt":"2020-04-10T09:44:00","guid":{"rendered":"https:\/\/jmoragahc.wordpress.com\/?p=1035"},"modified":"2020-04-10T10:44:00","modified_gmt":"2020-04-10T09:44:00","slug":"1918-la-otra-gran-epidemia-que-no-nos-tomamos-en-serio","status":"publish","type":"post","link":"https:\/\/blogsaverroes.juntadeandalucia.es\/aldeacordoba\/?p=1035","title":{"rendered":"1918, la otra gran epidemia que no nos tomamos en serio"},"content":{"rendered":"\n<figure class=\"wp-block-image size-large\"><img decoding=\"async\" src=\"https:\/\/imagenes.elpais.com\/resizer\/0u1jHWzybszH_2n-O8BE1qSzyR0=\/1500x0\/arc-anglerfish-eu-central-1-prod-prisa.s3.amazonaws.com\/public\/QNE3LEIBNVC7TMIWLG4MJE7KMI.jpg\" alt=\"\" \/><figcaption>Hospital de emergencia para la gripe de 1918 en Kansas (EE UU).AP PHOTO\/NATIONAL MUSEUM OF HEALTH<\/figcaption><\/figure>\n\n\n\n<p><strong>Autor<\/strong>: <a href=\"https:\/\/elpais.com\/autor\/daniel_mediavilla_gonzalez\/a\/\">DANIEL MEDIAVILLA<\/a><\/p>\n\n\n\n<p><strong>Fuente<\/strong>: <a href=\"https:\/\/elpais.com\/ciencia\/2020-03-21\/1918-la-otra-gran-epidemia-que-no-nos-tomamos-en-serio.html?ssm=FB_CC&amp;fbclid=IwAR17kmqH09rUGKBAZZNaqKKUHeBhN__up-xzzanOS54TvbPh6AizyIgduio\">El Pa\u00eds <\/a> 22\/02\/2020<\/p>\n\n\n\n<p class=\"has-text-align-justify\">Al principio, los espa\u00f1oles tambi\u00e9n se re\u00edan. El 22 de mayo de 1918, el diario&nbsp;<em>ABC<\/em>&nbsp;public\u00f3 en portada la aparici\u00f3n de una enfermedad parecida a la gripe, pero con efectos leves. Durante ese mes, se celebran en la capital las fiestas de San Isidro y las verbenas populares se convirtieron en espacios ideales para el contagio. Con guasa, se bautiz\u00f3 aquella gripe como&nbsp;<a href=\"https:\/\/www.youtube.com\/watch?v=VuueuVkJIOE\" target=\"_blank\" rel=\"noreferrer noopener\"><em>Soldado de N\u00e1poles<\/em><\/a>, igual que una canci\u00f3n que entonces sonaba en la zarzuela&nbsp;<em>La canci\u00f3n del olvido<\/em>, y que, como la nueva enfermedad, era muy pegadiza.<\/p>\n\n\n\n<p class=\"has-text-align-justify\">Los espa\u00f1oles de aquel tiempo no pudieron ver venir la pandemia como s\u00ed ha sucedido ahora. Con medio mundo enfangado en la Gran Guerra, los contendientes no informaron sobre la enfermedad que estaba diezmando a sus soldados para no envalentonar a los adversarios y fue en Espa\u00f1a, neutral en el conflicto, donde se dio a conocer lo que suced\u00eda. Por eso la gran pandemia del siglo XX, que mat\u00f3 a m\u00e1s de 50 millones de personas en todo el mundo, se bautiz\u00f3 como \u201cLa gripe espa\u00f1ola\u201d, aunque no estuviese en Espa\u00f1a su origen.<\/p>\n\n\n\n<p class=\"has-text-align-justify\">En 2008, cuando la pr\u00f3xima gran pandemia a\u00fan era solo un temor entre vir\u00f3logos y epidemi\u00f3logos, Antoni Trilla, el actual jefe de epidemiolog\u00eda del hospital Cl\u00ednic de Barcelona, public\u00f3 un relato sobre c\u00f3mo se vivi\u00f3 la gripe de 1918 que muestra algunas diferencias fundamentales y sorprendentes paralelismos con la crisis del coronavirus. En aquella ocasi\u00f3n, la situaci\u00f3n tambi\u00e9n empeor\u00f3 despu\u00e9s de tomarse a la ligera y la reacci\u00f3n err\u00e1tica de las autoridades sanitarias provoc\u00f3 su descr\u00e9dito frente a la ciudadan\u00eda y la prensa que cuestionaba a diario sus actuaciones. Como ahora, el virus tampoco respet\u00f3 jerarqu\u00edas. El rey Alfonso XIII y el jefe de Gobierno, Manuel Garc\u00eda Prieto, enfermaron.Al principio, a la enfermedad se la llamaba con humor \u2018Soldado de N\u00e1poles\u2019, una canci\u00f3n de \u00e9xito de la \u00e9poca que tambi\u00e9n era muy pegadiza<\/p>\n\n\n\n<p class=\"has-text-align-justify\">En 1918, Espa\u00f1a era muy distinta. La mitad de sus habitantes eran analfabetos y la tasa de mortalidad infantil doblaba la de los pa\u00edses m\u00e1s pobres de hoy, pero muchas medidas para contener la epidemia recuerdan a las actuales. Se cerraron universidades y escuelas y se control\u00f3 el transporte ferroviario, con cuadrillas que desinfectaban los trenes para contener la expansi\u00f3n del virus. Pero tambi\u00e9n hubo reticencias por parte de algunas autoridades locales. El alcalde de Valladolid se resisti\u00f3 a cancelar las fiestas en septiembre temiendo las p\u00e9rdidas para los negocios de la ciudad.<\/p>\n\n\n\n<p class=\"has-text-align-justify\">Casi como ahora, m\u00e1s all\u00e1 de ayudar a los enfermos a sobrevivir, la panoplia de los m\u00e9dicos era limitada, sin opciones curativas, aunque las t\u00e9cnicas eran mucho m\u00e1s rudimentarias. Se probaron sin \u00e9xito algunas vacunas experimentales e incluso se aplicaron sangr\u00edas, una t\u00e9cnica que ya llevaba un siglo desacreditada por la medicina. \u201cLos espa\u00f1oles comenzaron a preguntarse si los m\u00e9dicos y cient\u00edficos ten\u00edan alguna idea sobre lo que estaba pasando\u201d, escribe Trilla.<\/p>\n\n\n\n<p class=\"has-text-align-justify\">A falta de confianza en la ciencia, muchos se abrazaron a la fe. En Zamora, una de las provincias m\u00e1s afectadas por la gripe, el obispo, \u00c1lvaro Ballano, afirm\u00f3: \u201cEl mal que se cierne sobre nosotros es consecuencia de nuestros pecados y falta de gratitud, y por eso ha ca\u00eddo sobre nosotros la venganza de la justicia eterna\u201d. Para aplacar la ira divina organiz\u00f3 misas en la catedral de la ciudad facilitando, probablemente, el contagio del virus y se enfrent\u00f3 a las autoridades sanitarias que quisieron prohibir las misas. Un siglo despu\u00e9s, los obispos respetan y difunden las recomendaciones de esas autoridades y han limitado a los parientes m\u00e1s cercanos la asistencia en los funerales.<\/p>\n\n\n\n<p class=\"has-text-align-justify\">La primera etapa de contagios de 1918, la que ahora se est\u00e1 viviendo con el coronavirus, no fue la m\u00e1s dura. Con la llegada del verano, la epidemia amain\u00f3, pero en oto\u00f1o regres\u00f3 con m\u00e1s fuerza. El sistema sanitario qued\u00f3 sobrepasado, en muchos pueblos de un pa\u00eds en el que el campo a\u00fan no se hab\u00eda vaciado los m\u00e9dicos eran escasos y cuando mor\u00edan no se encontraban sustitutos. Como ha pasado en esta crisis, tambi\u00e9n entonces se reclut\u00f3 a voluntarios entre los estudiantes de medicina.<\/p>\n\n\n\n<p class=\"has-text-align-justify\">Las cifras oficiales de muertos en Espa\u00f1a son terror\u00edficas. En 1918, la gripe mat\u00f3 a 147.114 personas, en 1919 a 21.245 y en 1920 a 17.825. En un pa\u00eds de poco m\u00e1s de 20 millones de habitantes. La epidemia dur\u00f3 tres a\u00f1os y, adem\u00e1s, afect\u00f3 especialmente a personas en la veintena, completamente sanas. Cuenta Trilla que en algunas ciudades espa\u00f1olas se acabaron los ata\u00fades y que el alcalde de Barcelona pidi\u00f3 la ayuda del ej\u00e9rcito para transportar y enterrar a los muertos. Eso todav\u00eda no se ha visto en Espa\u00f1a, pero s\u00ed en Italia, que lleva una semana de adelanto en la epidemia. El mi\u00e9rcoles por la noche, decenas de ata\u00fades que se acumulaban en el cementerio local de B\u00e9rgamo fueron&nbsp;<a href=\"https:\/\/elpais.com\/sociedad\/2020-03-19\/la-pandemia-se-ensana-con-bergamo.html\" target=\"_blank\" rel=\"noreferrer noopener\">cargados en camiones<\/a>&nbsp;del ej\u00e9rcito para llevarlos a incinerar a lugares menos golpeados por la enfermedad. La poblaci\u00f3n espa\u00f1ola solo descendi\u00f3 en dos ocasiones durante el siglo XX. En 1918 perdi\u00f3 83.121 personas por la epidemia de gripe y en 1939 50.266 por la Guerra Civil.<\/p>\n","protected":false},"excerpt":{"rendered":"<p>Autor: DANIEL MEDIAVILLA Fuente: El Pa\u00eds 22\/02\/2020 Al principio, los espa\u00f1oles tambi\u00e9n se re\u00edan. El 22 de mayo de 1918, el diario&nbsp;ABC&nbsp;public\u00f3 en portada la aparici\u00f3n de una enfermedad parecida a la gripe, pero con efectos leves. Durante ese mes, se celebran en la capital las fiestas de San Isidro y las verbenas populares se &hellip; <a href=\"https:\/\/blogsaverroes.juntadeandalucia.es\/aldeacordoba\/?p=1035\" class=\"more-link\">Continuar leyendo<span class=\"screen-reader-text\"> \u00ab1918, la otra gran epidemia que no nos tomamos en serio\u00bb<\/span><\/a><\/p>\n","protected":false},"author":168,"featured_media":0,"comment_status":"open","ping_status":"open","sticky":false,"template":"","format":"standard","meta":{"ngg_post_thumbnail":0,"footnotes":""},"categories":[224389],"tags":[224635],"aioseo_notices":[],"_links":{"self":[{"href":"https:\/\/blogsaverroes.juntadeandalucia.es\/aldeacordoba\/index.php?rest_route=\/wp\/v2\/posts\/1035"}],"collection":[{"href":"https:\/\/blogsaverroes.juntadeandalucia.es\/aldeacordoba\/index.php?rest_route=\/wp\/v2\/posts"}],"about":[{"href":"https:\/\/blogsaverroes.juntadeandalucia.es\/aldeacordoba\/index.php?rest_route=\/wp\/v2\/types\/post"}],"author":[{"embeddable":true,"href":"https:\/\/blogsaverroes.juntadeandalucia.es\/aldeacordoba\/index.php?rest_route=\/wp\/v2\/users\/168"}],"replies":[{"embeddable":true,"href":"https:\/\/blogsaverroes.juntadeandalucia.es\/aldeacordoba\/index.php?rest_route=%2Fwp%2Fv2%2Fcomments&post=1035"}],"version-history":[{"count":0,"href":"https:\/\/blogsaverroes.juntadeandalucia.es\/aldeacordoba\/index.php?rest_route=\/wp\/v2\/posts\/1035\/revisions"}],"wp:attachment":[{"href":"https:\/\/blogsaverroes.juntadeandalucia.es\/aldeacordoba\/index.php?rest_route=%2Fwp%2Fv2%2Fmedia&parent=1035"}],"wp:term":[{"taxonomy":"category","embeddable":true,"href":"https:\/\/blogsaverroes.juntadeandalucia.es\/aldeacordoba\/index.php?rest_route=%2Fwp%2Fv2%2Fcategories&post=1035"},{"taxonomy":"post_tag","embeddable":true,"href":"https:\/\/blogsaverroes.juntadeandalucia.es\/aldeacordoba\/index.php?rest_route=%2Fwp%2Fv2%2Ftags&post=1035"}],"curies":[{"name":"wp","href":"https:\/\/api.w.org\/{rel}","templated":true}]}}