{"id":1043,"date":"2020-04-03T09:12:00","date_gmt":"2020-04-03T08:12:00","guid":{"rendered":"https:\/\/jmoragahc.wordpress.com\/?p=1043"},"modified":"2020-04-03T09:12:00","modified_gmt":"2020-04-03T08:12:00","slug":"la-olvidada-y-sangrienta-batalla-que-dio-a-rusia-el-poderoso-imperio-que-luego-heredo-la-urss","status":"publish","type":"post","link":"https:\/\/blogsaverroes.juntadeandalucia.es\/aldeacordoba\/?p=1043","title":{"rendered":"La olvidada y \u00absangrienta\u00bb batalla que dio a Rusia el poderoso imperio que luego hered\u00f3 la URSS"},"content":{"rendered":"\n<figure class=\"wp-block-image size-large\"><img decoding=\"async\" src=\"https:\/\/static1.abc.es\/media\/historia\/2020\/03\/26\/Batalla-Poltava-Carlos-XII-Suecia-3-kIME--620x349@abc.jpg\" alt=\"\" \/><figcaption>Detalle del cuadro de Gustaf_Cederstr\u00f6m, con el Rey Carlos XII de Suecia, durante su huida de la batalla de Poltava en 1709<\/figcaption><\/figure>\n\n\n\n<p><strong>Autor<\/strong>: Israel Viana<\/p>\n\n\n\n<p><strong>Fuente<\/strong>: <em><a href=\"https:\/\/www.abc.es\/historia\/abci-poltava-olvidada-y-sangrienta-batalla-rusia-poderoso-imperio-luego-heredo-urss-202003260221_noticia.html\">ABC<\/a><\/em> 26\/03\/2020<\/p>\n\n\n\n<p class=\"has-text-align-justify\">El considerado como \u00abuno de los enfrentamientos m\u00e1s sangrientos de la historia mundial\u00bb, en palabras de&nbsp;<a href=\"https:\/\/www.abc.es\/cultura\/abci-peter-englund-nuevo-presidente-academia-sueca-200906010300-921404944662_noticia.html\">Peter Englund<\/a>, comenz\u00f3 a las 3.45 horas del domingo 28 de junio de 1709. Era un amanecer caluroso alrededor de la ciudad ucraniana de Poltava y los dos grandes ej\u00e9rcitos de Suecia y Rusia llevaban varias horas mir\u00e1ndose a los ojos, a la espera de que saltara la chispa y se desatara la violencia. Todos los soldados sab\u00edan que el momento decisivo hab\u00eda llegado. \u00abEran como dos animales salvajes colocados uno enfrente del otro, casi roz\u00e1ndose, con todos los m\u00fasculos en tensi\u00f3n ante el asalto\u00bb, explicaba este reputado historiador y acad\u00e9mico de los premios Nobel en su libro&nbsp;<a href=\"https:\/\/books.google.es\/books?id=xQNu9yNQ5GEC&amp;printsec=frontcover&amp;dq=La+batalla+que+conmocion%C3%B3+a+Europa&amp;hl=es&amp;sa=X&amp;ved=0ahUKEwj4lp_6r7XoAhXWRhUIHbiNDqIQ6AEIKDAA#v=snippet&amp;q=ma%C3%B1anadedomingo&amp;f=false\" target=\"_blank\" rel=\"noreferrer noopener\">\u00abLa batalla que conmocion\u00f3 a Europa\u00bb<\/a>&nbsp;(Roca Editorial, 2012).<\/p>\n\n\n\n<p class=\"has-text-align-justify\">Fue la culminaci\u00f3n de una larga y brutal guerra de nueve a\u00f1os por el control del norte de Europa, la cual dej\u00f3 m\u00e1s de 65.000 muertos en combate. Durante la Edad Moderna, varios imperios del viejo continente, tales como Espa\u00f1a, Portugal, Gran Breta\u00f1a o Francia, hab\u00edan dominado una gran parte del mundo, pero el sueco hab\u00eda pasado desapercibido entre ellos. Algo que resultaba extra\u00f1o, si tenemos en cuenta que fue una de las mayores potencias militares y pol\u00edticas del siglo XVII, hasta que a principios del XVIII empez\u00f3 a sufrir una serie de dificultades econ\u00f3micas que le llevaron a echar freno a su expansionismo. Y al final se produjo la hecatombe final en la&nbsp;<strong>batalla de Poltava<\/strong>&nbsp;que aqu\u00ed nos ocupa.<\/p>\n\n\n\n<p class=\"has-text-align-justify\">Esta se caracteriz\u00f3 por la masacre de prisioneros por parte de ambos bandos, en un s\u00edntoma de crueldad pocas veces visto en aquellos a\u00f1os. Y, adem\u00e1s, por los inquietantes paralelismos que numerosos historiadores ven con la \u00abguerra de ratas\u00bb (Rattenkrieg) desarrollada por los nazis durante la&nbsp;<a href=\"https:\/\/www.abc.es\/historia\/guerras\/segunda-guerra-mundial\/\">Segunda Guerra Mundial<\/a>. V\u00e9ase, por ejemplo, la batalla de&nbsp;<a href=\"https:\/\/www.abc.es\/historia\/abci-obsesion-hitler-conquistar-stalingrado-desangro-ejercito-nazi-201802020215_noticia.html\">Stalingrado<\/a>, pero en esta ocasi\u00f3n haciendo estragos con la artiller\u00eda de diversos calibres, las balas de los mosquetes y los afilados sables y bayonetas.<\/p>\n\n\n\n<p class=\"has-text-align-justify\">Para que se hagan una idea, de los casi 25.000 hombres que el todopoderoso&nbsp;<strong>Carlos XII de Suecia&nbsp;<\/strong>lanz\u00f3 a la lucha, unos 5.000 murieron en combate y la pr\u00e1ctica totalidad de los otros 20.000 fueron hechos prisioneros y puestos a trabajar en la construcci\u00f3n de la nueva ciudad imperial de&nbsp;<strong>San Petersburgo<\/strong>. A estos se a\u00f1adieron 1.700 esposas, sirvientes y ni\u00f1os en r\u00e9gimen de esclavitud. De todos estos, solo regresaron a la patria 4.000, algunos tras m\u00e1s de treinta a\u00f1os de cautiverio. El resto fueron ejecutados.<\/p>\n\n\n\n<h3 class=\"wp-block-heading\">Herido de un pie<\/h3>\n\n\n\n<p class=\"has-text-align-justify\">Carlos XII llegaba a la batalla de Poltava herido, despu\u00e9s de que un francotirador ruso le hubiera disparado en un pie mientras pasaba revista a una de las trincheras reci\u00e9n construidas. Ten\u00eda dificultades para montar su caballo y estaba en clara desventaja en cuanto al n\u00famero de combatientes \u2014Rusia contaba con alrededor de 42.000\u2014, pero estaba convencido de que pod\u00eda aplastar a&nbsp;<strong>Pedro I el Grande<\/strong>. El Rey de Suecia se hab\u00eda ganado una extraordinaria fama a principios del siglo XVIII, con sus fulgurantes victorias en la Gran Guerra contra potencias como Rusia, Dinamarca, Sajonia, Polonia o el&nbsp;<a href=\"https:\/\/www.abc.es\/historia\/abci-conquista-musulmana-constantinopla-agonizante-resistencia-cristiandad-ignoro-gritos-auxilio-201706060212_noticia.html\">Imperio Otomano<\/a>. \u00c9xitos que le valieron el sobrenombre del&nbsp;<strong>Alejandro Magno del Norte<\/strong>&nbsp;y que le hicieron subestimar a su enemigo.<\/p>\n\n\n\n<div class=\"wp-block-image\"><figure class=\"alignleft is-resized\"><img loading=\"lazy\" decoding=\"async\" src=\"https:\/\/static4.abc.es\/media\/historia\/2020\/03\/26\/Batalla-Poltava-Carlos-XII-Suecia-kIME--220x220@abc.jpg\" alt=\"Carlos XII de Suecia\" width=\"282\" height=\"282\" \/><figcaption>Carlos XII de Suecia<\/figcaption><\/figure><\/div>\n\n\n\n<p class=\"has-text-align-justify\">En la semana anterior se hab\u00edan producido constantes escaramuzas entre ambos ej\u00e9rcitos, la mayor\u00eda por iniciativa de los rusos. El 27 de junio no fue una excepci\u00f3n y un par de escuadrones de caballer\u00eda superaron los puestos de la primera avanzadilla y mataron a algunos soldados suecos. En las horas posteriores, todo volvi\u00f3 a la tranquilidad a la espera del demoledor desenlace, tras el cual, Carlos XII esperaba poder continuar su camino para perpetrar su ansiado ataque final a Mosc\u00fa, el coraz\u00f3n de Rusia. Pero all\u00ed estaba Pedro I, que quer\u00eda acabar de una vez por todas con el imperio que hab\u00eda dominado el norte de Europa a lo largo del siglo XVII y coger las riendas.<\/p>\n\n\n\n<p class=\"has-text-align-justify\">A\u00fan sabiendo que contaba con menos soldados y peor armamento, Carlos XII decidi\u00f3 atacar primero, confiado en que as\u00ed podr\u00eda recuperar la iniciativa. Los suecos ten\u00edan plena fe en su rey, en sus generales y en su capacidad militar, a pesar de su inferioridad. Y a las 3.45 horas, comenzaron a avanzar silenciosamente hacia las posiciones enemigas para realizar su ataque sorpresa. El campamento ruso se hallaba en una peque\u00f1a colina, solamente accesible de manera m\u00e1s o menos efectiva por un pasillo entre dos bosques. En los flancos hab\u00eda un barranco que daba a un r\u00edo y un cenagal que serv\u00edan de protecci\u00f3n natural para Pedro I.<\/p>\n\n\n\n<h3 class=\"wp-block-heading\">Con los primeros rayos de sol<\/h3>\n\n\n\n<p class=\"has-text-align-justify\">Las cosas no empezaron bien para el Alejandro Magno norte\u00f1o, pues seis de sus batallones se extraviaron en plena noche, al ser incapaces de seguir a sus compa\u00f1eros por la falta de luz. Cuando se dio la orden de atacar, muchos de ellos no sab\u00edan d\u00f3nde se encontraban realmente. Tardaron un buen rato en volver al campo de batalla, y cuando por fin lo consiguieron, a eso de las 5 de la ma\u00f1ana, se inici\u00f3 el feroz ataque de los suecos. En el horizonte ya asomaban los primeros rayos de sol.<\/p>\n\n\n\n<div class=\"wp-block-image\"><figure class=\"alignright is-resized\"><img loading=\"lazy\" decoding=\"async\" src=\"https:\/\/static4.abc.es\/media\/historia\/2020\/03\/26\/Batalla-Poltava-Pedro-Grande-kIME--220x220@abc.jpg\" alt=\"Pedro I el Grande de Rusia\" width=\"301\" height=\"302\" \/><figcaption>Pedro I el Grande de Rusia<\/figcaption><\/figure><\/div>\n\n\n\n<p class=\"has-text-align-justify\">Los rusos consiguieron resistir el primer envite, tanto con los reductos que ten\u00edan atrincherados en el pasillo como con la artiller\u00eda emplazada en el campamento. Carlos XII dudaba si lo que ten\u00eda que hacer a continuaci\u00f3n era destruir esos reductos o atravesarlos para plantar cara cuanto antes al grueso del ej\u00e9rcito de Pedro I. La confusi\u00f3n fue en aumento y las horas pasaban, con algunos batallones intentando asaltar in\u00fatilmente las fortificaciones rusas y otros, alej\u00e1ndose para no caer en la trampa rusa. Eso hizo que las bajas se minimizaran, pero la ventaja inicial de la sorpresa ya se hab\u00eda perdido.<\/p>\n\n\n\n<p class=\"has-text-align-justify\">Cuando el sol comenz\u00f3 a brillar, la situaci\u00f3n del Rey de Suecia era desesperada. Las bajas hab\u00edan crecido y eran ya considerables, aunque a costa de ellas hubieran conseguido penetrar en el campamento. Pero las fuerzas flaqueaban y los \u00e1nimos estaban ya por los suelos, lo que hizo que los suecos no atacaran con mucha decisi\u00f3n cuando tuvieron enfrente al enemigo. Se ve\u00edan aislados y, adem\u00e1s, no ten\u00edan noticias de la infanter\u00eda. Y tras cinco horas de combate, a las 9 de la ma\u00f1ana exactamente, Pedro I orden\u00f3 a su poderoso ej\u00e9rcito salir del campamento y formar frente a Carlos XII y lo que quedaba de sus tropas.<\/p>\n\n\n\n<figure class=\"wp-block-image is-resized\"><img loading=\"lazy\" decoding=\"async\" src=\"https:\/\/static1.abc.es\/media\/historia\/2020\/03\/26\/Batalla-Poltava-kIME--510x349@abc.jpg\" alt=\"La Batalla de Poltava por Denis Martens el Joven, pintado en 1726\" width=\"577\" height=\"395\" \/><figcaption>La Batalla de Poltava por Denis Martens el Joven, pintado en 1726<\/figcaption><\/figure>\n\n\n\n<p class=\"has-text-align-justify\">Heridos, desmoralizados por las bajas, cansados y faltos de suministros, la derrota de los suecos fue cuesti\u00f3n de tiempo. Carlos XII intent\u00f3 reorganizar la situaci\u00f3n desde su camilla, pero todos los ataques fracasaron y a las 11.00 llam\u00f3 a retirada. La batalla concluy\u00f3 al mediod\u00eda, pues la caballer\u00eda rusa no puso la puntilla inmediatamente, sino que tortur\u00f3 a los suecos desde sus propias l\u00edneas durante una hora m\u00e1s. Mientras tanto, el monarca derrotado reuni\u00f3 a sus escasas tropas supervivientes e inici\u00f3 la huida precipitada hacia el sur, llevado en su camilla en volandas por sus hombres. Una imagen del todo pat\u00e9tica para quien hab\u00eda sido el Alejandro Magno del Norte.<\/p>\n\n\n\n<p class=\"has-text-align-justify\">Rusia perdi\u00f3 menos de 1500 hombres y pas\u00f3 a llevar la voz dominante en el este y norte de Europa durante los siguientes siglos. Tal es as\u00ed que el basto imperio que erigieron los Romanov a partir de entonces fue el que les arrebataron los comunistas, tras asesinar a toda la familia del zar, para crear la&nbsp;<a href=\"https:\/\/www.abc.es\/historia\/abci-siglo-rocambolesco-juicio-urss-contra-dios-genocidio-201802060236_noticia.html\">URSS&nbsp;<\/a>en 1918. Un gigante que se mantuvo en la cima del poder mundial hasta su desmembraci\u00f3n en 1991. Suecia, en cambio, dej\u00f3 de ser una potencia y su Rey consigui\u00f3 cruzar el r\u00edo Prut en barca, acompa\u00f1ado simplemente por su guardia personal, algunos oficiales y un peque\u00f1o tesoro que hab\u00eda logrado conservar. Dej\u00f3 abandonados a sus hombres en Perevolochna, una poblaci\u00f3n cerca de Poltava, y se dirigi\u00f3 despu\u00e9s a la ciudad de Bender, en el Imperio Otomano. All\u00ed se refugi\u00f3 hasta 1714, cuando regres\u00f3 a Suecia\u2026 de inc\u00f3gnito.<\/p>\n","protected":false},"excerpt":{"rendered":"<p>Autor: Israel Viana Fuente: ABC 26\/03\/2020 El considerado como \u00abuno de los enfrentamientos m\u00e1s sangrientos de la historia mundial\u00bb, en palabras de&nbsp;Peter Englund, comenz\u00f3 a las 3.45 horas del domingo 28 de junio de 1709. Era un amanecer caluroso alrededor de la ciudad ucraniana de Poltava y los dos grandes ej\u00e9rcitos de Suecia y Rusia &hellip; <a href=\"https:\/\/blogsaverroes.juntadeandalucia.es\/aldeacordoba\/?p=1043\" class=\"more-link\">Continuar leyendo<span class=\"screen-reader-text\"> \u00abLa olvidada y \u00absangrienta\u00bb batalla que dio a Rusia el poderoso imperio que luego hered\u00f3 la URSS\u00bb<\/span><\/a><\/p>\n","protected":false},"author":168,"featured_media":0,"comment_status":"open","ping_status":"open","sticky":false,"template":"","format":"standard","meta":{"ngg_post_thumbnail":0,"footnotes":""},"categories":[224378],"tags":[224423,224817,224883,224918],"aioseo_notices":[],"_links":{"self":[{"href":"https:\/\/blogsaverroes.juntadeandalucia.es\/aldeacordoba\/index.php?rest_route=\/wp\/v2\/posts\/1043"}],"collection":[{"href":"https:\/\/blogsaverroes.juntadeandalucia.es\/aldeacordoba\/index.php?rest_route=\/wp\/v2\/posts"}],"about":[{"href":"https:\/\/blogsaverroes.juntadeandalucia.es\/aldeacordoba\/index.php?rest_route=\/wp\/v2\/types\/post"}],"author":[{"embeddable":true,"href":"https:\/\/blogsaverroes.juntadeandalucia.es\/aldeacordoba\/index.php?rest_route=\/wp\/v2\/users\/168"}],"replies":[{"embeddable":true,"href":"https:\/\/blogsaverroes.juntadeandalucia.es\/aldeacordoba\/index.php?rest_route=%2Fwp%2Fv2%2Fcomments&post=1043"}],"version-history":[{"count":0,"href":"https:\/\/blogsaverroes.juntadeandalucia.es\/aldeacordoba\/index.php?rest_route=\/wp\/v2\/posts\/1043\/revisions"}],"wp:attachment":[{"href":"https:\/\/blogsaverroes.juntadeandalucia.es\/aldeacordoba\/index.php?rest_route=%2Fwp%2Fv2%2Fmedia&parent=1043"}],"wp:term":[{"taxonomy":"category","embeddable":true,"href":"https:\/\/blogsaverroes.juntadeandalucia.es\/aldeacordoba\/index.php?rest_route=%2Fwp%2Fv2%2Fcategories&post=1043"},{"taxonomy":"post_tag","embeddable":true,"href":"https:\/\/blogsaverroes.juntadeandalucia.es\/aldeacordoba\/index.php?rest_route=%2Fwp%2Fv2%2Ftags&post=1043"}],"curies":[{"name":"wp","href":"https:\/\/api.w.org\/{rel}","templated":true}]}}