{"id":1052,"date":"2020-10-16T09:33:00","date_gmt":"2020-10-16T08:33:00","guid":{"rendered":"https:\/\/jmoragahc.wordpress.com\/?p=1052"},"modified":"2020-10-16T09:33:00","modified_gmt":"2020-10-16T08:33:00","slug":"ben-gurion-y-la-proclamacion-del-estado-de-israel","status":"publish","type":"post","link":"https:\/\/blogsaverroes.juntadeandalucia.es\/aldeacordoba\/?p=1052","title":{"rendered":"Ben Guri\u00f3n y la proclamaci\u00f3n del Estado de Israel"},"content":{"rendered":"\n<figure class=\"wp-block-image size-large\"><img decoding=\"async\" src=\"https:\/\/www.lavanguardia.com\/files\/image_948_465\/uploads\/2020\/03\/16\/5f15f28cd29e9.jpeg\" alt=\"\" \/><figcaption>David Ben Gurion lee el acta de fundaci\u00f3n del Estado de Israel en el Parlamento hebreo<br>\u00a0Arxiu La Vanguardia<\/figcaption><\/figure>\n\n\n\n<p><strong>Autor<\/strong>: Ram\u00f3n \u00c1lvarez.<\/p>\n\n\n\n<p><strong>Fuente<\/strong>: <a href=\"https:\/\/www.lavanguardia.com\/historiayvida\/20200418\/474206373645\/israel-ben-gurion-proclamacion-estado-palestina-oriente-medio-onu-resolucion.html\"> lavanguardia.com  <\/a> 18\/04\/2020<\/p>\n\n\n\n<h2 class=\"wp-block-heading\">EL CONTEXTO<\/h2>\n\n\n\n<p>\u201cLa<strong>&nbsp;paz duradera&nbsp;<\/strong>s\u00f3lo ser\u00e1 posible con una&nbsp;<strong>Estado de Israel fuerte<\/strong>\u201d. La&nbsp;<strong>conocida&nbsp;<\/strong>y&nbsp;<strong>controvertida&nbsp;<\/strong><strong>m\u00e1xima&nbsp;<\/strong>de&nbsp;<strong>David Ben Guri\u00f3n&nbsp;<\/strong>no convenci\u00f3 en absoluto ni a los<strong>&nbsp;\u00e1rabes palestinos&nbsp;<\/strong>ni a los&nbsp;<strong>pa\u00edses&nbsp;<\/strong>de<strong>&nbsp;mayor\u00eda \u00e1rabe&nbsp;<\/strong>de alrededor, aunque s\u00ed fue una acicate definitivo para unir a la&nbsp;<strong>dividida y diversa comunidad hebrea&nbsp;<\/strong>y para persuadir a la&nbsp;<strong>comunidad internacional<\/strong>&nbsp;a establecer un&nbsp;<strong>nuevo orden&nbsp;<\/strong>en<strong>&nbsp;Oriente Medio<\/strong>, empezando por&nbsp;<strong>Estados Unidos&nbsp;<\/strong>y acabando por la&nbsp;<strong>Uni\u00f3n Sovi\u00e9tica<\/strong>.<\/p>\n\n\n\n<p>Atribuir al<strong>&nbsp;medio mill\u00f3n de jud\u00edos&nbsp;<\/strong>que viv\u00edan en&nbsp;<strong>Palestina&nbsp;<\/strong>acabada la&nbsp;<a href=\"https:\/\/www.lavanguardia.com\/vida\/20190531\/462579328670\/historia-y-vida-tratado-de-versalles.html\"><strong>Segunda Guerra Mundial<\/strong>&nbsp;<\/a>el papel de&nbsp;<strong>arbitraje&nbsp;<\/strong>de la&nbsp;<strong>regi\u00f3n&nbsp;<\/strong>que hasta ese momento ostentaba&nbsp;<strong>Reino Unido&nbsp;<\/strong>podr\u00eda haber sido un brindis al sol de no haberse apoyado en una firme<strong>&nbsp;pol\u00edtica de hechos consumados<\/strong>, en la creaci\u00f3n de<strong>&nbsp;estructuras pol\u00edticas<\/strong>,&nbsp;<strong>econ\u00f3micas&nbsp;<\/strong>y&nbsp;<strong>culturales&nbsp;<\/strong>de&nbsp;<strong>cohesi\u00f3n<\/strong>&nbsp;y en la&nbsp;<strong>cobertura legal&nbsp;<\/strong>de<strong>&nbsp;Naciones Unidas&nbsp;<\/strong>tras la intensa labor del<strong>&nbsp;lobby jud\u00edo<\/strong>.https:\/\/www.youtube.com\/embed\/ejwM1sJZR0g?enablejsapi=1<\/p>\n\n\n\n<p>Aunque los&nbsp;<strong>historiadores&nbsp;<\/strong>coinciden en atribuir a su&nbsp;<strong>determinaci\u00f3n&nbsp;<\/strong>y a su&nbsp;<strong>liderazgo&nbsp;<\/strong>el paso definitivo:&nbsp;<a href=\"https:\/\/www.lavanguardia.com\/historiayvida\/historia-contemporanea\/20181126\/47313648040\/10-fechas-clave-en-el-nacimiento-de-israel.html\">la&nbsp;<strong>proclamaci\u00f3n&nbsp;<\/strong>por parte del denominado&nbsp;<strong>Consejo de Estado<\/strong>&nbsp;provisional de&nbsp;<strong>Israel&nbsp;<\/strong>en&nbsp;<strong>Tel Aviv<\/strong>&nbsp;un hist\u00f3rico&nbsp;<strong>14 de mayo de 1948&nbsp;<\/strong>el<strong>&nbsp;Estado de Israel<\/strong>&nbsp;<\/a>mediante el discurso pronunciado por el propio&nbsp;<strong>Ben Guri\u00f3n<\/strong>&nbsp;que sigue a estas l\u00edneas.<\/p>\n\n\n\n<p>La declaraci\u00f3n se amparaba en la&nbsp;<strong>resoluci\u00f3n&nbsp;<\/strong>del&nbsp;<strong>29 de noviembre de 1947&nbsp;<\/strong>de la&nbsp;<strong>Asamblea General<\/strong>&nbsp;de la&nbsp;<strong>Organizaci\u00f3n de las Naciones Unidas&nbsp;<\/strong>(<strong>ONU<\/strong>), con los horrores del&nbsp;<strong>Holocausto&nbsp;<\/strong>muy recientes y un acelerado proceso de&nbsp;<strong>descolonizaci\u00f3n&nbsp;<\/strong>de&nbsp;<strong>Oriente Medio<\/strong>. En un intento de encontrar una soluci\u00f3n salom\u00f3nica a la divisi\u00f3n pol\u00edtica y cultural de la regi\u00f3n, la<strong>&nbsp;Asamblea General&nbsp;<\/strong>\u2013que ya acog\u00eda a&nbsp;<strong>Israel&nbsp;<\/strong>como<strong>&nbsp;Estado fundador&nbsp;<\/strong>de la organizaci\u00f3n que sustituy\u00f3 a la inoperante&nbsp;<strong>Liga de Naciones<\/strong>\u2013 aprob\u00f3 el&nbsp;<strong>Plan de Partici\u00f3n de Palestina<\/strong>.<\/p>\n\n\n\n<p>El proyecto preve\u00eda la constituci\u00f3n de&nbsp;<strong>dos estados<\/strong>, uno&nbsp;<strong>\u00e1rabe&nbsp;<\/strong>y otro&nbsp;<strong>jud\u00edo<\/strong>, aunque ni compactos ni homog\u00e9neos, divididos en tres porciones. El nuevo&nbsp;<strong>Estado jud\u00edo&nbsp;<\/strong>ocupaba el<strong>&nbsp;55% del territorio&nbsp;<\/strong>y su poblaci\u00f3n deb\u00eda constituirse por el&nbsp;<strong>medio mill\u00f3n de jud\u00edos&nbsp;<\/strong>que hab\u00edan emigrado hasta ese momento a&nbsp;<strong>Palestina&nbsp;<\/strong>desde el siglo XIX en las diversas&nbsp;<strong><em>aliyot&nbsp;<\/em><\/strong>u olas migratorias a la&nbsp;<strong>Tierra Prometida<\/strong>&nbsp;por parte de la<strong>&nbsp;comunidad jud\u00eda<\/strong>&nbsp;de todo el mundo.<\/p>\n\n\n\n<blockquote class=\"wp-block-quote\"><p>La declaraci\u00f3n se amparaba en la resoluci\u00f3n del 29 de noviembre de 1947 de la Asamblea General de Naciones Unidas<\/p><\/blockquote>\n\n\n\n<p>El&nbsp;<strong>Estado \u00e1rabe palestino<\/strong>, por su parte, ocupar\u00eda el&nbsp;<strong>44%<\/strong>&nbsp;y acoger\u00eda a una minor\u00eda de unos&nbsp;<strong>10.000 jud\u00edos<\/strong>.&nbsp;<strong>Jerusal\u00e9n&nbsp;<\/strong>y su \u00e1rea circundante, incluido&nbsp;<strong>Bel\u00e9n<\/strong>, estar\u00edan bajo la administraci\u00f3n de&nbsp;<strong>Naciones Unidas<\/strong>. La resoluci\u00f3n ordenaba la retirada de las tropas y el desmantelamiento de los organismos de gesti\u00f3n brit\u00e1nicos.<\/p>\n\n\n\n<p>Sin convencer a ninguna de las partes, el pragmatismo de&nbsp;<strong>Ben Guri\u00f3n&nbsp;<\/strong>se acab\u00f3 imponiendo en la autoridad provisional hebrea, que rechaz\u00f3 la<strong>&nbsp;lucha armada&nbsp;<\/strong>que manten\u00edan en la regi\u00f3n grup\u00fasculos&nbsp;<strong>paramilitares jud\u00edos y \u00e1rabes&nbsp;<\/strong>y llam\u00f3 a cerrar filas, en tanto que el&nbsp;<strong>Alto Comit\u00e9 \u00c1rabe<\/strong>, el organismo de representaci\u00f3n \u00e1rabe-palestina, muy deudor de los estados de mayor\u00eda \u00e1rabe de la regi\u00f3n, lo rechaz\u00f3 por&nbsp;<strong>injusto&nbsp;<\/strong>e&nbsp;<strong>irrealizable<\/strong>.<\/p>\n\n\n\n<p>Pese al&nbsp;<strong>trabajo diplom\u00e1tico israel\u00ed<\/strong>, liderado por la futura primera ministra&nbsp;<strong>Golda Meir<\/strong>, un d\u00eda despu\u00e9s de la declaraci\u00f3n del<strong>&nbsp;Estado de Israel<\/strong>,&nbsp;<strong>L\u00edbano<\/strong>,&nbsp;<strong>Siria<\/strong>,&nbsp;<strong>Transjordania<\/strong>,&nbsp;<strong>Irak&nbsp;<\/strong>y&nbsp;<strong>Egipto&nbsp;<\/strong>declararon la guerra a lo que calificaron como \u201c<strong>ente sionista<\/strong>\u201d. Bien organizadas y con un&nbsp;<strong>mando \u00fanico<\/strong>, las&nbsp;<strong>tropas hebreas&nbsp;<\/strong>no s\u00f3lo resistieron, sino que tras m\u00e1s de un a\u00f1o de guerra incrementaron su control sobre un&nbsp;<strong>23 % m\u00e1s del territorio<\/strong>&nbsp;asignado. La<strong>&nbsp;franja de Gaza&nbsp;<\/strong>y&nbsp;<strong>Cisjordania&nbsp;<\/strong>fueron ocupadas por&nbsp;<strong>Egipto&nbsp;<\/strong>y&nbsp;<strong>Transjordania<\/strong>, respectivamente.<\/p>\n\n\n\n<p>Fue la primera de las<strong>&nbsp;cinco guerras<\/strong>&nbsp;declaradas hasta hoy entre&nbsp;<strong>Israel&nbsp;<\/strong>y los estados de la regi\u00f3n, pero la que comport\u00f3 un mayor n\u00famero de desplazados y estableci\u00f3 un<strong>&nbsp;statu quo&nbsp;<\/strong>que hoy en d\u00eda sigue vigente.<\/p>\n\n\n\n<h2 class=\"wp-block-heading\">EL DISCURSO<\/h2>\n\n\n\n<p>\u201cLa&nbsp;<strong>tierra&nbsp;<\/strong>de&nbsp;<strong>Israel&nbsp;<\/strong>fue la&nbsp;<strong>cuna&nbsp;<\/strong>del&nbsp;<strong>pueblo&nbsp;<\/strong><strong>jud\u00edo<\/strong>. Aqu\u00ed se form\u00f3 su&nbsp;<strong>identidad pol\u00edtica<\/strong>,&nbsp;<strong>religiosa&nbsp;<\/strong>y&nbsp;<strong>espiritual<\/strong>. Aqu\u00ed alcanz\u00f3 por primera vez la&nbsp;<strong>soberan\u00eda nacional<\/strong>, cre\u00f3&nbsp;<strong>valores culturales&nbsp;<\/strong>de relevancia nacional y universal, y le dio al mundo el eterno&nbsp;<strong>Libro de los Libros<\/strong>. Tras haberse visto obligado a exiliarse de su&nbsp;<strong>tierra<\/strong>, el&nbsp;<strong>pueblo&nbsp;<\/strong>conserv\u00f3 la fe a lo largo de su&nbsp;<strong>di\u00e1spora&nbsp;<\/strong>y nunca dej\u00f3 de rezar ni de albergar&nbsp;<strong>esperanzas&nbsp;<\/strong>de&nbsp;<strong>regresar&nbsp;<\/strong>y&nbsp;<strong>restablecer&nbsp;<\/strong>su<strong>&nbsp;libertad pol\u00edtica<\/strong>.<\/p>\n\n\n\n<p>\u201dImpulsadas por este&nbsp;<strong>compromiso tradicional e hist\u00f3rico<\/strong>, todas las&nbsp;<strong>generaciones&nbsp;<\/strong>posteriores de&nbsp;<strong>jud\u00edos&nbsp;<\/strong>lucharon por volver a establecerse en su&nbsp;<strong>patria&nbsp;<\/strong><strong>ancestral<\/strong>. Durante las \u00faltimas d\u00e9cadas han regresado en masa.&nbsp;<strong>Colonos<\/strong>, retornados desafiantes, defensores que han hecho florecer los desiertos, que han devuelto la<strong>&nbsp;lengua hebrea<\/strong>&nbsp;a la vida, que han construido&nbsp;<strong>pueblos&nbsp;<\/strong>y&nbsp;<strong>ciudades<\/strong>,que han creado una&nbsp;<strong>comunidad pr\u00f3spera&nbsp;<\/strong>que controla su propia&nbsp;<strong>econom\u00eda&nbsp;<\/strong>y su&nbsp;<strong>cultura<\/strong>, en el amor por la&nbsp;<strong>paz<\/strong>, si bien conscientes de c\u00f3mo defenderse, ofreciendo las bendiciones del&nbsp;<strong>progreso&nbsp;<\/strong>a todos los habitantes del&nbsp;<strong>pa\u00eds&nbsp;<\/strong>y con la aspiraci\u00f3n de convertirse en una&nbsp;<strong>naci\u00f3n independiente<\/strong>.<\/p>\n\n\n\n<p>\u201dEn el a\u00f1o&nbsp;<strong>5657<\/strong>(<strong>1897<\/strong>), en respuesta a la llamada del padre espiritual del&nbsp;<strong>Estado jud\u00edo<\/strong>,&nbsp;<strong>Theodore Herzl<\/strong>, el&nbsp;<strong>Primer Congreso Sionista&nbsp;<\/strong>se reuni\u00f3 y proclam\u00f3 el derecho del&nbsp;<strong>pueblo hebreo&nbsp;<\/strong>a un renacimiento nacional en su propio&nbsp;<strong>pa\u00eds<\/strong>. Este derecho fue reconocido en la&nbsp;<strong>declaraci\u00f3n Balfour<\/strong>, el&nbsp;<strong>2 de noviembre de 1917<\/strong>, y reiterado con el mandato de la&nbsp;<strong>Liga de Naciones&nbsp;<\/strong>que, en concreto, otorg\u00f3 validez internacional al v\u00ednculo hist\u00f3rico entre el&nbsp;<strong>pueblo jud\u00edo&nbsp;<\/strong>y<strong>&nbsp;Eretz Israel<\/strong>, as\u00ed como al derecho del<strong>&nbsp;pueblo jud\u00edo&nbsp;<\/strong>a reconstruir su<strong>&nbsp;patria nacional<\/strong>.<\/p>\n\n\n\n<blockquote class=\"wp-block-quote\"><p>\u00c9ste es el derecho natural del pueblo jud\u00edo a ser due\u00f1o de su propio destino ,al igual que todas las naciones, en su propio Estado soberano\u201d<\/p><cite><strong>David Ben Guri\u00f3n<\/strong><\/cite><\/blockquote>\n\n\n\n<p><\/p>\n\n\n\n<p>\u201dLa&nbsp;<strong>cat\u00e1strofe&nbsp;<\/strong>que ha sobrevenido recientemente al&nbsp;<strong>pueblo hebreo&nbsp;<\/strong>\u2013la&nbsp;<strong>masacre&nbsp;<\/strong>de<strong>&nbsp;millones de jud\u00edos<\/strong>&nbsp;en&nbsp;<strong>Europa<\/strong>\u2013 ha sido otra clara demostraci\u00f3n de cu\u00e1n apremiante es resolver el problema de su carencia de patria mediante la nueva fundaci\u00f3n en<strong>&nbsp;Eretz Israel&nbsp;<\/strong>de un<strong>&nbsp;Estado jud\u00edo<\/strong>, que abrir\u00eda de par en par las puertas de la&nbsp;<strong>patria&nbsp;<\/strong>a todos los&nbsp;<strong>jud\u00edos&nbsp;<\/strong>y conferir\u00eda al<strong>&nbsp;pueblo hebreo&nbsp;<\/strong>la categor\u00eda de miembro de pleno privilegio de la&nbsp;<strong>comunidad de naciones<\/strong>.<\/p>\n\n\n\n<p>\u201dLos&nbsp;<strong>supervivientes&nbsp;<\/strong>del&nbsp;<strong>holocausto&nbsp;<\/strong><strong>nazi&nbsp;<\/strong>de&nbsp;<strong>Europa<\/strong>, adem\u00e1s de los&nbsp;<strong>jud\u00edos&nbsp;<\/strong>de otras partes del mundo, no han dejado de emigrar a&nbsp;<strong>Eretz Israel<\/strong>, impert\u00e9rritos ante las&nbsp;<strong>dificultades<\/strong>, las&nbsp;<strong>restricciones&nbsp;<\/strong>y los&nbsp;<strong>peligros<\/strong>, y nunca han dejado de reivindicar su derecho a una vida de&nbsp;<strong>dignidad<\/strong>,&nbsp;<strong>libertad&nbsp;<\/strong>y&nbsp;<strong>trabajo&nbsp;<\/strong>honrado en su&nbsp;<strong>patria<\/strong>.<\/p>\n\n\n\n<p>\u201dDurante la&nbsp;<strong>Segunda Guerra Mundial<\/strong>, la&nbsp;<strong>comunidad jud\u00eda&nbsp;<\/strong>de este pa\u00eds contribuy\u00f3 cuanto pudo a la lucha de las naciones amantes de la&nbsp;<strong>libertad&nbsp;<\/strong>y la&nbsp;<strong>paz&nbsp;<\/strong>en contra de las fuerzas de la<strong>&nbsp;ignominia nazi<\/strong>&nbsp;y, con la sangre de sus&nbsp;<strong>soldados&nbsp;<\/strong>y su lucha en la&nbsp;<strong>guerra<\/strong>, se gan\u00f3 el derecho a ser incluida entre los pueblos&nbsp;<strong>fundadores&nbsp;<\/strong>de las&nbsp;<strong>Naciones Unidas<\/strong>.<\/p>\n\n\n\n<p>\u201dEl&nbsp;<strong>29 de noviembre de 1947<\/strong>, la&nbsp;<strong>Asamblea General&nbsp;<\/strong>de las&nbsp;<strong>Naciones Unidas&nbsp;<\/strong>aprob\u00f3 una resoluci\u00f3n que ped\u00eda la proclamaci\u00f3n de un&nbsp;<strong>Estado jud\u00edo&nbsp;<\/strong>en&nbsp;<strong>Eretz Israel<\/strong>; la&nbsp;<strong>Asamblea General&nbsp;<\/strong>requiri\u00f3 a los habitantes de<strong>&nbsp;Eretz Israel&nbsp;<\/strong>para que dieran los pasos que fuesen necesarios en la puesta en pr\u00e1ctica de esa resoluci\u00f3n. Este&nbsp;<strong>reconocimiento&nbsp;<\/strong>por parte de las&nbsp;<strong>Naciones Unidas<\/strong>&nbsp;del derecho del<strong>&nbsp;pueblo jud\u00edo&nbsp;<\/strong>a proclamar su&nbsp;<strong>Estado&nbsp;<\/strong>es irrevocable. \u00c9ste es el&nbsp;<strong>derecho natural&nbsp;<\/strong>del&nbsp;<strong>pueblo jud\u00edo<\/strong>&nbsp;a ser&nbsp;<strong>due\u00f1o&nbsp;<\/strong>de su<strong>&nbsp;propio destino<\/strong>,al igual que todas las naciones, en su propio&nbsp;<strong>Estado soberano<\/strong>.<\/p>\n\n\n\n<blockquote class=\"wp-block-quote\"><p>El Estado de Israel asegurar\u00e1 la total igualdad de derechos sociales y pol\u00edticos para todos sus habitantes, sin hacer distinci\u00f3n de religi\u00f3n , raza o sexo \u201d<\/p><cite><strong>David Ben Guri\u00f3n<\/strong><\/cite><\/blockquote>\n\n\n\n<p><\/p>\n\n\n\n<p>\u201dPor consiguiente, nosotros, miembros del&nbsp;<strong>Consejo del Pueblo<\/strong>, representantes de la<strong>&nbsp;comunidad jud\u00eda<\/strong>&nbsp;de&nbsp;<strong>Eretz Israel&nbsp;<\/strong>y del&nbsp;<strong>movimiento sionista<\/strong>, nos hemos reunido aqu\u00ed en el d\u00eda del&nbsp;<strong>fin&nbsp;<\/strong>del&nbsp;<strong>mandato brit\u00e1nico<\/strong>&nbsp;sobre&nbsp;<strong>Eretz Israel<\/strong>&nbsp;y, en virtud de nuestro<strong>&nbsp;derecho hist\u00f3rico y natural<\/strong>, as\u00ed como de la fuerza de la&nbsp;<strong>resoluci\u00f3n&nbsp;<\/strong>de la&nbsp;<strong>Asamblea General&nbsp;<\/strong>de la&nbsp;<strong>ONU<\/strong>, declaramos por la presente la&nbsp;<strong>proclamaci\u00f3n&nbsp;<\/strong>de un&nbsp;<strong>Estado jud\u00edo&nbsp;<\/strong>en&nbsp;<strong>Eretz Israel<\/strong>, que ser\u00e1 conocido como el&nbsp;<strong>Estado de Israel<\/strong>.<\/p>\n\n\n\n<p>\u201dDeclaramos que, con efecto a partir del momento del&nbsp;<strong>fin del mandato brit\u00e1nico<\/strong>, esta noche, v\u00edspera del<strong>&nbsp;sabbat 6 de iyar de 5708&nbsp;<\/strong>(<strong>15 de mayo de 1948<\/strong>), y hasta la&nbsp;<strong>proclamaci\u00f3n&nbsp;<\/strong>de las&nbsp;<strong>autoridades&nbsp;<\/strong>del<strong>&nbsp;Estado<\/strong>&nbsp;electas y habituales, de acuerdo con la&nbsp;<strong>Constituci\u00f3n&nbsp;<\/strong>que ser\u00e1 adoptada por la<strong>&nbsp;Asamblea Constituyente&nbsp;<\/strong>electa en una fecha no posterior al<strong>&nbsp;1 de octubre de 1948<\/strong>, el&nbsp;<strong>Consejo del Pueblo&nbsp;<\/strong>actuar\u00e1 como&nbsp;<strong>Consejo de Estado provisional<\/strong>, y su organismo ejecutivo, la&nbsp;<strong>Administraci\u00f3n del Pueblo<\/strong>, ser\u00e1 el&nbsp;<strong>Gobierno provisional<\/strong>&nbsp;del&nbsp;<strong>Estado jud\u00edo<\/strong>, que ser\u00e1 llamado&nbsp;<strong>Israel<\/strong>.<\/p>\n\n\n\n<p>\u201dEl&nbsp;<strong>Estado de Israel<\/strong>&nbsp;estar\u00e1 abierto a la<strong>&nbsp;inmigraci\u00f3n jud\u00eda<\/strong>&nbsp;y al&nbsp;<strong>regreso&nbsp;<\/strong>de los&nbsp;<strong>exiliados<\/strong>; fomentar\u00e1 el&nbsp;<strong>desarrollo&nbsp;<\/strong>del&nbsp;<strong>pa\u00eds&nbsp;<\/strong>en beneficio de todos sus habitantes; se asentar\u00e1 sobre los cimientos de la&nbsp;<strong>libertad<\/strong>, la&nbsp;<strong>justicia&nbsp;<\/strong>y la&nbsp;<strong>paz<\/strong>, tal como las concibieron los&nbsp;<strong>profetas de Israel<\/strong>; asegurar\u00e1 la total&nbsp;<strong>igualdad&nbsp;<\/strong>de<strong>&nbsp;derechos sociales y pol\u00edticos&nbsp;<\/strong>para todos sus habitantes, sin hacer distinci\u00f3n de&nbsp;<strong>religi\u00f3n<\/strong>,&nbsp;<strong>raza&nbsp;<\/strong>o&nbsp;<strong>sexo<\/strong>; garantizar\u00e1 la&nbsp;<strong>libertad&nbsp;<\/strong>de&nbsp;<strong>credo<\/strong>,de&nbsp;<strong>pensamiento<\/strong>,de&nbsp;<strong>lengua<\/strong>,de&nbsp;<strong>educaci\u00f3n&nbsp;<\/strong>y de&nbsp;<strong>cultura<\/strong>;salvaguardar\u00e1 los<strong>&nbsp;lugares sagrados&nbsp;<\/strong>de todas las&nbsp;<strong>religiones<\/strong>, y ser\u00e1 leal a los principios de la&nbsp;<strong>Carta de las Naciones Unidas<\/strong>.<\/p>\n\n\n\n<blockquote class=\"wp-block-quote\"><p>Apelamos al pueblo jud\u00edo de toda la di\u00e1spora para que acuda a ayudar a los jud\u00edos de Eretz Israel en las tareas de inmigraci\u00f3n y construcci\u00f3n\u201d<\/p><cite><strong>David Ben Guri\u00f3n<\/strong><\/cite><\/blockquote>\n\n\n\n<p>\u201dEl\u00a0<strong>Estado de Israel\u00a0<\/strong>est\u00e1 dispuesto a cooperar con las agencias y los representantes de las\u00a0<strong>Naciones Unidas\u00a0<\/strong>en la puesta en pr\u00e1ctica de la\u00a0<strong>resoluci\u00f3n\u00a0<\/strong>de la<strong>\u00a0Asamblea General<\/strong>\u00a0del<strong>\u00a029 de noviembre de 1947<\/strong>, y dar\u00e1 los pasos necesarios para efectuar la\u00a0<strong>uni\u00f3n econ\u00f3mica\u00a0<\/strong>de todo\u00a0<strong>Eretz Israel<\/strong>.<\/p>\n\n\n\n<p>\u201dApelamos a las&nbsp;<strong>Naciones Unidas&nbsp;<\/strong>para que asistan al&nbsp;<strong>pueblo jud\u00edo&nbsp;<\/strong>en la&nbsp;<strong>construcci\u00f3n&nbsp;<\/strong>de su&nbsp;<strong>Estado&nbsp;<\/strong>y para que acoja al<strong>&nbsp;Estado de Israel&nbsp;<\/strong>en su&nbsp;<strong>comunidad de naciones<\/strong>. Apelamos \u2013en mitad de una&nbsp;<strong>ofensiva&nbsp;<\/strong>lanzada contra nosotros desde hace ya meses\u2013 a los<strong>&nbsp;habitantes \u00e1rabes&nbsp;<\/strong>del&nbsp;<strong>Estado de Israel<\/strong>&nbsp;para que preserven la&nbsp;<strong>paz&nbsp;<\/strong>y participen en la&nbsp;<strong>construcci\u00f3n&nbsp;<\/strong>del&nbsp;<strong>Estado&nbsp;<\/strong>sobre la base de una&nbsp;<strong>ciudadan\u00eda total e igualitaria<\/strong>,as\u00ed como de la debida&nbsp;<strong>representaci\u00f3n&nbsp;<\/strong>en todas sus&nbsp;<strong>instituciones<\/strong>, provisionales y permanentes.<\/p>\n\n\n\n<p>\u201dTendemos nuestra mano a todos los&nbsp;<strong>estados vecinos&nbsp;<\/strong>y a sus&nbsp;<strong>pueblos&nbsp;<\/strong>con una oferta de&nbsp;<strong>paz&nbsp;<\/strong>y de&nbsp;<strong>buena convivencia<\/strong>, y apelamos a ellos para que se establezcan v\u00ednculos de&nbsp;<strong>cooperaci\u00f3n&nbsp;<\/strong>y&nbsp;<strong>ayuda mutua<\/strong>&nbsp;con el<strong>&nbsp;pueblo jud\u00edo soberano<\/strong>, asentado en su&nbsp;<strong>propia tierra<\/strong>. El&nbsp;<strong>Estado de Israel&nbsp;<\/strong>est\u00e1 dispuesto a cumplir su parte en un<strong>&nbsp;esfuerzo com\u00fan&nbsp;<\/strong>para el avance de todo<strong>&nbsp;Oriente Medio<\/strong>. Apelamos al<strong>&nbsp;pueblo jud\u00edo&nbsp;<\/strong>de toda la&nbsp;<strong>di\u00e1spora&nbsp;<\/strong>para que acuda a ayudar a los&nbsp;<strong>jud\u00edos&nbsp;<\/strong>de&nbsp;<strong>Eretz Israel&nbsp;<\/strong>en las tareas de&nbsp;<strong>inmigraci\u00f3n&nbsp;<\/strong>y&nbsp;<strong>construcci\u00f3n<\/strong>, y para que los apoye en su enorme lucha por la realizaci\u00f3n del&nbsp;<strong>sue\u00f1o ancestral<\/strong>: la<strong>&nbsp;redenci\u00f3n de Israel<\/strong>.<\/p>\n\n\n\n<p>\u201dCon nuestra confianza depositada en el&nbsp;<strong>Todopoderoso<\/strong>, rubricamos esta&nbsp;<strong>proclamaci\u00f3n&nbsp;<\/strong>durante esta sesi\u00f3n del&nbsp;<strong>Consejo de Estado&nbsp;<\/strong>provisional, en suelo patrio, en la ciudad de<strong>&nbsp;Tel Aviv<\/strong>, en esta v\u00edspera de&nbsp;<strong>sabbat, el 5 de iyar de 5708&nbsp;<\/strong>(<strong>14 de mayo de 1948<\/strong>).\u201d<\/p>\n","protected":false},"excerpt":{"rendered":"<p>Autor: Ram\u00f3n \u00c1lvarez. Fuente: lavanguardia.com 18\/04\/2020 EL CONTEXTO \u201cLa&nbsp;paz duradera&nbsp;s\u00f3lo ser\u00e1 posible con una&nbsp;Estado de Israel fuerte\u201d. La&nbsp;conocida&nbsp;y&nbsp;controvertida&nbsp;m\u00e1xima&nbsp;de&nbsp;David Ben Guri\u00f3n&nbsp;no convenci\u00f3 en absoluto ni a los&nbsp;\u00e1rabes palestinos&nbsp;ni a los&nbsp;pa\u00edses&nbsp;de&nbsp;mayor\u00eda \u00e1rabe&nbsp;de alrededor, aunque s\u00ed fue una acicate definitivo para unir a la&nbsp;dividida y diversa comunidad hebrea&nbsp;y para persuadir a la&nbsp;comunidad internacional&nbsp;a establecer un&nbsp;nuevo orden&nbsp;en&nbsp;Oriente Medio, empezando &hellip; <a href=\"https:\/\/blogsaverroes.juntadeandalucia.es\/aldeacordoba\/?p=1052\" class=\"more-link\">Continuar leyendo<span class=\"screen-reader-text\"> \u00abBen Guri\u00f3n y la proclamaci\u00f3n del Estado de Israel\u00bb<\/span><\/a><\/p>\n","protected":false},"author":168,"featured_media":0,"comment_status":"open","ping_status":"open","sticky":false,"template":"","format":"standard","meta":{"ngg_post_thumbnail":0,"footnotes":""},"categories":[224391],"tags":[224449,224505,224711],"aioseo_notices":[],"_links":{"self":[{"href":"https:\/\/blogsaverroes.juntadeandalucia.es\/aldeacordoba\/index.php?rest_route=\/wp\/v2\/posts\/1052"}],"collection":[{"href":"https:\/\/blogsaverroes.juntadeandalucia.es\/aldeacordoba\/index.php?rest_route=\/wp\/v2\/posts"}],"about":[{"href":"https:\/\/blogsaverroes.juntadeandalucia.es\/aldeacordoba\/index.php?rest_route=\/wp\/v2\/types\/post"}],"author":[{"embeddable":true,"href":"https:\/\/blogsaverroes.juntadeandalucia.es\/aldeacordoba\/index.php?rest_route=\/wp\/v2\/users\/168"}],"replies":[{"embeddable":true,"href":"https:\/\/blogsaverroes.juntadeandalucia.es\/aldeacordoba\/index.php?rest_route=%2Fwp%2Fv2%2Fcomments&post=1052"}],"version-history":[{"count":0,"href":"https:\/\/blogsaverroes.juntadeandalucia.es\/aldeacordoba\/index.php?rest_route=\/wp\/v2\/posts\/1052\/revisions"}],"wp:attachment":[{"href":"https:\/\/blogsaverroes.juntadeandalucia.es\/aldeacordoba\/index.php?rest_route=%2Fwp%2Fv2%2Fmedia&parent=1052"}],"wp:term":[{"taxonomy":"category","embeddable":true,"href":"https:\/\/blogsaverroes.juntadeandalucia.es\/aldeacordoba\/index.php?rest_route=%2Fwp%2Fv2%2Fcategories&post=1052"},{"taxonomy":"post_tag","embeddable":true,"href":"https:\/\/blogsaverroes.juntadeandalucia.es\/aldeacordoba\/index.php?rest_route=%2Fwp%2Fv2%2Ftags&post=1052"}],"curies":[{"name":"wp","href":"https:\/\/api.w.org\/{rel}","templated":true}]}}