{"id":1055,"date":"2020-04-14T08:38:00","date_gmt":"2020-04-14T07:38:00","guid":{"rendered":"https:\/\/jmoragahc.wordpress.com\/?p=1055"},"modified":"2020-04-14T08:38:00","modified_gmt":"2020-04-14T07:38:00","slug":"el-colera-y-los-bulos-desinformacion-antes-del-coronavirus","status":"publish","type":"post","link":"https:\/\/blogsaverroes.juntadeandalucia.es\/aldeacordoba\/?p=1055","title":{"rendered":"El c\u00f3lera y los bulos: desinformaci\u00f3n antes del coronavirus"},"content":{"rendered":"\n<figure class=\"wp-block-image size-large is-resized\"><img loading=\"lazy\" decoding=\"async\" src=\"https:\/\/blogsaverroes.juntadeandalucia.es\/aldeacordoba\/files\/2020\/04\/image-2.png?w=865\" alt=\"\" class=\"wp-image-1057\" width=\"580\" height=\"348\" srcset=\"https:\/\/blogsaverroes.juntadeandalucia.es\/aldeacordoba\/files\/2020\/04\/image-2.png 865w, https:\/\/blogsaverroes.juntadeandalucia.es\/aldeacordoba\/files\/2020\/04\/image-2-300x180.png 300w, https:\/\/blogsaverroes.juntadeandalucia.es\/aldeacordoba\/files\/2020\/04\/image-2-768x461.png 768w\" sizes=\"(max-width: 580px) 85vw, 580px\" \/><\/figure>\n\n\n\n<p><strong>Autor<\/strong>: <strong>JAVIER MART\u00cdN GARC\u00cdA<\/strong><\/p>\n\n\n\n<p>Fuente: <a href=\"https:\/\/www.lavanguardia.com\/historiayvida\/historia-contemporanea\/20200407\/48280662969\/colera-epidemias-coronavirus-fake-news-siglo-xix-carlismo-matanza-frailes.html\">La Vanguardia 07\/04\/2020<\/a><\/p>\n\n\n\n<blockquote class=\"wp-block-quote\"><p>La extensi\u00f3n del c\u00f3lera en Espa\u00f1a en 1834 nos mostr\u00f3 c\u00f3mo las\u00a0<em>\u2018fake news\u2019\u00a0<\/em>y la falta de informaci\u00f3n pueden agravar los efectos de una plaga<\/p><\/blockquote>\n\n\n\n<p class=\"has-text-align-justify\">Es mediod\u00eda en un tenso 17 de julio de 1834 en la Puerta del Sol. La incertidumbre es palpable en toda Espa\u00f1a, m\u00e1s a\u00fan en Madrid, donde la actualidad pol\u00edtica y social deja poco espacio para la calma. Hace apenas diez meses que ha muerto el rey&nbsp;<strong><a href=\"https:\/\/www.lavanguardia.com\/historiayvida\/historia-contemporanea\/20180919\/47312655476\/fernando-vii-el-peor-rey-de-espana.html\">Fernando VII<\/a>,<\/strong>&nbsp;y&nbsp;<strong>el pa\u00eds se prepara para afrontar una guerra civil<\/strong>. El hermano del antiguo monarca,&nbsp;<strong><a href=\"https:\/\/www.lavanguardia.com\/historiayvida\/historia-contemporanea\/20181126\/47313683261\/asi-nacio-el-carlismo-en-espana.html\">Carlos Mar\u00eda Isidro<\/a>,<\/strong>&nbsp;reclama la sucesi\u00f3n frente a la decisi\u00f3n de aquel, que apost\u00f3 por su hija,&nbsp;<strong><a href=\"https:\/\/www.lavanguardia.com\/historiayvida\/edad-media\/20200329\/4892647944\/pragmatica-sancion-ley-salica-isabel-ii-fernando-vii-carlismo.html\">Isabel II<\/a>.<\/strong>&nbsp;El postulante ha logrado entrar en la pen\u00ednsula por el Pa\u00eds Vasco y dirige un ej\u00e9rcito que busca implantar sus ideas absolutistas en toda Espa\u00f1a.<\/p>\n\n\n\n<p class=\"has-text-align-justify\">Aquel 17 de julio, una desgracia sanitaria se suma a estas preocupaciones.&nbsp;<strong>Lo que al principio solo eran rumores se ha convertido en un clamor<\/strong>. Una enfermedad est\u00e1 atacando con especial virulencia a las clases m\u00e1s populares de la capital. Decenas de personas est\u00e1n muriendo entre v\u00f3mitos, diarreas y dolores. Todo parece indicar que&nbsp;<strong>la ciudad sufre un brote de c\u00f3lera<\/strong>, el mismo c\u00f3lera que ya ha arrasado media Europa y cuya gravedad tanto poderes p\u00fablicos como medios de comunicaci\u00f3n est\u00e1n tratando de disimular con escaso \u00e9xito.<\/p>\n\n\n\n<p class=\"has-text-align-justify\"><strong>Solo falta una chispa para que Madrid estalle<\/strong>. Aquel mediod\u00eda, un mozalbete de los muchos que pululan por la populosa Puerta del Sol se acerca a un aguador e introduce barro en la cuba en la que porta el l\u00edquido. Un grupo de personas que contemplan la escena atacan furiosamente al muchacho.&nbsp;<strong>La violencia se extiende por la ciudad<\/strong>. \u00bfPor qu\u00e9 una trastada mil y una veces repetida genera esta vez una reacci\u00f3n desmesurada?<\/p>\n\n\n\n<figure class=\"wp-block-image\"><img decoding=\"async\" src=\"https:\/\/www.lavanguardia.com\/r\/GODO\/LV\/p7\/WebSite\/2020\/04\/03\/Recortada\/img_jmarting_20200403-114827_imagenes_lv_terceros_colera_carlismo-krDI--656x438@LaVanguardia-Web.jpg\" alt=\"Caricatura sobre la relaci\u00f3n del carlismo con el clero en una revista sat\u00edrica del siglo XIX.\" \/><figcaption>Caricatura sobre la relaci\u00f3n del carlismo con el clero en una revista sat\u00edrica del siglo XIX. (Dominio p\u00fablico)<\/figcaption><\/figure>\n\n\n\n<p class=\"has-text-align-justify\">El boca a boca propaga entre los madrile\u00f1os que el temido c\u00f3lera est\u00e1 afectando a individuos sanos que enferman justo despu\u00e9s de beber o entrar en contacto con el agua. A ello se suma el hecho de que<strong>&nbsp;las autoridades apenas ofrecen informaci\u00f3n sobre lo que ocurre<\/strong>. El pueblo empieza a buscar culpables. Mientras tanto, Madrid teme el avance de las tropas carlistas, defensoras, entre otras cosas, de los privilegios de la Iglesia.<\/p>\n\n\n\n<p><strong>La matanza de frailes<\/strong><\/p>\n\n\n\n<p class=\"has-text-align-justify\">Un bulo se extiende por la capital: como una quinta columna de los carlistas,&nbsp;<strong>los religiosos est\u00e1n contratando a ni\u00f1os e indigentes para que envenenen las aguas<\/strong>&nbsp;de las que se surten los madrile\u00f1os. Es la Iglesia la que est\u00e1 propagando el c\u00f3lera&#8230; No ayudar\u00e1 a desmentirlo el hecho de que, tal como explica el historiador Antonio Moliner Prada en el libro colectivo&nbsp;<em>El anticlericalismo espa\u00f1ol contempor\u00e1neo<\/em>,&nbsp;<strong>el clero insista una y otra vez en que la enfermedad es un \u201ccastigo divino\u201d<\/strong>&nbsp;por la ausencia de fe de los ciudadanos.<\/p>\n\n\n\n<p class=\"has-text-align-justify\">Desatada la tensi\u00f3n,&nbsp;<strong>una turba de madrile\u00f1os agrede a un franciscano que pasea<\/strong>&nbsp;por la c\u00e9ntrica calle Toledo. En la misma v\u00eda, la muchedumbre consigue acceder al Colegio Imperial, administrado por los jesuitas, y asesina a cuanto religioso se encuentra. La situaci\u00f3n se descontrola y&nbsp;<strong>son asaltados conventos de diferentes \u00f3rdenes religiosas<\/strong>, cuyos habitantes son acuchillados, asesinados a garrotazos o quemados vivos.<\/p>\n\n\n\n<p class=\"has-text-align-justify\"><strong>El convento de San Francisco el Grande se lleva la peor parte<\/strong>, con cerca de cuarenta muertos. Seg\u00fan datos de Julio Caro Baroja en su&nbsp;<em>Historia del anticlericalismo espa\u00f1ol<\/em>, \u201calrededor de setenta y cinco religiosos fueron asesinados en Madrid el 17 de julio de 1834\u201d.<\/p>\n\n\n\n<h3 class=\"wp-block-heading\">Un bulo generado a partir del miedo y la desinformaci\u00f3n hab\u00eda provocado una terrible \u201cmatanza de frailes\u201d<\/h3>\n\n\n\n<p class=\"has-text-align-justify\">Un bulo engendrado a partir del miedo y la desinformaci\u00f3n hab\u00eda generado una jornada funesta, que se conocer\u00eda como \u201cla matanza de frailes\u201d. Algo que, por otro lado,&nbsp;<strong>no ocurri\u00f3 exclusivamente en nuestro pa\u00eds<\/strong>. A\u00f1os antes, en Varsovia, y tambi\u00e9n ante la aparici\u00f3n del c\u00f3lera, el exacerbado antisemitismo hab\u00eda culpado a los jud\u00edos de propagar la enfermedad, mientras que en Par\u00eds lleg\u00f3 a intervenir el Ej\u00e9rcito para frenar los&nbsp;<a href=\"https:\/\/www.lavanguardia.com\/historiayvida\/20200307\/473976546690\/epidemias-coronavirus-humanidad.html\">desmanes populares&nbsp;<\/a>contra los que consideraban responsables de extender la plaga: m\u00e9dicos, curas, boticarios o ricos.&nbsp;<strong>El c\u00f3lera mataba, pero tambi\u00e9n lo hac\u00eda la desinformaci\u00f3n<\/strong>.<\/p>\n\n\n\n<p><strong>\u00bfC\u00f3mo se col\u00f3 en Espa\u00f1a?<\/strong><\/p>\n\n\n\n<p class=\"has-text-align-justify\">La pandemia del conocido como c\u00f3lera-morbo, o asi\u00e1tico,&nbsp;<strong>tiene su origen en el a\u00f1o 1817, cuando se desplaza desde las zonas pr\u00f3ximas al r\u00edo Ganges&nbsp;<\/strong>(donde era end\u00e9mico) hasta las localidades lim\u00edtrofes. Despu\u00e9s, en varias oleadas y siguiendo las tradicionales rutas de la comunicaci\u00f3n y el comercio, alcanz\u00f3 Europa. En Espa\u00f1a irrumpi\u00f3, concretamente&nbsp;<strong>en el puerto de Vigo<\/strong>, en enero de 1833 desde Portugal. Poco despu\u00e9s penetr\u00f3 en la frontera extreme\u00f1a y desde all\u00ed se extendi\u00f3 por Andaluc\u00eda.<\/p>\n\n\n\n<p class=\"has-text-align-justify\">El invierno fren\u00f3 la expansi\u00f3n, pero el movimiento de tropas para sofocar el levantamiento carlista disemin\u00f3 la enfermedad por toda Espa\u00f1a, sobre todo a partir de junio de 1834.&nbsp;<strong>Tardar\u00e1 m\u00e1s de un a\u00f1o y medio en desaparecer<\/strong>, afectando fatalmente a alrededor de un 3% de la poblaci\u00f3n.<\/p>\n\n\n\n<p class=\"has-text-align-justify\"><strong>El encubrimiento de informaci\u00f3n por parte del gobierno&nbsp;<\/strong>del moderado Francisco Mart\u00ednez de la Rosa, temeroso de que un estado de p\u00e1nico generalizado paralizase a\u00fan m\u00e1s la precaria econom\u00eda espa\u00f1ola, fue contraproducente a la hora de frenar su expansi\u00f3n.<\/p>\n\n\n\n<figure class=\"wp-block-image\"><img decoding=\"async\" src=\"https:\/\/www.lavanguardia.com\/r\/GODO\/LV\/p7\/WebSite\/2020\/04\/03\/Recortada\/img_jmarting_20200403-114827_imagenes_lv_terceros_colera_martinez_rosa-krDI--656x803@LaVanguardia-Web.jpg\" alt=\"Francisco Mart\u00ednez de la Rosa, presidente del consejo de ministros durante el brote de c\u00f3lera.\" \/><figcaption>Francisco Mart\u00ednez de la Rosa, presidente del consejo de ministros durante el brote de c\u00f3lera. (Dominio p\u00fablico)<\/figcaption><\/figure>\n\n\n\n<p class=\"has-text-align-justify\"><strong>Los medios de comunicaci\u00f3n tardaron tambi\u00e9n en reaccionar<\/strong>, contagiados por este clima de prudencia. Un ejemplo paradigm\u00e1tico de esta disfunci\u00f3n se desarroll\u00f3 en Madrid. El 2 de julio de 1834, los partes que emit\u00edan los m\u00e9dicos a la Junta Municipal advert\u00edan de la existencia de casos de c\u00f3lera en las calles de la capital. Sin embargo, al menos durante los diez primeros d\u00edas del mes,&nbsp;<em>Diario de Avisos de Madrid<\/em>,&nbsp;<strong>el medio oficial, se limitaba a ofrecer consejos&nbsp;<\/strong>sobre la forma de evitar contraer la enfermedad y a presentar las medidas que se estaban poniendo en marcha para que la epidemia no entrase en la ciudad, dando a entender que esto a\u00fan no hab\u00eda ocurrido.<\/p>\n\n\n\n<p><strong>Una prevenci\u00f3n insuficiente<\/strong><\/p>\n\n\n\n<p class=\"has-text-align-justify\">Desde luego, casi todo acerca del c\u00f3lera era desconocido. La enfermedad llevaba a la muerte a un alto porcentaje de los contagiados en menos de una semana. Se ignoraban su causa y su medio de transmisi\u00f3n, y&nbsp;<strong>los planes preventivos puestos en pr\u00e1ctica no pasaban de ser ensayos a ciegas<\/strong>.<\/p>\n\n\n\n<p class=\"has-text-align-justify\">En 1827 se hab\u00eda creado la Real Junta Superior Gubernativa de Medicina y Cirug\u00eda, que unificaba a los colegios de Medicina y Cirug\u00eda. Con su patrocinio&nbsp;<strong>se envi\u00f3 una comisi\u00f3n de tres expertos a varios pa\u00edses europeos castigados por el c\u00f3lera<\/strong>&nbsp;y se nombr\u00f3 al prestigioso m\u00e9dico Mateo Seoane corresponsal m\u00e9dico en las islas brit\u00e1nicas. Los informes de unos y otro, diecinueve entre 1831 y 1833, apenas tuvieron eco m\u00e1s all\u00e1 del \u00e1mbito cient\u00edfico.<\/p>\n\n\n\n<figure class=\"wp-block-image\"><img decoding=\"async\" src=\"https:\/\/www.lavanguardia.com\/r\/GODO\/LV\/p7\/WebSite\/2020\/04\/03\/Recortada\/img_jmarting_20200403-114827_imagenes_lv_terceros_colera_matanza_frailes-kyCG--656x485@LaVanguardia-Web.jpg\" alt=\"Una muchedumbre ataca una iglesia de los jesuitas en Madrid.\" \/><figcaption>Una muchedumbre ataca una iglesia de los jesuitas en Madrid. (Dominio p\u00fablico)<\/figcaption><\/figure>\n\n\n\n<p class=\"has-text-align-justify\">La Comisi\u00f3n M\u00e9dica propuso, en orden de prioridad,&nbsp;<strong>cinco medidas para frenar el contagio&nbsp;<\/strong>y reducir sus efectos: eliminar los focos de insalubridad, reducir la miseria en las clases populares, facilitar los cuidados m\u00e9dicos, instruir a la poblaci\u00f3n en sanidad y \u201cevitar la introducci\u00f3n de las causas morb\u00edficas\u201d. Este \u00faltimo punto, centrado en el&nbsp;<strong>aislamiento de las poblaciones contaminadas&nbsp;<\/strong>y en prohibir la comunicaci\u00f3n con focos internacionales de contagio, fue el \u00fanico que se llev\u00f3 a cabo.<\/p>\n\n\n\n<p class=\"has-text-align-justify\">A finales de 1831, se pusieron en&nbsp;<a href=\"https:\/\/www.lavanguardia.com\/historiayvida\/edad-media\/20200326\/48101133788\/cuarentena-coronavirus-confinamiento-peste-negra-colera.html\"><strong>cuarentena<\/strong>&nbsp;<\/a>los barcos procedentes de pa\u00edses en los que se desarrollase la epidemia, y pronto se hizo lo mismo respecto al contacto terrestre con poblaciones contaminadas, cre\u00e1ndose los llamados&nbsp;<strong>cordones sanitarios<\/strong>. En 1832, se crearon Juntas de Sanidad en las provincias fronterizas que deb\u00edan velar por el cumplimiento de esas medidas. Todas ellas fueron&nbsp;<strong>insuficientes para frenar el contagio&nbsp;<\/strong>a partir de 1833.<\/p>\n\n\n\n<p><strong>Los pobres, principales damnificados<\/strong><\/p>\n\n\n\n<p class=\"has-text-align-justify\">Lo que resultaba imposible de frenar eran las transformaciones que se estaban produciendo en el mundo. El tr\u00e1nsito dilu\u00eda las fronteras.&nbsp;<strong>El desarrollo de los transportes y la industrializaci\u00f3n fueron los principales estimuladores de la extensi\u00f3n de la plaga&nbsp;<\/strong>y de las que se suceder\u00e1n. A partir de entonces, queda claro que es un disparate disociar los aspectos cient\u00edficos y sociales al tratar de controlar una pandemia.<\/p>\n\n\n\n<blockquote class=\"wp-block-quote\"><p>El c\u00f3lera se convirti\u00f3 en uno de los principales impulsores de la medicina preventiva de la modernidad<\/p><\/blockquote>\n\n\n\n<p class=\"has-text-align-justify\">La enfermedad afectaba en especial a los estratos m\u00e1s bajos, sobre todo en el \u00e1mbito urbano, donde se hacinaban miles de personas que hab\u00edan acudido a las capitales en busca de trabajo.&nbsp;<strong>Las p\u00e9simas condiciones de vida favorec\u00edan el contagio y la letalidad del c\u00f3lera<\/strong>. Aquellos forasteros que no hab\u00edan conseguido un puesto eran expulsados a sus lugares de origen.<\/p>\n\n\n\n<p class=\"has-text-align-justify\">La&nbsp;<strong>represi\u00f3n contra las clases populares y los indigentes&nbsp;<\/strong>fue una constante que se pretend\u00eda justificar por la ausencia de higiene. Sin embargo, esta represi\u00f3n tambi\u00e9n respond\u00eda al hecho de que eran los m\u00e1s pobres quienes espoleaban en mayor medida los levantamientos contra los privilegiados.<\/p>\n\n\n\n<p><strong>Lecciones aprendidas<\/strong><\/p>\n\n\n\n<p class=\"has-text-align-justify\">Como toda crisis sanitaria, tambi\u00e9n esta enfermedad trajo consigo lecciones. El grado de mortalidad en espacios sobrepoblados y la insalubridad asociada a los mismos impuls\u00f3 la mejora de elementos como el suministro de aguas, el alcantarillado o la limpieza de f\u00e1bricas, instituciones p\u00fablicas u hospitales.&nbsp;<strong>El c\u00f3lera se convirti\u00f3 en uno de los principales acicates de la medicina preventiva&nbsp;<\/strong>de la modernidad.<\/p>\n\n\n\n<p class=\"has-text-align-justify\">No menos importante fue&nbsp;<strong>la toma de conciencia de la trascendencia de los m\u00e9dicos&nbsp;<\/strong>y su formaci\u00f3n. Hasta poco antes, las supersticiones conviv\u00edan y a veces ten\u00edan m\u00e1s influencia que la labor cient\u00edfica, y el m\u00e9dico era concebido apenas como un simple sangrador. Las medidas higi\u00e9nicas, sumadas a una mayor organizaci\u00f3n, con&nbsp;<strong>hospitales m\u00e1s modernos y pulcros<\/strong>, supusieron un paso de gigante en la lucha contra las pandemias.<\/p>\n\n\n\n<p class=\"has-text-align-justify\">La historia nos ha ense\u00f1ado que toda situaci\u00f3n sanitaria cr\u00edtica, como la que estamos viviendo hoy con el coronavirus, es una cat\u00e1strofe, pero al mismo tiempo supone una&nbsp;<strong>oportunidad de aprendizaje para regenerar los aspectos sanitarios, sociales y econ\u00f3micos&nbsp;<\/strong>que han sido sobrepasados por la enfermedad.<\/p>\n","protected":false},"excerpt":{"rendered":"<p>Autor: JAVIER MART\u00cdN GARC\u00cdA Fuente: La Vanguardia 07\/04\/2020 La extensi\u00f3n del c\u00f3lera en Espa\u00f1a en 1834 nos mostr\u00f3 c\u00f3mo las\u00a0\u2018fake news\u2019\u00a0y la falta de informaci\u00f3n pueden agravar los efectos de una plaga Es mediod\u00eda en un tenso 17 de julio de 1834 en la Puerta del Sol. La incertidumbre es palpable en toda Espa\u00f1a, m\u00e1s &hellip; <a href=\"https:\/\/blogsaverroes.juntadeandalucia.es\/aldeacordoba\/?p=1055\" class=\"more-link\">Continuar leyendo<span class=\"screen-reader-text\"> \u00abEl c\u00f3lera y los bulos: desinformaci\u00f3n antes del coronavirus\u00bb<\/span><\/a><\/p>\n","protected":false},"author":168,"featured_media":0,"comment_status":"open","ping_status":"open","sticky":false,"template":"","format":"standard","meta":{"ngg_post_thumbnail":0,"footnotes":""},"categories":[224381,224397],"tags":[224479,224573,224887],"aioseo_notices":[],"_links":{"self":[{"href":"https:\/\/blogsaverroes.juntadeandalucia.es\/aldeacordoba\/index.php?rest_route=\/wp\/v2\/posts\/1055"}],"collection":[{"href":"https:\/\/blogsaverroes.juntadeandalucia.es\/aldeacordoba\/index.php?rest_route=\/wp\/v2\/posts"}],"about":[{"href":"https:\/\/blogsaverroes.juntadeandalucia.es\/aldeacordoba\/index.php?rest_route=\/wp\/v2\/types\/post"}],"author":[{"embeddable":true,"href":"https:\/\/blogsaverroes.juntadeandalucia.es\/aldeacordoba\/index.php?rest_route=\/wp\/v2\/users\/168"}],"replies":[{"embeddable":true,"href":"https:\/\/blogsaverroes.juntadeandalucia.es\/aldeacordoba\/index.php?rest_route=%2Fwp%2Fv2%2Fcomments&post=1055"}],"version-history":[{"count":0,"href":"https:\/\/blogsaverroes.juntadeandalucia.es\/aldeacordoba\/index.php?rest_route=\/wp\/v2\/posts\/1055\/revisions"}],"wp:attachment":[{"href":"https:\/\/blogsaverroes.juntadeandalucia.es\/aldeacordoba\/index.php?rest_route=%2Fwp%2Fv2%2Fmedia&parent=1055"}],"wp:term":[{"taxonomy":"category","embeddable":true,"href":"https:\/\/blogsaverroes.juntadeandalucia.es\/aldeacordoba\/index.php?rest_route=%2Fwp%2Fv2%2Fcategories&post=1055"},{"taxonomy":"post_tag","embeddable":true,"href":"https:\/\/blogsaverroes.juntadeandalucia.es\/aldeacordoba\/index.php?rest_route=%2Fwp%2Fv2%2Ftags&post=1055"}],"curies":[{"name":"wp","href":"https:\/\/api.w.org\/{rel}","templated":true}]}}