{"id":1075,"date":"2020-04-24T08:23:00","date_gmt":"2020-04-24T07:23:00","guid":{"rendered":"https:\/\/jmoragahc.wordpress.com\/?p=1075"},"modified":"2020-04-24T08:23:00","modified_gmt":"2020-04-24T07:23:00","slug":"lo-que-la-historia-nos-ensena-sobre-las-consecuencias-economicas-de-grandes-epidemias-como-la-peste","status":"publish","type":"post","link":"https:\/\/blogsaverroes.juntadeandalucia.es\/aldeacordoba\/?p=1075","title":{"rendered":"Lo que la historia nos ense\u00f1a sobre las consecuencias econ\u00f3micas de grandes epidemias como la peste"},"content":{"rendered":"\n<figure class=\"wp-block-image size-large\"><img decoding=\"async\" src=\"https:\/\/www.eldiario.es\/fotos\/Peste-serie-Alberto-Rodriguez_EDIIMA20180109_0794_4.jpg\" alt=\"\" \/><figcaption>Fotograma de La Peste, serie de Alberto Rodr\u00edguez<br><\/figcaption><\/figure>\n\n\n\n<p><strong>Autora<\/strong>: <a href=\"https:\/\/www.eldiario.es\/autores\/marina_estevez_torreblanca\/\">Marina Est\u00e9vez Torreblanca<\/a><\/p>\n\n\n\n<p><strong>Fuente<\/strong>: <em><a rel=\"noreferrer noopener\" href=\"https:\/\/www.eldiario.es\/economia\/historia-consecuencias-economicas-epidemias-historicas_0_1005099785.html\" target=\"_blank\">eldiario.es<\/a><\/em> 15\/03\/2020<\/p>\n\n\n\n<p class=\"has-text-align-justify\">Hace siglos, los barcos estaban obligados a guardar cuarentenas en los puertos durante las pestes para evitar su propagaci\u00f3n a las ciudades costeras. Ahora se proh\u00edben los vuelos desde Italia a Espa\u00f1a o hacia Estados Unidos desde Europa. El coronavirus es incomparablemente menos letal que la peste negra, que asol\u00f3 el mundo en varias oleadas sobre todo entre los siglos XIV y XVIII, acabando con la vida de unas 100 millones de personas en Europa, \u00c1frica y Asia (entre el 25 y el 60% de la poblaci\u00f3n europea, seg\u00fan estimaciones).<\/p>\n\n\n\n<p class=\"has-text-align-justify\">Los contextos hist\u00f3ricos y de desarrollo cient\u00edfico son tambi\u00e9n muy diferentes, pero, con todas las distancias y sin posibilidad de hacer una comparaci\u00f3n directa, ambas son epidemias y podr\u00edan compartir ciertos rasgos comunes sociol\u00f3gicos y econ\u00f3micos, que tambi\u00e9n se encuentran en otras crisis sanitarias de envergadura como la gripe de 1918, explica a eldiario.es la profesora de Historia Econ\u00f3mica de la Universitat Aut\u00f2noma de Barcelona Carmen Saras\u00faa.<\/p>\n\n\n\n<p class=\"has-text-align-justify\">Los efectos de la pandemia de coronavirus a\u00fan son imposibles de estimar en su totalidad al estar a\u00fan inmersos en esta crisis. Pero se espera que el impacto econ\u00f3mico a corto y medio plazo sea muy alto: se interrumpen los sistemas de transporte y abastecimiento y cae la producci\u00f3n de muchos sectores, adem\u00e1s de la demanda. Y al caer la demanda, como explicaba Keynes tras la Depresi\u00f3n de 1929, baja el empleo y cae el ingreso de los hogares, lo que aumenta a\u00fan m\u00e1s el desempleo (adem\u00e1s de la recaudaci\u00f3n fiscal, los ingresos con los que cuenta el estado para financiar servicios p\u00fablicos).<\/p>\n\n\n\n<p class=\"has-text-align-justify\">En el caso de la peste negra, esta epidemia supuso cambios important\u00edsimos en la econom\u00eda y un fort\u00edsimo retroceso; el descalabro de poblaci\u00f3n tard\u00f3 cien a\u00f1os en recuperarse. \u00abDesapareci\u00f3 el comercio, cayeron las ciudades, la gente se fue al campo, murieron reyes, afect\u00f3 a todos los estratos sociales\u00bb, expone en una entrevista con Efe Pedro Gargantilla, profesor de Historia de la Medicina de la Universidad Francisco de Vitoria y jefe de Medicina Interna del Hospital de El Escorial (Madrid).<\/p>\n\n\n\n<p class=\"has-text-align-justify\">A corto plazo, las consecuencias econ\u00f3micas m\u00e1s relevantes de la tambi\u00e9n llamada peste bub\u00f3nica, originada en el desierto del Gobi, se pueden resumir en que los campos quedaron sin trabajar y las cosechas se pudrieron. De ello se deriv\u00f3 una escasez de productos agr\u00edcolas, acaparados \u00fanicamente por aquellos que pod\u00edan pagarlos. Los precios subieron, por lo que crecieron las penalidades y el sufrimiento de los menos pudientes.<\/p>\n\n\n\n<p class=\"has-text-align-justify\">\u00abEs indudable que esta epidemia produjo efectos econ\u00f3micos que supusieron&nbsp;la recesi\u00f3n m\u00e1s dr\u00e1stica de la Historia.&nbsp;Es relevante destacar que es en esta \u00e9poca, con clara influencia de la epidemia de la peste, cuando se pone fin a la construcci\u00f3n masiva de monasterios, iglesias y catedrales. Por todo ello, se puede decir que es el motivo del cierre del periodo medieval\u00bb, recalca esta&nbsp;<a href=\"https:\/\/www.bbvaopenmind.com\/humanidades\/sociologia\/la-peste-negra-punto-de-inflexion-y-fin-de-la-edad-media\/\">publicaci\u00f3n<\/a>&nbsp;de BBVA.<\/p>\n\n\n\n<p class=\"has-text-align-justify\">El hambre, la peste y la guerra que marcaron el siglo XIV acabaron trasformando la sociedad y disparando las desigualdades. Los poderosos aumentaron su poder y su riqueza y el pueblo llano qued\u00f3 m\u00e1s empobrecido y perdi\u00f3 algunos derechos de las generaciones anteriores, como se explica&nbsp;<a href=\"https:\/\/www.eldiario.es\/arsenioescolar\/peste-negra-coronavirus_6_991860845.html\">en este art\u00edculo<\/a>.<\/p>\n\n\n\n<p class=\"has-text-align-justify\">Pero cuando se habla de los efectos econ\u00f3micos de la peste negra que asol\u00f3 Europa a mediados del XIV, a pesar de sus inicios devastadores, los historiadores coinciden&nbsp;en se\u00f1alar otros efectos econ\u00f3micos y sociales positivos para los supervivientes. Como explica Carmen Saras\u00faa, \u00abla tierra era abundante, al caer la oferta de trabajo los salarios aumentaron, y se ha visto por ejemplo que las mujeres encontraron muchas m\u00e1s oportunidades laborales en los gremios que hasta entonces las hab\u00edan vetado, en los jornales agrarios, etc\u00bb. Unos efectos que tambi\u00e9n se han observado tras picos de mortalidad como los que se producen en las guerras, aunque no pal\u00eden ni compensen la devastaci\u00f3n econ\u00f3mica y social y la p\u00e9rdida de vidas iniciales.<\/p>\n\n\n\n<p class=\"has-text-align-justify\">Adem\u00e1s, las epidemias han servido para introducir mejoras de la salubridad p\u00fablica&nbsp;que pretenden reducir el riesgo de las aglomeraciones urbanas. En el caso de las oleadas de peste, acabaron por favorecer la recogida de basuras y aguas fecales, la regulaci\u00f3n de la presencia de animales vivos y muertos, o la construcci\u00f3n de cementerios fuera de los recintos urbanos y la obligaci\u00f3n de encalar iglesias (tras&nbsp; la promulgaci\u00f3n de la Real C\u00e9dula Carlos III en 1787).<\/p>\n\n\n\n<h3 class=\"wp-block-heading\">Consecuencias de otras epidemias<\/h3>\n\n\n\n<p class=\"has-text-align-justify\">Otra epidemia que hundi\u00f3 la econom\u00eda fue la gripe de 1918 (mal llamada gripe \u00abespa\u00f1ola\u00bb por ser uno de los primeros pa\u00edses donde se inform\u00f3 de ella, al ser ajeno a la guerra), que caus\u00f3 m\u00e1s muertos que la I Guerra Mundial (unos 50 millones seg\u00fan estimaciones). Entre la enfermedad y la contienda se hundi\u00f3 la actividad econ\u00f3mica y hubo cambios en los movimientos migratorios, aunque es dif\u00edcil discernir qu\u00e9 parte del hundimiento de la econom\u00eda se puede achacar a cada fen\u00f3meno.<\/p>\n\n\n\n<p class=\"has-text-align-justify\">Brotes infecciosos m\u00e1s recientes, incluso los temores de algunos relativamente contenidos, han afectado en las \u00faltimas d\u00e9cadas al comercio.&nbsp;Por ejemplo, la prohibici\u00f3n de la Uni\u00f3n Europea de exportar carne vacuna brit\u00e1nica dur\u00f3 diez a\u00f1os debido a un brote de la enfermedad de las vacas locas en el Reino Unido, pese a que la transmisi\u00f3n a humanos es relativamente limitada.<\/p>\n\n\n\n<p class=\"has-text-align-justify\">Adem\u00e1s, algunas epidemias prolongadas, como el VIH y la malaria, desalientan la inversi\u00f3n extranjera directa. Un informe del Fondo Monetario Internacional sobre epidemias estima el costo anual esperado de la gripe pand\u00e9mica en unos 500.000 millones de d\u00f3lares (0,6% del ingreso mundial), incluidos la p\u00e9rdida de ingresos y el costo intr\u00ednseco del aumento de la mortalidad.<\/p>\n\n\n\n<p class=\"has-text-align-justify\">Y aunque el efecto sanitario de un brote es relativamente limitado, sus consecuencias econ\u00f3micas se pueden multiplicar con rapidez. Por ejemplo, Liberia sufri\u00f3 una reducci\u00f3n del crecimiento del PIB de 8 puntos porcentuales entre 2013 y 2014 durante el brote de \u00e9bola en \u00c1frica occidental a pesar de la baja tasa general de mortalidad en el pa\u00eds durante ese per\u00edodo.<\/p>\n\n\n\n<h3 class=\"wp-block-heading\">Ganadores y perdedores en las epidemias<\/h3>\n\n\n\n<p class=\"has-text-align-justify\">Los efectos de los brotes y epidemias no se distribuyen de manera equitativa en la econom\u00eda. Algunos sectores incluso podr\u00edan beneficiarse financieramente, mientras que otros sufrir\u00e1n en forma desmedida. Las farmac\u00e9uticas que producen vacunas, antibi\u00f3ticos u otros productos necesarios para la respuesta al brote son posibles beneficiarios.&nbsp;<\/p>\n\n\n\n<p class=\"has-text-align-justify\">Como explica Saras\u00faa, en todas las coyunturas hay sectores econ\u00f3micos que se benefician. Cuando hay una demanda excepcional de determinados bienes y servicios los sectores que los proporcionan \u00abhacen su agosto\u00bb (podr\u00eda ser el caso de mascarillas o alimentos de primera necesidad estos d\u00edas en Espa\u00f1a), mientras que se hunden los que proporcionan bienes y servicios que dejamos de consumir y los que se ven afectados por la interrupci\u00f3n de componentes y materias primas.<\/p>\n\n\n\n<p class=\"has-text-align-justify\">Pero la desigualdad tambi\u00e9n se refleja en la enfermedad y la mortalidad. Ahora mismo, una de las grandes causas de desigualdad en el impacto de una epidemia es el acceso a la asistencia m\u00e9dica. En los pa\u00edses que carecen de sistemas p\u00fablicos de asistencia m\u00e9dica universal, donde hay que pagar las pruebas de diagn\u00f3stico, los tratamientos, y la hospitalizaci\u00f3n (caso de EEUU), el nivel de renta ser\u00e1 determinante.<\/p>\n\n\n\n<h3 class=\"wp-block-heading\">Literatura como fuente hist\u00f3rica sobre las pandemias<\/h3>\n\n\n\n<p class=\"has-text-align-justify\">La profesora recuerda tres obras literarias que resultan fuentes hist\u00f3ricas de gran valor sobre las epidemias: El Decamer\u00f3n, de Boccaccio, describe la peste que asol\u00f3 Florencia en 1348; el Diario del a\u00f1o de la peste, escrito por Daniel Defoe en 1722, que narra la epidemia de peste que sufri\u00f3 Londres en 1665, que mat\u00f3 a una quinta parte de la poblaci\u00f3n. Y Manzoni, en Los novios, relata la peste de Mil\u00e1n en 1628.<\/p>\n\n\n\n<p class=\"has-text-align-justify\">\u00abLas tres nos hablan del miedo, de c\u00f3mo la sociedad se enfrenta a la muerte masiva e inesperada, algunos buscando culpables y acusando a determinados grupos o individuos, recurriendo a la magia y a la religi\u00f3n&#8230;otros tratando de entender las causas cient\u00edficas de lo que ocurre, buscando soluciones racionales y c\u00edvicas que hacen avanzar a la sociedad y pal\u00edan los efectos econ\u00f3micos adversos que tienen estas crisis\u00bb, concluye Saras\u00faa.<\/p>\n","protected":false},"excerpt":{"rendered":"<p>Autora: Marina Est\u00e9vez Torreblanca Fuente: eldiario.es 15\/03\/2020 Hace siglos, los barcos estaban obligados a guardar cuarentenas en los puertos durante las pestes para evitar su propagaci\u00f3n a las ciudades costeras. Ahora se proh\u00edben los vuelos desde Italia a Espa\u00f1a o hacia Estados Unidos desde Europa. El coronavirus es incomparablemente menos letal que la peste negra, &hellip; <a href=\"https:\/\/blogsaverroes.juntadeandalucia.es\/aldeacordoba\/?p=1075\" class=\"more-link\">Continuar leyendo<span class=\"screen-reader-text\"> \u00abLo que la historia nos ense\u00f1a sobre las consecuencias econ\u00f3micas de grandes epidemias como la peste\u00bb<\/span><\/a><\/p>\n","protected":false},"author":168,"featured_media":0,"comment_status":"open","ping_status":"open","sticky":false,"template":"","format":"standard","meta":{"ngg_post_thumbnail":0,"footnotes":""},"categories":[224378,224396,224398],"tags":[224516,224527,224573,224813],"aioseo_notices":[],"_links":{"self":[{"href":"https:\/\/blogsaverroes.juntadeandalucia.es\/aldeacordoba\/index.php?rest_route=\/wp\/v2\/posts\/1075"}],"collection":[{"href":"https:\/\/blogsaverroes.juntadeandalucia.es\/aldeacordoba\/index.php?rest_route=\/wp\/v2\/posts"}],"about":[{"href":"https:\/\/blogsaverroes.juntadeandalucia.es\/aldeacordoba\/index.php?rest_route=\/wp\/v2\/types\/post"}],"author":[{"embeddable":true,"href":"https:\/\/blogsaverroes.juntadeandalucia.es\/aldeacordoba\/index.php?rest_route=\/wp\/v2\/users\/168"}],"replies":[{"embeddable":true,"href":"https:\/\/blogsaverroes.juntadeandalucia.es\/aldeacordoba\/index.php?rest_route=%2Fwp%2Fv2%2Fcomments&post=1075"}],"version-history":[{"count":0,"href":"https:\/\/blogsaverroes.juntadeandalucia.es\/aldeacordoba\/index.php?rest_route=\/wp\/v2\/posts\/1075\/revisions"}],"wp:attachment":[{"href":"https:\/\/blogsaverroes.juntadeandalucia.es\/aldeacordoba\/index.php?rest_route=%2Fwp%2Fv2%2Fmedia&parent=1075"}],"wp:term":[{"taxonomy":"category","embeddable":true,"href":"https:\/\/blogsaverroes.juntadeandalucia.es\/aldeacordoba\/index.php?rest_route=%2Fwp%2Fv2%2Fcategories&post=1075"},{"taxonomy":"post_tag","embeddable":true,"href":"https:\/\/blogsaverroes.juntadeandalucia.es\/aldeacordoba\/index.php?rest_route=%2Fwp%2Fv2%2Ftags&post=1075"}],"curies":[{"name":"wp","href":"https:\/\/api.w.org\/{rel}","templated":true}]}}