{"id":1079,"date":"2020-04-27T08:38:00","date_gmt":"2020-04-27T07:38:00","guid":{"rendered":"https:\/\/jmoragahc.wordpress.com\/?p=1079"},"modified":"2020-04-27T08:38:00","modified_gmt":"2020-04-27T07:38:00","slug":"el-joven-lenin-de-noble-a-revolucionario","status":"publish","type":"post","link":"https:\/\/blogsaverroes.juntadeandalucia.es\/aldeacordoba\/?p=1079","title":{"rendered":"El joven Lenin: \u00bfde noble a revolucionario?"},"content":{"rendered":"\n<figure class=\"wp-block-image size-large\"><img loading=\"lazy\" decoding=\"async\" width=\"859\" height=\"487\" src=\"https:\/\/blogsaverroes.juntadeandalucia.es\/aldeacordoba\/files\/2020\/04\/image-6.png?w=859\" alt=\"\" class=\"wp-image-1081\" srcset=\"https:\/\/blogsaverroes.juntadeandalucia.es\/aldeacordoba\/files\/2020\/04\/image-6.png 859w, https:\/\/blogsaverroes.juntadeandalucia.es\/aldeacordoba\/files\/2020\/04\/image-6-300x170.png 300w, https:\/\/blogsaverroes.juntadeandalucia.es\/aldeacordoba\/files\/2020\/04\/image-6-768x435.png 768w\" sizes=\"(max-width: 709px) 85vw, (max-width: 909px) 67vw, (max-width: 1362px) 62vw, 840px\" \/><\/figure>\n\n\n\n<p><strong>Autor<\/strong>: <strong>FRANCISCO MART\u00cdNEZ HOYOS<\/strong><\/p>\n\n\n\n<p><strong>Fuente<\/strong>: <em><a rel=\"noreferrer noopener\" href=\"https:\/\/www.lavanguardia.com\/historiayvida\/historia-contemporanea\/20200422\/48660822213\/lenin-marxismo-joven-revolucion-rusa-igm.html\" target=\"_blank\">La Vanguardia<\/a><\/em> 20\/04\/2020<\/p>\n\n\n\n<p class=\"has-text-align-justify\">Si un l\u00edder personifica la Revoluci\u00f3n Rusa, ese es&nbsp;<a href=\"https:\/\/www.lavanguardia.com\/historiayvida\/20200214\/473300488184\/lenin-dictadura-proletariado-democracia-internacional-comunista-socialista-union-sovietica-revolucion.html\">Vlad\u00edmir Ilich Uli\u00e1nov<\/a>&nbsp;(1870-1924), m\u00e1s conocido por el sobrenombre de Lenin. Importante te\u00f3rico marxista, a partir de 1917 tuvo la responsabilidad de dirigir un inmenso estado. Bajo su direcci\u00f3n, el antiguo imperio de los zares se transform\u00f3 en una&nbsp;<a href=\"https:\/\/www.lavanguardia.com\/historiayvida\/historia-contemporanea\/20171023\/47314401941\/10-momentos-clave-para-la-revolucion-rusa.html\">rep\u00fablica comunista<\/a>. \u00bfC\u00f3mo fue&nbsp;<strong>el camino que le condujo de la clandestinidad y el exilio a la cima del poder?<\/strong><\/p>\n\n\n\n<p class=\"has-text-align-justify\">Cuando ya era una figura hist\u00f3rica, los bi\u00f3grafos aseguraron que Lenin era un apasionado de la pol\u00edtica desde su juventud. No fue as\u00ed. En el ambiente de la peque\u00f1a nobleza a la que pertenec\u00eda por nacimiento, durante&nbsp;<strong>sus primeros a\u00f1os llev\u00f3 una vida tranquila, m\u00e1s preocupado de cuestiones literarias<\/strong>&nbsp;que de cambiar el mundo. Seg\u00fan el director del liceo donde cursaba su educaci\u00f3n secundaria, era un alumno ejemplar que no provocaba dificultades.<\/p>\n\n\n\n<figure class=\"wp-block-image\"><img decoding=\"async\" src=\"https:\/\/www.lavanguardia.com\/r\/GODO\/LV\/p7\/WebSite\/2020\/04\/21\/Recortada\/img_jmarting_20200421-093925_imagenes_lv_terceros_lenin_familia-k8GH--656x845@LaVanguardia-Web.jpg\" alt=\"Los padres y hermanos de Lenin, con el futuro l\u00edder de la URSS a la derecha.\" \/><figcaption>Los padres y hermanos de Lenin, con el futuro l\u00edder de la URSS a la derecha. (Dominio p\u00fablico)<\/figcaption><\/figure>\n\n\n\n<p class=\"has-text-align-justify\">Pero despu\u00e9s de este per\u00edodo feliz iba a llegar una etapa de continuos sufrimientos y turbulencias. Tras la muerte de su padre, Lenin sufri\u00f3 otro duro golpe cuando&nbsp;<strong>su hermano Aleks\u00e1ndr se uni\u00f3 a un grupo de estudiantes revolucionarios<\/strong>&nbsp;y se ocup\u00f3 de dise\u00f1ar las bombas con las que iban a atentar contra el zar&nbsp;<a href=\"https:\/\/www.lavanguardia.com\/historiayvida\/historia-contemporanea\/20200120\/472922603313\/transiberiano-ferrocarril-rusia.html\">Alejandro III<\/a>. La polic\u00eda desarticul\u00f3 el plan y apres\u00f3 a Aleks\u00e1ndr, que no tard\u00f3 en ser ejecutado.<\/p>\n\n\n\n<p class=\"has-text-align-justify\">Su muerte marc\u00f3 profundamente al joven Vlad\u00edmir.&nbsp;<strong>Su radicalizaci\u00f3n pol\u00edtica fue imparable<\/strong>, pero, entre las diversas opciones revolucionarias, no escogi\u00f3 el&nbsp;<a href=\"https:\/\/www.lavanguardia.com\/historiayvida\/historia-contemporanea\/20170906\/47311202383\/el-capital-de-karl-marx-en-7-puntos.html\">marxismo&nbsp;<\/a>hasta principios de la d\u00e9cada de 1890.<\/p>\n\n\n\n<p class=\"has-text-align-justify\"><strong>Ten\u00eda el t\u00edtulo de abogado<\/strong>, profesi\u00f3n que lleg\u00f3 a ejercer de forma intermitente. Cada vez m\u00e1s, sin embargo, el tiempo se le iba en actividades clandestinas. Miembro del Partido Obrero Socialdem\u00f3crata de Rusia, Lenin se convirti\u00f3 en un protagonista destacado de su divisi\u00f3n en dos bandos antag\u00f3nicos.&nbsp;<strong>\u00c9l lideraba la facci\u00f3n mayoritaria, o bolchevique<\/strong>, defensora de un partido formado por revolucionarios profesionales a las \u00f3rdenes de una direcci\u00f3n centralizada. La facci\u00f3n minoritaria, o menchevique, se inclinaba por un partido de masas.<\/p>\n\n\n\n<figure class=\"wp-block-image\"><img decoding=\"async\" src=\"https:\/\/www.lavanguardia.com\/r\/GODO\/LV\/p7\/WebSite\/2020\/04\/21\/Recortada\/img_jmarting_20200421-093924_imagenes_lv_terceros_lenin_17_anos-k8GH--656x937@LaVanguardia-Web.jpg\" alt=\"Vlad\u00edmir Ilich Uli\u00e1nov a los 17 a\u00f1os, en 1887, a\u00f1o en que fue ejecutado su hermano.\" \/><figcaption>Vlad\u00edmir Ilich Uli\u00e1nov a los 17 a\u00f1os, en 1887, a\u00f1o en que fue ejecutado su hermano. (Dominio p\u00fablico)<\/figcaption><\/figure>\n\n\n\n<p class=\"has-text-align-justify\">Los bolcheviques defend\u00edan, pues, una militancia pol\u00edtica basada en la estricta disciplina. Al menos, sobre el papel. En la pr\u00e1ctica,&nbsp;<strong>cada vez que una decisi\u00f3n contrariaba sus deseos, Lenin hac\u00eda o\u00eddos sordos<\/strong>. Prefer\u00eda que sus seguidores encabezaran una escisi\u00f3n antes que obedecer consignas que juzgaba equivocadas. Estaba convencido de que la calidad deb\u00eda imponerse a la cantidad: mejor ser pocos y convencidos y que muchos sin la necesaria firmeza doctrinal.<\/p>\n\n\n\n<p><strong>De la \u00e9lite al proletariado<\/strong><\/p>\n\n\n\n<p class=\"has-text-align-justify\">Se movi\u00f3, en un principio,&nbsp;<strong>en c\u00edrculos intelectuales<\/strong>. Su futura esposa,&nbsp;<strong>Nadezhda Kr\u00fapskaya<\/strong>, le ayud\u00f3 a conocer c\u00f3mo viv\u00edan los trabajadores. Se dedic\u00f3 a estudiar a fondo sus problemas para as\u00ed facilitar su labor de propaganda.&nbsp;<strong>Su oposici\u00f3n al zarismo le costar\u00eda un largo destierro a Siberia<\/strong>, entre 1897 y 1900.<\/p>\n\n\n\n<p class=\"has-text-align-justify\">Para sus admiradores, era un l\u00edder l\u00facido y decidido. Sus detractores, en cambio, le ve\u00edan como un tipo dogm\u00e1tico y autoritario. Con el paso del tiempo, su intransigencia se agudiz\u00f3 m\u00e1s y m\u00e1s, hasta el punto de&nbsp;<strong>romper en diversas ocasiones con viejos compa\u00f1eros por discrepancias ideol\u00f3gicas<\/strong>. La \u201clibertad de cr\u00edtica\u201d, seg\u00fan manifest\u00f3 en el panfleto&nbsp;<em>\u00bfQu\u00e9 hacer?<\/em>&nbsp;(1902), no era m\u00e1s que un pretexto para introducir dentro del socialismo elementos burgueses.<\/p>\n\n\n\n<h3 class=\"wp-block-heading\">Los comunistas buscaron inspiraci\u00f3n en Lenin, retratado en innumerables ocasiones junto a Marx y Engels<\/h3>\n\n\n\n<p class=\"has-text-align-justify\">Polemista temible,&nbsp;<strong>no dudaba en descalificar con ferocidad a sus enemigos<\/strong>, a los que tildaba de \u201coportunistas\u201d o \u201cfilisteos\u201d. Uno de sus grandes objetivos fue&nbsp;<strong>Eduard Bernstein<\/strong>, famoso representante de la corriente \u201crevisionista\u201d del socialismo. Esta tendencia sosten\u00eda que la revoluci\u00f3n violenta no era necesaria, tampoco la dictadura del proletariado. Los trabajadores iban a mejorar su situaci\u00f3n por&nbsp;<strong>m\u00e9todos legales y pac\u00edficos<\/strong>.<\/p>\n\n\n\n<p class=\"has-text-align-justify\">Lenin regres\u00f3 a Rusia durante la revoluci\u00f3n de 1905, pero el papel que desempe\u00f1\u00f3 fue por completo marginal.<strong>&nbsp;Cuando la represi\u00f3n zarista aplast\u00f3 a los rebeldes tuvo que expatriarse<\/strong>. En los a\u00f1os siguientes se dedicar\u00eda a escribir literatura pol\u00edtica y a fortalecer la organizaci\u00f3n de los bolcheviques, hasta que finalmente estos rompieron con los mencheviques y&nbsp;<strong>constituyeron un partido propio<\/strong>.<\/p>\n\n\n\n<p><strong>Llega la oportunidad<\/strong><\/p>\n\n\n\n<p class=\"has-text-align-justify\">El estallido de la&nbsp;<strong><a href=\"https:\/\/www.lavanguardia.com\/historiayvida\/historia-contemporanea\/20190724\/47309641414\/la-gran-guerra-el-primer-conflicto-global.html\">Primera Guerra Mundial<\/a>&nbsp;<\/strong>, en 1914, supuso un trauma para la izquierda europea. La mayor\u00eda de los partidos socialistas votaron los cr\u00e9ditos de guerra para sostener el esfuerzo b\u00e9lico de sus respectivos pa\u00edses. Para Lenin, este comportamiento supon\u00eda una terrible&nbsp;<strong>traici\u00f3n a la clase obrera<\/strong>. Puesto que la contienda enfrentaba a naciones imperialistas en manos de la burgues\u00eda, el proletariado no sacaba nada con apoyar a cualquiera de los bandos.&nbsp;<strong>Los proletarios&nbsp;<\/strong>, en lugar de enfrentarse unos con otros,&nbsp;<strong>deb\u00edan aprovechar las circunstancias para hacer la revoluci\u00f3n<\/strong>.<\/p>\n\n\n\n<figure class=\"wp-block-image\"><img decoding=\"async\" src=\"https:\/\/www.lavanguardia.com\/r\/GODO\/LV\/p7\/WebSite\/2020\/04\/21\/Recortada\/img_fcastanyer_20171022-204325_imagenes_lv_terceros_kerenski-kfk-U48660822213LlD-656x850@LaVanguardia-Web.jpg\" alt=\"Despu\u00e9s de la abdicaci\u00f3n del zar, Aleks\u00e1ndr K\u00e9renski lider\u00f3 un gobierno provisional que tambi\u00e9n acabo derribado.\" \/><figcaption>Despu\u00e9s de la abdicaci\u00f3n del zar, Aleks\u00e1ndr K\u00e9renski lider\u00f3 un gobierno provisional que tambi\u00e9n acabo derribado. (Wikipedia)<\/figcaption><\/figure>\n\n\n\n<p class=\"has-text-align-justify\">Los desastres militares acabaron por hundir al zarismo. En febrero de 1917,<strong>&nbsp;una revoluci\u00f3n dej\u00f3 paso al gobierno burgu\u00e9s de Aleks\u00e1ndr K\u00e9renski<\/strong>. En esos momentos, Lenin estaba en Z\u00farich. Comprendi\u00f3 entonces que deb\u00eda regresar a toda prisa a su pa\u00eds. Pero&#8230;, \u00bfc\u00f3mo atravesar media Europa en medio la guerra?<\/p>\n\n\n\n<p class=\"has-text-align-justify\">La&nbsp;<em>realpolitik&nbsp;<\/em>fue entonces en su ayuda. Aunque&nbsp;<a href=\"https:\/\/www.lavanguardia.com\/historiayvida\/historia-contemporanea\/20191221\/472301463711\/guillermo-ii-alemania-gran-guerra.html\"><strong>la Alemania del k\u00e1iser<\/strong>&nbsp;<\/a>estaba lejos de simpatizar con un comunista, le proporcion\u00f3 un tren para que pudiera alcanzar Rusia sin problemas. Era una jugada maestra. Sin duda, aquel agitador contribuir\u00eda a sembrar el caos en el territorio enemigo.<\/p>\n\n\n\n<p class=\"has-text-align-justify\">Eso fue exactamente lo que sucedi\u00f3, porque, para Lenin,&nbsp;<strong>no hab\u00eda m\u00e1s prioridad que destruir a la monarqu\u00eda zarista<\/strong>. Si para ello hab\u00eda que pagar el precio de una derrota militar con p\u00e9rdidas territoriales, que as\u00ed fuera.<\/p>\n\n\n\n<figure class=\"wp-block-image\"><img decoding=\"async\" src=\"https:\/\/www.lavanguardia.com\/r\/GODO\/LV\/p7\/WebSite\/2020\/04\/21\/Recortada\/img_astrid_20171028-181530_imagenes_lv_terceros_lenin-kfk-U48660822213LZD-656x467@LaVanguardia-Web.jpg\" alt=\"El d\u00eda despu\u00e9s del asalto al Palacio de Invierno en San Petersburgo, Lenin se dirige a la multitud en la Plaza Roja de Mosc\u00fa\" \/><figcaption>El d\u00eda despu\u00e9s del asalto al Palacio de Invierno en San Petersburgo, Lenin se dirige a la multitud en la Plaza Roja de Mosc\u00fa (Print Collector \/ Print Collector\/Getty Images)<\/figcaption><\/figure>\n\n\n\n<p class=\"has-text-align-justify\">K\u00e9renski cometi\u00f3\u00a0<strong>el error de pretender continuar con la guerra\u00a0<\/strong>a toda costa. Los comunistas, en cambio, sintonizaron con las ansias de paz de la poblaci\u00f3n, cansada de un conflicto cada vez m\u00e1s catastr\u00f3fico. En octubre, la calamitosa situaci\u00f3n del pa\u00eds hizo posible que llegaran al poder tras<strong>\u00a0la toma, en San Petersburgo, del Palacio de Invierno<\/strong>.<\/p>\n\n\n\n<figure class=\"wp-block-embed-youtube wp-block-embed is-type-rich wp-embed-aspect-16-9 wp-has-aspect-ratio\"><div class=\"wp-block-embed__wrapper\">\nhttps:\/\/youtube.com\/watch?v=FRdbvURD2tk%3Fenablejsapi%3D1\n<\/div><\/figure>\n\n\n\n<p class=\"has-text-align-justify\">Rusia entraba en una nueva etapa de su historia, en medio de esperanzas mesi\u00e1nicas. Se hab\u00eda dado el primer paso para<strong>&nbsp;transformar todo el planeta en un mundo sin diferencias de clase<\/strong>, en el que reinar\u00eda la justicia social. Para materializar este sue\u00f1o, los comunistas del mundo buscaron inspiraci\u00f3n en el pensamiento de Lenin, retratado en innumerables ocasiones junto a Marx y Engels. En aquellos momentos, los art\u00edfices del&nbsp;<strong>audaz experimento sovi\u00e9tico&nbsp;<\/strong>no pod\u00edan imaginar que&nbsp;<a href=\"https:\/\/www.lavanguardia.com\/historiayvida\/historia-contemporanea\/20180919\/47312664556\/gorbachov-asume-el-poder.html\">todo iba a desmoronarse<\/a>&nbsp;antes de que acabara el siglo.<\/p>\n","protected":false},"excerpt":{"rendered":"<p>Autor: FRANCISCO MART\u00cdNEZ HOYOS Fuente: La Vanguardia 20\/04\/2020 Si un l\u00edder personifica la Revoluci\u00f3n Rusa, ese es&nbsp;Vlad\u00edmir Ilich Uli\u00e1nov&nbsp;(1870-1924), m\u00e1s conocido por el sobrenombre de Lenin. Importante te\u00f3rico marxista, a partir de 1917 tuvo la responsabilidad de dirigir un inmenso estado. Bajo su direcci\u00f3n, el antiguo imperio de los zares se transform\u00f3 en una&nbsp;rep\u00fablica comunista. &hellip; <a href=\"https:\/\/blogsaverroes.juntadeandalucia.es\/aldeacordoba\/?p=1079\" class=\"more-link\">Continuar leyendo<span class=\"screen-reader-text\"> \u00abEl joven Lenin: \u00bfde noble a revolucionario?\u00bb<\/span><\/a><\/p>\n","protected":false},"author":168,"featured_media":0,"comment_status":"open","ping_status":"open","sticky":false,"template":"","format":"standard","meta":{"ngg_post_thumbnail":0,"footnotes":""},"categories":[224382,224386],"tags":[224455,224734,224873,224883],"aioseo_notices":[],"_links":{"self":[{"href":"https:\/\/blogsaverroes.juntadeandalucia.es\/aldeacordoba\/index.php?rest_route=\/wp\/v2\/posts\/1079"}],"collection":[{"href":"https:\/\/blogsaverroes.juntadeandalucia.es\/aldeacordoba\/index.php?rest_route=\/wp\/v2\/posts"}],"about":[{"href":"https:\/\/blogsaverroes.juntadeandalucia.es\/aldeacordoba\/index.php?rest_route=\/wp\/v2\/types\/post"}],"author":[{"embeddable":true,"href":"https:\/\/blogsaverroes.juntadeandalucia.es\/aldeacordoba\/index.php?rest_route=\/wp\/v2\/users\/168"}],"replies":[{"embeddable":true,"href":"https:\/\/blogsaverroes.juntadeandalucia.es\/aldeacordoba\/index.php?rest_route=%2Fwp%2Fv2%2Fcomments&post=1079"}],"version-history":[{"count":0,"href":"https:\/\/blogsaverroes.juntadeandalucia.es\/aldeacordoba\/index.php?rest_route=\/wp\/v2\/posts\/1079\/revisions"}],"wp:attachment":[{"href":"https:\/\/blogsaverroes.juntadeandalucia.es\/aldeacordoba\/index.php?rest_route=%2Fwp%2Fv2%2Fmedia&parent=1079"}],"wp:term":[{"taxonomy":"category","embeddable":true,"href":"https:\/\/blogsaverroes.juntadeandalucia.es\/aldeacordoba\/index.php?rest_route=%2Fwp%2Fv2%2Fcategories&post=1079"},{"taxonomy":"post_tag","embeddable":true,"href":"https:\/\/blogsaverroes.juntadeandalucia.es\/aldeacordoba\/index.php?rest_route=%2Fwp%2Fv2%2Ftags&post=1079"}],"curies":[{"name":"wp","href":"https:\/\/api.w.org\/{rel}","templated":true}]}}