{"id":1121,"date":"2020-05-19T11:02:00","date_gmt":"2020-05-19T10:02:00","guid":{"rendered":"https:\/\/jmoragahc.wordpress.com\/?p=1121"},"modified":"2020-05-19T11:02:00","modified_gmt":"2020-05-19T10:02:00","slug":"el-pacto-de-varsovia-la-respuesta-sovietica-a-la-otan","status":"publish","type":"post","link":"https:\/\/blogsaverroes.juntadeandalucia.es\/aldeacordoba\/?p=1121","title":{"rendered":"El Pacto de Varsovia, la respuesta sovi\u00e9tica a la OTAN"},"content":{"rendered":"\n<figure class=\"wp-block-image size-large\"><img loading=\"lazy\" decoding=\"async\" width=\"861\" height=\"482\" src=\"https:\/\/blogsaverroes.juntadeandalucia.es\/aldeacordoba\/files\/2020\/05\/image-7.png?w=861\" alt=\"\" class=\"wp-image-1123\" srcset=\"https:\/\/blogsaverroes.juntadeandalucia.es\/aldeacordoba\/files\/2020\/05\/image-7.png 861w, https:\/\/blogsaverroes.juntadeandalucia.es\/aldeacordoba\/files\/2020\/05\/image-7-300x168.png 300w, https:\/\/blogsaverroes.juntadeandalucia.es\/aldeacordoba\/files\/2020\/05\/image-7-768x430.png 768w\" sizes=\"(max-width: 709px) 85vw, (max-width: 909px) 67vw, (max-width: 1362px) 62vw, 840px\" \/><\/figure>\n\n\n\n<p><strong>Autor<\/strong>: Bernardo Mendoza<\/p>\n\n\n\n<p><strong>Fuente<\/strong>: <em>La Vanguardia<\/em> 14\/05\/2020<\/p>\n\n\n\n<p>En 1955, la Uni\u00f3n Sovi\u00e9tica formaliz\u00f3 una alianza militar con sus sat\u00e9lites de Europa del Este. El Pacto de Varsovia no permitir\u00eda la disidencia de ninguno de sus miembros.<\/p>\n\n\n\n<p>Con el fin de la Segunda Guerra Mundial&nbsp;<a href=\"https:\/\/www.lavanguardia.com\/historiayvida\/historia-contemporanea\/20200412\/48395517677\/truman-roosevelt-iigm-conferencia-postdam-bomba-atomica-guerra-fria.html\">se desat\u00f3 la Guerra Fr\u00eda<\/a>&nbsp;entre el poder comunista de la Uni\u00f3n Sovi\u00e9tica y el capitalista de Estados Unidos. El mundo asist\u00eda a&nbsp;<strong>una hostilidad permanente entre ambas potencias<\/strong>. Mientras Mosc\u00fa se hac\u00eda con el control del este de Europa, rode\u00e1ndose de estados sat\u00e9lites, Washington ejerc\u00eda su hegemon\u00eda en Occidente. La reconciliaci\u00f3n entre ambos bloques parec\u00eda una utop\u00eda. El Viejo Continente, seg\u00fan palabras de&nbsp;<a href=\"https:\/\/www.lavanguardia.com\/historiayvida\/historia-contemporanea\/20200405\/48272720451\/winston-churchill-guerra-fria-descolonizacion-india-iran-gran-bretana.html\">Winston Churchill<\/a>, quedaba dividido por un \u201ctel\u00f3n de acero\u201d.<\/p>\n\n\n\n<p><strong>Los capitalistas fueron los primeros en aliarse<\/strong>. Estados Unidos, Canad\u00e1 y diez pa\u00edses m\u00e1s de Europa crearon la<a href=\"https:\/\/www.lavanguardia.com\/historiayvida\/historia-contemporanea\/20190326\/47309991189\/otan-crisis-de-madurez.html\">&nbsp;Organizaci\u00f3n del Tratado del Atl\u00e1ntico Norte (OTAN)<\/a>, un organismo militar destinado a responder a un posible ataque del bloque comunista.<\/p>\n\n\n\n<p>A\u00f1os despu\u00e9s, la incorporaci\u00f3n a la OTAN de la Rep\u00fablica Federal Alemana (la \u201cmitad\u201d occidental del pa\u00eds desde su divisi\u00f3n en 1949) suscit\u00f3&nbsp;<strong>la formaci\u00f3n del Pacto de Varsovia, oficialmente denominado Tratado de Amistad, Cooperaci\u00f3n y Asistencia Mutua<\/strong>. Su art\u00edfice, el l\u00edder sovi\u00e9tico&nbsp;<a href=\"https:\/\/www.lavanguardia.com\/historiayvida\/20200313\/473986489983\/jrushchov-stalin-union-sovietica-purgas-culto-personalidad-pcus-congreso-discurso-secreto.html\">Nikita Jruschov<\/a>, consideraba esta alianza como un medio de equilibrar el poder de la OTAN.<\/p>\n\n\n\n<figure class=\"wp-block-image\"><img decoding=\"async\" src=\"https:\/\/www.lavanguardia.com\/r\/GODO\/LV\/p7\/WebSite\/2020\/05\/11\/Recortada\/img_jmarting_20200511-114005_imagenes_lv_terceros_pacto_varsovia-kd4H--656x422@LaVanguardia-Web.jpg\" alt=\"Los miembros del Pacto de Varsovia reunidos en 1987. En el centro, el l\u00edder sovi\u00e9tico Mija\u00edl Gorbachov.\" \/><figcaption>Los miembros del Pacto de Varsovia reunidos en 1987. En el centro, el l\u00edder sovi\u00e9tico Mija\u00edl Gorbachov. (Mittelst\u00e4dt, Rainer \/ Bundesarchiv)<\/figcaption><\/figure>\n\n\n\n<p>Hasta entonces, la estrategia sovi\u00e9tica hab\u00eda sido defensiva. Se sustentaba en el ej\u00e9rcito convencional, y no en las armas nucleares, a\u00fan insuficientes para inclinar la balanza en un conflicto. Sin embargo, tras la muerte de Stalin y&nbsp;<a href=\"https:\/\/www.lavanguardia.com\/historiayvida\/historia-contemporanea\/20191030\/471279298108\/bomba-zar-guerra-fria-urss.html\">la subida al poder de Jruschov<\/a>,&nbsp;<strong>Mosc\u00fa replante\u00f3 su pol\u00edtica militar, acentuando su car\u00e1cter ofensivo<\/strong>. Estaba preparada para lanzar un ataque con tropas convencionales que dejara a Estados Unidos sin capacidad de respuesta.<\/p>\n\n\n\n<p><strong>El Pacto de Varsovia pretend\u00eda crear un mando militar unificado<\/strong>. Para garantizar la coordinaci\u00f3n y agilidad entre los distintos ej\u00e9rcitos, se design\u00f3 al mariscal Iv\u00e1n Step\u00e1novich K\u00f3nev, h\u00e9roe de la Segunda Guerra Mundial, como jefe de las Fuerzas Armadas.<\/p>\n\n\n\n<p><strong>Mosc\u00fa, socio privilegiado<\/strong><\/p>\n\n\n\n<p>En teor\u00eda, los estados aliados de la Uni\u00f3n Sovi\u00e9tica gozaban de igualdad de derechos; en la pr\u00e1ctica,&nbsp;<strong>era la URSS la que disfrutaba de una posici\u00f3n hegem\u00f3nica<\/strong>. El dominio que ejerc\u00eda sobre los pa\u00edses sat\u00e9lites del norte era mucho m\u00e1s estricto que el de los del sur, debido a su importancia estrat\u00e9gica. Era m\u00e1s probable que se produjera un ataque occidental desde Polonia o la Rep\u00fablica Democr\u00e1tica Alemana que desde Ruman\u00eda o Albania, sin fronteras con el bloque occidental.<\/p>\n\n\n\n<figure class=\"wp-block-image\"><img decoding=\"async\" src=\"https:\/\/www.lavanguardia.com\/r\/GODO\/LV\/p7\/WebSite\/2020\/05\/11\/Recortada\/img_jmarting_20200511-114005_imagenes_lv_terceros_pacto_varsovia_hungria-kd4H--656x436@LaVanguardia-Web.jpg\" alt=\"Tanques sovi\u00e9ticos en Budapest el 31 de octubre de 1956.\" \/><figcaption>Tanques sovi\u00e9ticos en Budapest el 31 de octubre de 1956. (FOTO:FORTEPAN \/ Nagy Gyula)<\/figcaption><\/figure>\n\n\n\n<p>La raz\u00f3n \u00faltima del Pacto de Varsovia radicaba en&nbsp;<strong>consolidar el imperialismo sovi\u00e9tico<\/strong>. Mosc\u00fa nunca se molest\u00f3 en consultar a sus socios la toma de decisiones. Tampoco en cumplir el acuerdo incluido en el Pacto de no entrometerse en la pol\u00edtica interna de los pa\u00edses miembros. Los ejemplos se suceden. Primero invadi\u00f3 Hungr\u00eda para evitar que el gobierno magiar abandonara el Pacto;<a href=\"https:\/\/www.lavanguardia.com\/historiayvida\/historia-contemporanea\/20190705\/47311286239\/por-que-fracaso-la-primavera-de-praga.html\">&nbsp;a\u00f1os despu\u00e9s Checoslovaquia<\/a>, tras la subida al poder del reformista Alexander Dubcek.<\/p>\n\n\n\n<p>Leonid Br\u00e9zhnev, sucesor de Jruschov en el gobierno, justific\u00f3 estas y otras agresiones en la doctrina que lleva su nombre.&nbsp;<strong>La Uni\u00f3n Sovi\u00e9tica ten\u00eda derecho a intervenir en cualquier pa\u00eds de su esfera de influencia<\/strong>&nbsp;para proteger el socialismo contra cualquier posible enemigo.<\/p>\n\n\n\n<figure class=\"wp-block-image size-large\"><img decoding=\"async\" src=\"https:\/\/socialescepcor.files.wordpress.com\/2020\/05\/image-1.png?w=764\" alt=\"\" class=\"wp-image-8948\" \/><\/figure>\n\n\n\n<p><strong>Derrumbe acelerado<\/strong><\/p>\n\n\n\n<p>Con<a href=\"https:\/\/www.lavanguardia.com\/historiayvida\/historia-contemporanea\/20180919\/47312664556\/gorbachov-asume-el-poder.html\">&nbsp;la llegada al poder de Mija\u00edl Gorbachov<\/a>, la URSS dio un giro a su pol\u00edtica internacional. \u00bfTen\u00eda sentido mantener su dominio en Europa oriental? Los dirigentes sovi\u00e9ticos cre\u00edan que no. Implicaba un gasto militar excesivo para una econom\u00eda fr\u00e1gil, capaz de enviar sat\u00e9lites al espacio, pero no de proveer de alimentos los supermercados. Por ello,&nbsp;<strong>Gorbachov renunci\u00f3 al derecho de intervenci\u00f3n en otros pa\u00edses<\/strong>.<\/p>\n\n\n\n<p>Las razones internas pesaban tambi\u00e9n en la pol\u00edtica internacional. El nuevo inquilino del Kremlin deseaba<strong>&nbsp;iniciar una pol\u00edtica de distensi\u00f3n con Occidente&nbsp;<\/strong>que pusiera fin a la carrera armament\u00edstica y a la Guerra Fr\u00eda.<\/p>\n\n\n\n<p>Cuando se hizo evidente que no se iba a producir un ataque sovi\u00e9tico,&nbsp;<strong>los pa\u00edses del bloque comunista experimentaron un veloz proceso de democratizaci\u00f3n<\/strong>, simbolizado en&nbsp;<a href=\"https:\/\/www.lavanguardia.com\/historiayvida\/historia-contemporanea\/20191109\/471449512799\/muro-berlin-caida-opiniones-expertos.html\">la ca\u00edda del muro que divid\u00eda Berl\u00edn<\/a>&nbsp;en dos mitades, en 1989. En poco tiempo, los reg\u00edmenes de la Europa del Este se derrumbaron uno tras otro.<\/p>\n\n\n\n<p><strong>El Pacto de Varsovia ya no ten\u00eda sentido sin un bloque comunista<\/strong>, por lo que se deshizo dos a\u00f1os despu\u00e9s. Todos sus miembros se incorporar\u00edan de forma paulatina a la OTAN, su antigua enemiga, excepto&nbsp;<a href=\"https:\/\/www.lavanguardia.com\/politica\/20200211\/473454240460\/la-otan-asegura-que-no-imitara-a-rusia-y-no-desplegara-misiles-en-europa.html\">Rusia, con la que las tensiones han arreciado<\/a>&nbsp;en los \u00faltimos a\u00f1os. Con Putin al frente, se ha llegado a hablar de&nbsp;<a href=\"https:\/\/www.lavanguardia.com\/internacional\/20191229\/472590808190\/vladimir-putin-poder-kremlin-rusia.html\">una segunda guerra fr\u00eda<\/a>.<\/p>\n","protected":false},"excerpt":{"rendered":"<p>Autor: Bernardo Mendoza Fuente: La Vanguardia 14\/05\/2020 En 1955, la Uni\u00f3n Sovi\u00e9tica formaliz\u00f3 una alianza militar con sus sat\u00e9lites de Europa del Este. El Pacto de Varsovia no permitir\u00eda la disidencia de ninguno de sus miembros. Con el fin de la Segunda Guerra Mundial&nbsp;se desat\u00f3 la Guerra Fr\u00eda&nbsp;entre el poder comunista de la Uni\u00f3n Sovi\u00e9tica &hellip; <a href=\"https:\/\/blogsaverroes.juntadeandalucia.es\/aldeacordoba\/?p=1121\" class=\"more-link\">Continuar leyendo<span class=\"screen-reader-text\"> \u00abEl Pacto de Varsovia, la respuesta sovi\u00e9tica a la OTAN\u00bb<\/span><\/a><\/p>\n","protected":false},"author":168,"featured_media":0,"comment_status":"open","ping_status":"open","sticky":false,"template":"","format":"standard","meta":{"ngg_post_thumbnail":0,"footnotes":""},"categories":[224391,224394],"tags":[224806,224809,224943],"aioseo_notices":[],"_links":{"self":[{"href":"https:\/\/blogsaverroes.juntadeandalucia.es\/aldeacordoba\/index.php?rest_route=\/wp\/v2\/posts\/1121"}],"collection":[{"href":"https:\/\/blogsaverroes.juntadeandalucia.es\/aldeacordoba\/index.php?rest_route=\/wp\/v2\/posts"}],"about":[{"href":"https:\/\/blogsaverroes.juntadeandalucia.es\/aldeacordoba\/index.php?rest_route=\/wp\/v2\/types\/post"}],"author":[{"embeddable":true,"href":"https:\/\/blogsaverroes.juntadeandalucia.es\/aldeacordoba\/index.php?rest_route=\/wp\/v2\/users\/168"}],"replies":[{"embeddable":true,"href":"https:\/\/blogsaverroes.juntadeandalucia.es\/aldeacordoba\/index.php?rest_route=%2Fwp%2Fv2%2Fcomments&post=1121"}],"version-history":[{"count":0,"href":"https:\/\/blogsaverroes.juntadeandalucia.es\/aldeacordoba\/index.php?rest_route=\/wp\/v2\/posts\/1121\/revisions"}],"wp:attachment":[{"href":"https:\/\/blogsaverroes.juntadeandalucia.es\/aldeacordoba\/index.php?rest_route=%2Fwp%2Fv2%2Fmedia&parent=1121"}],"wp:term":[{"taxonomy":"category","embeddable":true,"href":"https:\/\/blogsaverroes.juntadeandalucia.es\/aldeacordoba\/index.php?rest_route=%2Fwp%2Fv2%2Fcategories&post=1121"},{"taxonomy":"post_tag","embeddable":true,"href":"https:\/\/blogsaverroes.juntadeandalucia.es\/aldeacordoba\/index.php?rest_route=%2Fwp%2Fv2%2Ftags&post=1121"}],"curies":[{"name":"wp","href":"https:\/\/api.w.org\/{rel}","templated":true}]}}