{"id":1145,"date":"2020-06-16T20:15:00","date_gmt":"2020-06-16T19:15:00","guid":{"rendered":"https:\/\/jmoragahc.wordpress.com\/?p=1145"},"modified":"2020-06-16T20:15:00","modified_gmt":"2020-06-16T19:15:00","slug":"felipe-v-se-creia-rana-y-apenas-se-aseaba-como-el-rey-espanol-mas-trastornado-paso-a-la-historia-como-un-gran-monarca","status":"publish","type":"post","link":"https:\/\/blogsaverroes.juntadeandalucia.es\/aldeacordoba\/?p=1145","title":{"rendered":"Felipe V \u201cse cre\u00eda rana\u201d y \u201capenas se aseaba\u201d: c\u00f3mo el rey espa\u00f1ol m\u00e1s trastornado pas\u00f3 a la historia como un gran monarca"},"content":{"rendered":"\n<figure class=\"wp-block-image size-large\"><img decoding=\"async\" src=\"https:\/\/ep01.epimg.net\/elpais\/imagenes\/2020\/06\/01\/icon\/1591018373_254769_1591345220_noticia_normal_recorte1.jpg\" alt=\"\" \/><figcaption>Montaje sobre el retrato de Felipe V que Jean Ranc hizo en 1723. El cuadro original se encuentra en el Museo del Prado de Madrid.\u00a0Montaje: Pepa Ort\u00edz<\/figcaption><\/figure>\n\n\n\n<p><strong>Autora<\/strong>: Sara Navas<\/p>\n\n\n\n<p><strong>Fuente<\/strong>: <em><a rel=\"noreferrer noopener\" href=\"https:\/\/elpais.com\/elpais\/2020\/06\/01\/icon\/1591018373_254769.html?utm_source=Facebook&amp;ssm=FB_CM&amp;fbclid=IwAR3ty4TmEz2Cp5bGiYhy8cBtGFJz7wwWLZOKkxpF1tA2KgyuDtHHcphOhSI#Echobox=1591600349\" target=\"_blank\">El Pa\u00eds<\/a><\/em>, 08\/06\/2020<\/p>\n\n\n\n<p>Felipe V lleg\u00f3 a pasar 15 d\u00edas postrado en la cama del&nbsp;<a href=\"https:\/\/elpais.com\/diario\/1995\/11\/15\/cultura\/816390005_850215.html\" target=\"_blank\" rel=\"noreferrer noopener\">palacio del Buen Retiro<\/a>&nbsp;afirmando a gritos que estaba muerto. Tal y como confirma Eduardo Ju\u00e1rez, doctor en Historia Moderna, lo repet\u00eda insistentemente con la intenci\u00f3n de demostrarse a s\u00ed mismo que segu\u00eda estando vivo. El monarca fue el primer Borb\u00f3n que rein\u00f3 en Espa\u00f1a y viv\u00eda obsesionado con la muerte y la enfermedad: Estuvo 30 a\u00f1os asegurando a todo el que quer\u00eda escuchar que fallecer\u00eda de forma inminente (\u00abes triste no ser cre\u00eddo, pero no tardar\u00e9 en morir y se ver\u00e1 que ten\u00eda raz\u00f3n\u00bb, le dec\u00eda al cardenal Alberoni) y apenas com\u00eda porque dec\u00eda que todo le sentaba mal. El quinto Felipe de la historia espa\u00f1ola, nacido en Versalles en 1683, era man\u00edaco-depresivo, se negaba a cortarse las u\u00f1as de los pies hasta que apenas pod\u00eda caminar, dorm\u00eda de d\u00eda y reun\u00eda a la corte de madrugada. Tampoco quer\u00eda cambiarse de ropa porque ten\u00eda miedo a ser envenenado a trav\u00e9s de ella, no se dejaba asear y sufr\u00eda delirios. \u00abUna madrugada Felipe quiso montar uno de los caballos que aparec\u00edan dibujados en los tapices del&nbsp;Palacio Real de La Granja de San Ildefonso, pues cre\u00eda que eran tan reales como \u00e9l mismo\u00bb, reconoce a&nbsp;<em>Icon<\/em>&nbsp;Eduardo Ju\u00e1rez.<\/p>\n\n\n\n<p>\u00abUna madrugada Felipe V quiso montar uno de los caballos que aparec\u00edan dibujados en los tapices del&nbsp;Palacio Real de La Granja de San Ildefonso, pues cre\u00eda que eran tan reales como \u00e9l mismo\u00bb, reconoce el doctor en Historia Eduardo Ju\u00e1rez<\/p>\n\n\n\n<h3 class=\"wp-block-heading\">Cre\u00eda ser una rana y negaba su condici\u00f3n humana<\/h3>\n\n\n\n<p>En otras ocasiones, el Borb\u00f3n alucinaba creyendo ser una rana y como tal se comportaba en palacio. Croaba y brincaba por las estancias de La Granja negando su condici\u00f3n humana, pues estaba seguro de que carec\u00eda de brazos y piernas. Pero estos problemas no eran algo nuevo en la familia: su madre, Mar\u00eda Ana Victoria de Baviera, sufri\u00f3 fuertes depresiones que la llevaban a encerrarse durante d\u00edas en sus aposentos sin querer ver a nadie y finalmente muri\u00f3 a los 30 a\u00f1os, cuando Felipe ten\u00eda solo seis.<\/p>\n\n\n\n<p>Sin embargo, c\u00f3mo trasciende un personaje al imaginario colectivo no siempre es un reflejo fiel de lo que realmente aconteci\u00f3. A pesar de las escenas que el rey montaba en palacio de forma recurrente, logr\u00f3 tener muy buena prensa y ha pasado a la historia como un monarca reformador del Estado espa\u00f1ol y al que se le llamaba de forma benevolente&nbsp;<em>El animoso<\/em>. \u00abApenas se habla de que Felipe era demente, como tampoco se destaca que&nbsp;<a href=\"https:\/\/elpais.com\/noticias\/tratado-utrecht\/\" target=\"_blank\" rel=\"noreferrer noopener\">en el Tratado de Utrecht<\/a>&nbsp;perdi\u00f3 todos los territorios espa\u00f1oles europeos\u00bb, se\u00f1ala Ju\u00e1rez. La doctora en Historia&nbsp;Marina Alfonso Mola reconoce que se sabe muy poco de Felipe V, \u00abun rey al que se le ha dedicado muy poco tiempo\u00bb. La historiadora recuerda que fue el primer rey extranjero que tuvo Espa\u00f1a y eso se nota en el trato que le ha dado la historia. \u00abUn ejemplo es que siempre se dice que la IIustraci\u00f3n la comenz\u00f3 su hijo Carlos III, pero la realidad es que fue \u00e9l quien la inici\u00f3\u00bb, matiza Marina Alfonso.<\/p>\n\n\n\n<h3 class=\"wp-block-heading\">Un rey incapaz de gobernar solo<\/h3>\n\n\n\n<p>Otro agravante que desemboc\u00f3 en sus salidas de tono es que al sucesor de Carlos II no se le educ\u00f3 para ser rey, y menos rey de Espa\u00f1a. \u00abSiempre fue el segund\u00f3n de sus hermanos y de pronto se encontr\u00f3 con una responsabilidad que le superaba, no se sent\u00eda capaz de estar a la altura y sufr\u00eda por ello\u00bb, anota Marina Alfonso. Ten\u00eda 17 a\u00f1os cuando, en 1700, cambi\u00f3 Versalles por la corte espa\u00f1ola solo y sin apenas hablar espa\u00f1ol. De ah\u00ed que el idioma que se hablara en la corte durante su reinado fuera el franc\u00e9s. \u00abEn La Granja todos los top\u00f3nimos del jard\u00edn son palabras en franc\u00e9s adaptadas al castellano y tanto la abdicaci\u00f3n como el codicilo de su testamento est\u00e1n escritos en ese idioma\u00bb, apunta Ju\u00e1rez.<\/p>\n\n\n\n<p>El primer Borb\u00f3n de Espa\u00f1a fue un joven culto y abierto de mente, pero ten\u00eda serias dificultades para adaptarse. Su padre, Luis de Francia (hijo de Luis XIV), y su hermano Luis, murieron cuando \u00e9l ya se encontraba en Espa\u00f1a. Estas p\u00e9rdidas acrecentaron a\u00fan m\u00e1s la sensaci\u00f3n de soledad y desamparo que tanto le angustiaba. \u00abFelipe V tuvo tutores que le ayudaban a reinar porque las depresiones que padec\u00eda le imped\u00edan hacerlo. Estuvo rodeado de pol\u00edticos muy capaces que terminaron gobernando por \u00e9l. Felipe no quer\u00eda ser rey de Espa\u00f1a, lo que quer\u00eda era quedarse en Francia, por eso mand\u00f3 construir La Granja, un palacio real al estilo franc\u00e9s donde pensaba retirarse en cuanto pudiera abdicar en su hijo Luis\u00bb, explica a&nbsp;<em>Icon<\/em>&nbsp;el historiador.<\/p>\n\n\n\n<p>Llamaba la atenci\u00f3n el fervor sexual del rey. El mismo que sent\u00eda por la religi\u00f3n y que le llevaba a vivir en constante contradicci\u00f3n, pues cada vez que ten\u00eda relaciones sexuales, algo que ocurr\u00eda a menudo, sent\u00eda la necesidad de confesarse inmediatamente para desembarazarse del pecado que acababa de cometer<\/p>\n\n\n\n<h3 class=\"wp-block-heading\">Su&nbsp;fervor sexual le llevaba a confesarse constantemente<\/h3>\n\n\n\n<p>Adem\u00e1s de sus man\u00edas y delirios, llamaba la atenci\u00f3n el fervor sexual del rey. El mismo que sent\u00eda por la religi\u00f3n y que le llevaba a vivir en constante contradicci\u00f3n, pues cada vez que ten\u00eda relaciones sexuales, algo que ocurr\u00eda a menudo, sent\u00eda la necesidad de confesarse inmediatamente para desembarazarse del pecado que acababa de cometer. \u00abLe aterraba morir en pecado y, como se pas\u00f3 media vida creyendo que se estaba muriendo, iba a misa a diario para que le absolvieran lo antes posible\u00bb, afirma Ju\u00e1rez.<\/p>\n\n\n\n<p>Felipe V&nbsp;<a href=\"https:\/\/elpais.com\/diario\/2005\/09\/06\/catalunya\/1125968842_850215.html\" target=\"_blank\" rel=\"noreferrer noopener\">se cas\u00f3 solo unos meses despu\u00e9s de ser coronado rey de Espa\u00f1a<\/a>&nbsp;con Mar\u00eda Luisa Gabriela de Saboya, de quien termin\u00f3 enamor\u00e1ndose con la misma obsesi\u00f3n que dominaba su existencia. La vida sexual del matrimonio fue ajetreada y juntos tuvieron cuatro hijos, pero en 1714 ella muri\u00f3, con 25 a\u00f1os, a causa de la tuberculosis. Al poco tiempo de enviudar, el monarca se cas\u00f3 con Isabel de Farnesio, con quien tuvo siete hijos m\u00e1s. \u00abEl rey era muy activo sexualmente, pero muy fiel. No conceb\u00eda mantener relaciones con otras mujeres que no fueran su esposa cuando se encontraba lejos de casa y se ofend\u00eda much\u00edsimo si le ofrec\u00edan la posibilidad de hacerlo\u00bb, explica Marina Alfonso Mola, que tambi\u00e9n incide en el hecho de que el Animoso fue el \u00faltimo rey espa\u00f1ol en ir a la guerra y dar ejemplo participando personalmente en una batalla. Precisamente durante los meses que pasaba fuera de palacio concentrado en estrategias militares su salud mental mejoraba y sus obsesiones y delirios -a los que se refer\u00edan como \u00abvapores\u00bb- apenas hac\u00edan acto de presencia.<\/p>\n\n\n\n<h3 class=\"wp-block-heading\">Era ciclot\u00edmico: pasaba de no levantarse a una actividad sin freno<\/h3>\n\n\n\n<p>Sin embargo, cuando regresaba a la corte volv\u00edan sus miedos e inseguridades. Era ciclot\u00edmico: pasaba de ser incapaz de levantarse a llevar una actividad sin freno. Como explica Marina Alfonso Mola, el rey era muy responsable pero sent\u00eda una inseguridad absoluta que le paralizaba porque pensaba que se equivocaba constantemente en sus decisiones. A Felipe V le pudo una presi\u00f3n para la que nadie le hab\u00eda preparado en Versalles y su sue\u00f1o no era otro que abdicar en su hijo Luis para poder retirarse a La Granja. \u00ab\u00c9l habr\u00eda sido feliz siendo un noble sin ambiciones pol\u00edticas\u00bb, reconoce la doctora en Historia. Finalmente, logra apartarse de la corona en 1724, pero Luis I muere de viruela ocho meses despu\u00e9s de acceder al trono, a los 17 a\u00f1os, y Felipe no tiene m\u00e1s opci\u00f3n que volver a tomar el mando. Aunque ya es tarde. A partir de entonces el rey nunca recobrar\u00eda la cordura.<\/p>\n\n\n\n<p>Felipe V muri\u00f3 a los 60 a\u00f1os entre enajenaciones y desvar\u00edos a los que se sumaba una falta de higiene personal tal que cuando trataron de amortajarle al quitarle la ropa que llevaba puesta se iba tambi\u00e9n la piel<\/p>\n\n\n\n<h3 class=\"wp-block-heading\">Le obsesionaba la muerte y no quer\u00eda ba\u00f1arse<\/h3>\n\n\n\n<p>\u00abEl rey est\u00e1 bajo una continua tristeza. Dice que siempre cree que se va a morir, que tiene la cabeza vac\u00eda y que se le va a caer. Y no es que tenga miedo de la muerte pues no la teme en absoluto pero le absorbe involuntariamente esta idea y no puede desprenderse de ella. Quisiera estar siempre encerrado y no ver a nadie m\u00e1s que las personas, muy pocas, a que est\u00e1 acostumbrado. A cada momento me manda a buscar al padre Daubenton o a su m\u00e9dico, pues dice que esto le alivia\u00bb. En la biograf\u00eda&nbsp;<em>Felipe V<\/em>, de Marina Alfonso Mola y Carlos Mart\u00ednez Shaw, se recoge esta carta que envi\u00f3 el marqu\u00e9s de Louville, amigo y confidente de Felipe V, al&nbsp;canciller Torcy.<\/p>\n\n\n\n<p>Las salidas de tono que sufr\u00eda Felipe V tuvieron lugar, en m\u00e1s de una ocasi\u00f3n, en presencia de diplom\u00e1ticos que las dejaron reflejadas en la correspondencia que enviaban. \u00abLo cierto es que es imposible tener una visi\u00f3n real de lo que le ocurr\u00eda al rey porque tenemos que fiarnos de lo que otros dec\u00edan\u00bb, opina Mola. Lo que ha trascendido es que a los 45 a\u00f1os la locura del rey no ten\u00eda marcha atr\u00e1s. Muri\u00f3 a los 60 entre enajenaciones y desvar\u00edos a los que se sumaba una falta de higiene personal tal que cuando trataron de amortajarle al quitarle la ropa que llevaba puesta -y que durante tanto tiempo se neg\u00f3 a quitarse- se iba tambi\u00e9n la piel. \u00abTuvieron que momificarle. Es el \u00fanico rey de Espa\u00f1a momificado, pero fue imposible hacer otra cosa con \u00e9l\u00bb, afirma Eduardo Ju\u00e1rez.<\/p>\n\n\n\n<h3 class=\"wp-block-heading\">El motivo por el que su locura que no pas\u00f3 a la historia<\/h3>\n\n\n\n<p>Como afirma Ju\u00e1rez lo m\u00e1s sorprendente del caso de Felipe V es que \u00absu locura\u00bb no haya trascendido m\u00e1s. Como s\u00ed ocurri\u00f3, por ejemplo, y con menos motivos, con Juana I de Castilla, popularmente conocida como Juana la Loca. El historiador lo explica as\u00ed: \u00abPor motivos pol\u00edticos y din\u00e1sticos, en el caso de Juana interes\u00f3 que se la tomara por loca. Con Felipe, sin embargo, no conven\u00eda\u00bb. Ju\u00e1rez recuerda que cada persona hist\u00f3rica es una caricatura asociada a un momento hist\u00f3rico (v\u00e9ase&nbsp;<a href=\"https:\/\/elpais.com\/elpais\/2020\/05\/19\/icon\/1589879653_393374.html\" target=\"_blank\" rel=\"noreferrer noopener\">el caso de Carlos II,<\/a>&nbsp;<em>el Hechizado<\/em>). Felipe V estuvo al frente de un proceso reformista borb\u00f3nico en el que no encajaba un protagonista d\u00e9bil y trastornado, de ah\u00ed que para conocer los padecimientos que dominaron su azarosa vida haya que profundizar en la historia.<\/p>\n\n\n\n<p><\/p>\n","protected":false},"excerpt":{"rendered":"<p>Autora: Sara Navas Fuente: El Pa\u00eds, 08\/06\/2020 Felipe V lleg\u00f3 a pasar 15 d\u00edas postrado en la cama del&nbsp;palacio del Buen Retiro&nbsp;afirmando a gritos que estaba muerto. Tal y como confirma Eduardo Ju\u00e1rez, doctor en Historia Moderna, lo repet\u00eda insistentemente con la intenci\u00f3n de demostrarse a s\u00ed mismo que segu\u00eda estando vivo. El monarca fue &hellip; <a href=\"https:\/\/blogsaverroes.juntadeandalucia.es\/aldeacordoba\/?p=1145\" class=\"more-link\">Continuar leyendo<span class=\"screen-reader-text\"> \u00abFelipe V \u201cse cre\u00eda rana\u201d y \u201capenas se aseaba\u201d: c\u00f3mo el rey espa\u00f1ol m\u00e1s trastornado pas\u00f3 a la historia como un gran monarca\u00bb<\/span><\/a><\/p>\n","protected":false},"author":168,"featured_media":0,"comment_status":"open","ping_status":"open","sticky":false,"template":"","format":"standard","meta":{"ngg_post_thumbnail":0,"footnotes":""},"categories":[224378,224398],"tags":[224459,224595,224659],"aioseo_notices":[],"_links":{"self":[{"href":"https:\/\/blogsaverroes.juntadeandalucia.es\/aldeacordoba\/index.php?rest_route=\/wp\/v2\/posts\/1145"}],"collection":[{"href":"https:\/\/blogsaverroes.juntadeandalucia.es\/aldeacordoba\/index.php?rest_route=\/wp\/v2\/posts"}],"about":[{"href":"https:\/\/blogsaverroes.juntadeandalucia.es\/aldeacordoba\/index.php?rest_route=\/wp\/v2\/types\/post"}],"author":[{"embeddable":true,"href":"https:\/\/blogsaverroes.juntadeandalucia.es\/aldeacordoba\/index.php?rest_route=\/wp\/v2\/users\/168"}],"replies":[{"embeddable":true,"href":"https:\/\/blogsaverroes.juntadeandalucia.es\/aldeacordoba\/index.php?rest_route=%2Fwp%2Fv2%2Fcomments&post=1145"}],"version-history":[{"count":0,"href":"https:\/\/blogsaverroes.juntadeandalucia.es\/aldeacordoba\/index.php?rest_route=\/wp\/v2\/posts\/1145\/revisions"}],"wp:attachment":[{"href":"https:\/\/blogsaverroes.juntadeandalucia.es\/aldeacordoba\/index.php?rest_route=%2Fwp%2Fv2%2Fmedia&parent=1145"}],"wp:term":[{"taxonomy":"category","embeddable":true,"href":"https:\/\/blogsaverroes.juntadeandalucia.es\/aldeacordoba\/index.php?rest_route=%2Fwp%2Fv2%2Fcategories&post=1145"},{"taxonomy":"post_tag","embeddable":true,"href":"https:\/\/blogsaverroes.juntadeandalucia.es\/aldeacordoba\/index.php?rest_route=%2Fwp%2Fv2%2Ftags&post=1145"}],"curies":[{"name":"wp","href":"https:\/\/api.w.org\/{rel}","templated":true}]}}