{"id":1213,"date":"2020-09-29T09:46:00","date_gmt":"2020-09-29T08:46:00","guid":{"rendered":"https:\/\/jmoragahc.wordpress.com\/?p=1213"},"modified":"2020-09-29T09:46:00","modified_gmt":"2020-09-29T08:46:00","slug":"los-20-000-esclavos-de-carlos-iii","status":"publish","type":"post","link":"https:\/\/blogsaverroes.juntadeandalucia.es\/aldeacordoba\/?p=1213","title":{"rendered":"Los 20.000 esclavos de Carlos III"},"content":{"rendered":"\n<figure class=\"wp-block-image size-large\"><img decoding=\"async\" src=\"https:\/\/ep01.epimg.net\/politica\/imagenes\/2020\/07\/25\/sepa_usted\/1595665446_495825_1595665770_noticia_normal_recorte1.jpg\" alt=\"\" \/><figcaption>Carlos III comiendo ante su corte (Luis Paret y Alc\u00e1zar, 1775).\u00a0WIKIMEDIA COMMONS \/ MUSEO DEL PRADO<\/figcaption><\/figure>\n\n\n\n<p><strong>Autor<\/strong>: <a href=\"https:\/\/elpais.com\/autor\/the_conversation\/a\/\">JOS\u00c9 MIGUEL L\u00d3PEZ GARC\u00cdA<\/a><\/p>\n\n\n\n<p><strong>Fuente<\/strong>: <a rel=\"noreferrer noopener\" href=\"https:\/\/elpais.com\/politica\/2020\/07\/25\/sepa_usted\/1595665446_495825.html?fbclid=IwAR24jvaBfqzV4U-rqQDuEyBLVZ0FDcnfWDuT4uXFOLGq8ZDuWLUIA9P9XZc#?ref=rss&amp;format=simple&amp;link=link\" target=\"_blank\">elpais.com <\/a>2020\/07\/25 <\/p>\n\n\n\n<p>Al concluir la&nbsp;<a href=\"https:\/\/es.wikipedia.org\/wiki\/Guerra_de_los_Siete_A%C3%B1os\">Guerra de los Siete A\u00f1os<\/a>&nbsp;en 1763, los ministros de Carlos III decidieron impulsar el desarrollo de la esclavitud dentro del Imperio espa\u00f1ol. Para tal fin, nada mejor que fomentar en el Caribe plantaciones azucareras similares a las que ya hab\u00edan creado los franceses y brit\u00e1nicos. Esto implicaba auspiciar la creaci\u00f3n de compa\u00f1\u00edas nacionales de traficantes de esclavos, cuyos barcos desplazaran a los de otras potencias dedicadas al comercio de las valiosas piezas de indias; y proceder a la reducci\u00f3n de los aranceles que lo gravaban, hasta lograr el libre comercio de esclavos en 1789.<\/p>\n\n\n\n<p>La expansi\u00f3n de la trata negrera corri\u00f3 pareja a otro hecho de singular relevancia: el soberano se convirti\u00f3 en el mayor propietario de mano de obra cautiva de la Monarqu\u00eda hisp\u00e1nica.<\/p>\n\n\n\n<p>La mitad de sus 20.000 esclavos estaban alojados en Cuba construyendo fortificaciones en La Habana o prestando sus servicios en la mina del Cobre en Santiago de Cuba. Otros 8.500 trabajaban en haciendas azucareras y ganaderas diseminadas por Colombia, Per\u00fa, Ecuador y Chile. Los 1.500 restantes estaban alojados en la pen\u00ednsula Ib\u00e9rica, en los arsenales de la Armada, especialmente en Cartagena, o realizaban obras p\u00fablicas en las inmediaciones de la Corte, como los 300 esclavos argelinos que desmontaron la subida al Alto del Le\u00f3n en el puerto de Guadarrama.<\/p>\n\n\n\n<div class=\"wp-block-image\"><figure class=\"alignright is-resized\"><img loading=\"lazy\" decoding=\"async\" src=\"https:\/\/ep01.epimg.net\/politica\/imagenes\/2020\/07\/25\/sepa_usted\/1595665446_495825_1595666771_sumario_normal.jpg\" alt=\"Carlos VII, rey de N\u00e1poles (futuro Carlos III de Espa\u00f1a), por Giovanni Maria delle Piane, 1737.\" width=\"556\" height=\"803\" \/><figcaption>Carlos VII, rey de N\u00e1poles (futuro Carlos III de Espa\u00f1a), por Giovanni Maria delle Piane, 1737.&nbsp;WIKIMEDIA COMMONS \/ MUSEO DEL PRADO<\/figcaption><\/figure><\/div>\n\n\n\n<h3 class=\"wp-block-heading\">6.000 esclavos \u2018madrile\u00f1os\u2019<\/h3>\n\n\n\n<p>El apogeo de la esclavitud ten\u00eda por fuerza que hacerse sentir en el centro neur\u00e1lgico del Imperio espa\u00f1ol: al despuntar la d\u00e9cada de 1760 hab\u00eda en Madrid unos 6.000 esclavos, que por entonces equival\u00edan al 4% de su poblaci\u00f3n total: su presencia cotidiana en las calles y plazas confer\u00eda a la capital un aspecto de ciudad multi\u00e9tnica.<\/p>\n\n\n\n<figure class=\"wp-block-image is-resized\"><img loading=\"lazy\" decoding=\"async\" src=\"https:\/\/ep01.epimg.net\/politica\/imagenes\/2020\/07\/25\/sepa_usted\/1595665446_495825_1595666818_sumario_normal.jpg\" alt=\"Aviso de la venta de un negro de 20 a\u00f1os junto a un coche nuevo y un par de mulas publicado el 19 de octubre de 1765 en el 'Diario Noticioso de Madrid n\u00ba 1524'.\" width=\"576\" height=\"341\" \/><figcaption>Aviso de la venta de un negro de 20 a\u00f1os junto a un coche nuevo y un par de mulas publicado el 19 de octubre de 1765 en el &#8216;Diario Noticioso de Madrid n\u00ba 1524&#8217;.&nbsp;BNE &#8211; HEMEROTECA DIGITAL<\/figcaption><\/figure>\n\n\n\n<p>La mayor\u00eda formaba parte del servicio dom\u00e9stico de los complejos palaciegos de la realeza y de las residencias pertenecientes a la aristocracia, el clero y otras fracciones de la clase dominante, due\u00f1as por excelencia de las consideradas por entonces&nbsp;<em>mercanc\u00edas<\/em>, cuyo disfrute tambi\u00e9n les confer\u00eda reconocimiento social.<\/p>\n\n\n\n<p>Junto a las m\u00faltiples actividades laborales desempe\u00f1adas en las casas de sus amos, otro grupo m\u00e1s reducido trabajaba en talleres artesanales, mientras que unos pocos cultivaban con \u00e9xito las bellas artes. Es el caso del miembro de la Casa de los Negros del&nbsp;<em>Palacio Nuevo<\/em>&nbsp;(Palacio Real) Antonio Carlos de Borb\u00f3n, arquitecto de obras reales y autor de la f\u00e1brica de Porcelanas del Buen Retiro, o de su hermano&nbsp;<a href=\"https:\/\/www.museodelprado.es\/recurso\/borbon-jose-carlos-de\/052a34d3-b239-4ee1-b93-0c243bcb0ff7\">Joseph Carlos de Borb\u00f3n<\/a>, pintor de C\u00e1mara, 10 de cuyas obras forman parte de la colecci\u00f3n del Museo del Prado. Pero incluso estos \u201cprivilegiados\u201d f\u00e1mulos, que despu\u00e9s de ser liberados llevaban el nombre y el apellido de su amo, acabaron muriendo en la m\u00e1s absoluta miseria.<\/p>\n\n\n\n<h3 class=\"wp-block-heading\">Resistencia y rechazo<\/h3>\n\n\n\n<p>A finales del reinado de Carlos III, el esclavizado madrile\u00f1o es un var\u00f3n negro que tiene menos de 25 a\u00f1os. A diferencia de la centuria precedente, ya no es un&nbsp;<em>\u00abmoro de presa<\/em>\u00ab, esto es, un magreb\u00ed o un s\u00fabdito del Imperio otomano que ha sido capturado en una campa\u00f1a militar, sino un&nbsp;<em>negro de naci\u00f3n<\/em>&nbsp;oriundo de las costas del \u00c1frica occidental y, cada vez con m\u00e1s frecuencia, de las colonias hispanoamericanas.<\/p>\n\n\n\n<p>Dicho cambio en el fenotipo, y el consecuente alejamiento de las fuentes de aprovisionamiento de la mano de obra cautiva, har\u00e1 que su precio en el mercado de esclavos madrile\u00f1o sea a finales del siglo XVIII cuatro veces m\u00e1s alto que al despuntar la centuria. No obstante, las causas del declive de la esclavitud que por entonces se observa no fueron solo, ni principalmente, econ\u00f3micas, sino que tienen unas ra\u00edces sociales m\u00e1s profundas.<\/p>\n\n\n\n<p>Porque, al carecer de los derechos sociales m\u00e1s elementales, estar marcado con un hierro en el rostro y sufrir duros castigos corporales, el esclavizado madrile\u00f1o ansiaba, l\u00f3gicamente, la libertad, de ah\u00ed que protagonizase numerosos actos de resistencia individual. Para&nbsp;<em>disciplinar<\/em>&nbsp;a estos rebeldes incorregibles y capturar a los cimarrones, los amos necesitar\u00e1n del auxilio de las instituciones judiciales, policiales y militares del Estado absolutista, de manera que cuando este comience a quebrar, arrastrar\u00e1 en su ca\u00edda a esa modalidad de trabajo embridado.<\/p>\n\n\n\n<figure class=\"wp-block-image\"><img decoding=\"async\" src=\"https:\/\/ep01.epimg.net\/politica\/imagenes\/2020\/07\/25\/sepa_usted\/1595665446_495825_1595666869_sumario_normal.jpg\" alt=\"Paisaje con ruinas y figuras pintado por Joseph Carlos de Borb\u00f3n.\" \/><figcaption>Paisaje con ruinas y figuras pintado por Joseph Carlos de Borb\u00f3n.&nbsp;WIKIMEDIA COMMONS \/ MUSEO DEL PRADO<\/figcaption><\/figure>\n\n\n\n<h3 class=\"wp-block-heading\">Una muerte anunciada<\/h3>\n\n\n\n<p>Finalmente, tampoco podemos pasar por alto el rechazo que esta instituci\u00f3n brutal y lucrativa provoc\u00f3 entre las clases populares de la metr\u00f3poli, de suerte que sus miembros no dudar\u00e1n en ayudar a los esclavos en apuros o incluso proceder\u00e1n a linchar a alg\u00fan amo que maltrataba a su negro en la v\u00eda p\u00fablica en 1808.<\/p>\n\n\n\n<p>Desde esta perspectiva, el&nbsp;<a href=\"https:\/\/es.wikipedia.org\/wiki\/Esclavitud_en_Espa%C3%B1a#La_abolici%C3%B3n_de_la_esclavitud\">decreto<\/a>&nbsp;de las Cortes espa\u00f1olas que en 1837 aboli\u00f3 la esclavitud legal en la pen\u00ednsula Ib\u00e9rica solo puso el punto y final a la cr\u00f3nica de una muerte anunciada.<\/p>\n\n\n\n<hr class=\"wp-block-separator\" \/>\n\n\n\n<p><em>El presente art\u00edculo constituye un resumen de una parte de la obra \u2018<a href=\"https:\/\/www.alianzaeditorial.es\/libro\/alianza-ensayo\/la-esclavitud-a-finales-del-antiguo-regimen-madrid-1701-1837-jose-miguel-lopez-garcia-9788491818588\/\">La esclavitud a finales del Antiguo R\u00e9gimen. Madrid, 1701-1837. De moros de presa a negros de naci\u00f3n<\/a>\u2019. Madrid: Alianza Editorial, 2020, en la cual el curioso lector podr\u00e1 encontrar todas las referencias bibliogr\u00e1ficas y archiv\u00edsticas.<\/em><\/p>\n\n\n\n<hr class=\"wp-block-separator\" \/>\n\n\n\n<p><strong><a href=\"https:\/\/theconversation.com\/profiles\/jose-miguel-lopez-garcia-1137965\">Jos\u00e9 Miguel L\u00f3pez Garc\u00eda<\/a><\/strong>&nbsp;es profesor titular del Departamento de Historia Moderna y Coordinador del Equipo Madrid de Investigaciones Hist\u00f3ricas de la&nbsp;<em><a href=\"https:\/\/theconversation.com\/institutions\/universidad-autonoma-de-madrid-3521\">Universidad Aut\u00f3noma de Madrid.<\/a><\/em><\/p>\n","protected":false},"excerpt":{"rendered":"<p>Autor: JOS\u00c9 MIGUEL L\u00d3PEZ GARC\u00cdA Fuente: elpais.com 2020\/07\/25 Al concluir la&nbsp;Guerra de los Siete A\u00f1os&nbsp;en 1763, los ministros de Carlos III decidieron impulsar el desarrollo de la esclavitud dentro del Imperio espa\u00f1ol. Para tal fin, nada mejor que fomentar en el Caribe plantaciones azucareras similares a las que ya hab\u00edan creado los franceses y brit\u00e1nicos. &hellip; <a href=\"https:\/\/blogsaverroes.juntadeandalucia.es\/aldeacordoba\/?p=1213\" class=\"more-link\">Continuar leyendo<span class=\"screen-reader-text\"> \u00abLos 20.000 esclavos de Carlos III\u00bb<\/span><\/a><\/p>\n","protected":false},"author":168,"featured_media":0,"comment_status":"open","ping_status":"open","sticky":false,"template":"","format":"standard","meta":{"ngg_post_thumbnail":0,"footnotes":""},"categories":[224378,224397],"tags":[224470,224577],"aioseo_notices":[],"_links":{"self":[{"href":"https:\/\/blogsaverroes.juntadeandalucia.es\/aldeacordoba\/index.php?rest_route=\/wp\/v2\/posts\/1213"}],"collection":[{"href":"https:\/\/blogsaverroes.juntadeandalucia.es\/aldeacordoba\/index.php?rest_route=\/wp\/v2\/posts"}],"about":[{"href":"https:\/\/blogsaverroes.juntadeandalucia.es\/aldeacordoba\/index.php?rest_route=\/wp\/v2\/types\/post"}],"author":[{"embeddable":true,"href":"https:\/\/blogsaverroes.juntadeandalucia.es\/aldeacordoba\/index.php?rest_route=\/wp\/v2\/users\/168"}],"replies":[{"embeddable":true,"href":"https:\/\/blogsaverroes.juntadeandalucia.es\/aldeacordoba\/index.php?rest_route=%2Fwp%2Fv2%2Fcomments&post=1213"}],"version-history":[{"count":0,"href":"https:\/\/blogsaverroes.juntadeandalucia.es\/aldeacordoba\/index.php?rest_route=\/wp\/v2\/posts\/1213\/revisions"}],"wp:attachment":[{"href":"https:\/\/blogsaverroes.juntadeandalucia.es\/aldeacordoba\/index.php?rest_route=%2Fwp%2Fv2%2Fmedia&parent=1213"}],"wp:term":[{"taxonomy":"category","embeddable":true,"href":"https:\/\/blogsaverroes.juntadeandalucia.es\/aldeacordoba\/index.php?rest_route=%2Fwp%2Fv2%2Fcategories&post=1213"},{"taxonomy":"post_tag","embeddable":true,"href":"https:\/\/blogsaverroes.juntadeandalucia.es\/aldeacordoba\/index.php?rest_route=%2Fwp%2Fv2%2Ftags&post=1213"}],"curies":[{"name":"wp","href":"https:\/\/api.w.org\/{rel}","templated":true}]}}