{"id":1217,"date":"2020-08-07T09:15:00","date_gmt":"2020-08-07T08:15:00","guid":{"rendered":"https:\/\/jmoragahc.wordpress.com\/?p=1217"},"modified":"2020-08-07T09:15:00","modified_gmt":"2020-08-07T08:15:00","slug":"le-llevaban-las-cabezas-directo-de-la-guillotina-la-extraordinaria-vida-de-madame-tussaud","status":"publish","type":"post","link":"https:\/\/blogsaverroes.juntadeandalucia.es\/aldeacordoba\/?p=1217","title":{"rendered":"\u00abLe llevaban las cabezas directo de la guillotina\u00bb: la extraordinaria vida de Madame Tussaud"},"content":{"rendered":"\n<figure class=\"wp-block-image size-large\"><img decoding=\"async\" src=\"https:\/\/ichef.bbci.co.uk\/news\/660\/cpsprodpb\/15E7A\/production\/_96522798_gettyimages-2634768.jpg\" alt=\"\" \/><figcaption>Aunque a duras penas sab\u00eda leer o escribir en franc\u00e9s y lleg\u00f3 a Inglaterra sin saber ingl\u00e9s, triunf\u00f3.<\/figcaption><\/figure>\n\n\n\n<p><strong>Fuente<\/strong>: <a rel=\"noreferrer noopener\" href=\"https:\/\/www.bbc.com\/mundo\/noticias-40290782?ocid=socialflow_facebook&amp;at_campaign=64&amp;at_custom2=facebook_page&amp;at_custom3=BBC+News+Mundo&amp;at_custom4=96177ED8-D0C5-11EA-AED6-C6BCFCA12A29&amp;at_custom1=%5Bpost+type%5D&amp;at_medium=custom7&amp;fbclid=IwAR2ExppyLsW9KEBih_IKqpo4IBCvDukiKGnogC_mFMiidMvCpukTAr-NqFM&amp;fbclid=IwAR0USCi6qhhB6-b4np-K4YLpcKG0j_xcwW8eB2VMx_rCn0PXbGeQ1XbaCKg\" target=\"_blank\">bbc.com <\/a>18\/05\/2017<\/p>\n\n\n\n<p>En 1838, a los 80 a\u00f1os de edad, una extraordinaria mujer se dispuso a dictarle sus memorias a su amiga, cont\u00e1ndolas en tercera persona: \u00abMadame Tussaud naci\u00f3 en Berna en 1761\u00bb.<\/p>\n\n\n\n<p>Sus memorias, cartas y documentos ofrecen una visi\u00f3n \u00fanica de la creaci\u00f3n del mundialmente famoso imperio de museos de cera que lleva su nombre.<\/p>\n\n\n\n<p>Y aunque algunos de los detalles del relato sobre su vida no eran precisamente exactos, hasta estos son fascinantes.<\/p>\n\n\n\n<h2 class=\"wp-block-heading\">Licencia de autor<\/h2>\n\n\n\n<p>En sus manos, la verdad misma era tan moldeable como la cera. Incluso datos tan claros como el lugar de nacimiento y su parentesco no eran ciertos.<\/p>\n\n\n\n<p>\u00abSu padre, que muri\u00f3 antes de su nacimiento, era militar de profesi\u00f3n, y su nombre, Grosholtz, era prestigioso\u00bb, asegur\u00f3.<\/p>\n\n\n\n<p>La historia de Marie Tussaud realmente empez\u00f3 en Strasburgo, no en la adinerada Berna. Y su familia estaba lejos de ser ilustre.<\/p>\n\n\n\n<figure class=\"wp-block-image\"><img decoding=\"async\" src=\"https:\/\/ichef.bbci.co.uk\/news\/624\/cpsprodpb\/274E\/production\/_96526001_gettyimages-55850639.jpg\" alt=\"Manos en cera de dos de los Beatles\" \/><figcaption>Image captionHasta hoy en d\u00eda Madame Tussauds sigue utilizando las t\u00e9cnicas que Philippe Curtius le ense\u00f1\u00f3 a Marie.<\/figcaption><\/figure>\n\n\n\n<p>Cuando su padre muri\u00f3, su madre acudi\u00f3 a su cu\u00f1ado a pedirle ayuda.<\/p>\n\n\n\n<p>Philippe Curtius era un doctor y anatomista convertido en modelador de cera en Berna.<\/p>\n\n\n\n<p>Emple\u00f3 a la madre de Marie como ama de llaves y se apeg\u00f3 mucho a la ni\u00f1a, a la que le ense\u00f1\u00f3 su arte.<\/p>\n\n\n\n<h2 class=\"wp-block-heading\">Primeros pasos<\/h2>\n\n\n\n<p>Philippe Curtius era una celebridad en Berna.<\/p>\n\n\n\n<p>Lo consultaban por sus conocimientos m\u00e1gicos y anat\u00f3micos, y hab\u00eda mucha demanda por sus modelos de cera.<\/p>\n\n\n\n<p>Hab\u00eda aprendido a hacerlos solo a mediados del siglo XVIII, cuando se volvi\u00f3 m\u00e1s dif\u00edcil conseguir cad\u00e1veres para disecar, as\u00ed que se necesitaban modelos para aprender y ense\u00f1ar anatom\u00eda.<\/p>\n\n\n\n<figure class=\"wp-block-image\"><img decoding=\"async\" src=\"https:\/\/ichef.bbci.co.uk\/news\/624\/cpsprodpb\/756E\/production\/_96526003_waxvolatire.jpg\" alt=\"Figura de cera de Voltaire\" \/><figcaption>Image captionVoltaire fue uno de los que se pusieron \u00abpacientemente en manos de la hermosa artista\u00bb, dos meses antes de su muerte.<\/figcaption><\/figure>\n\n\n\n<p>Cuando su fama aument\u00f3, Curtius decidi\u00f3 abrir otro lugar de exhibici\u00f3n en el Boulevard Du Temple, Paris.<\/p>\n\n\n\n<p>Al lado de los criminales, Curtius expuso bustos de las celebridades de la \u00e9poca,&nbsp;<strong>una f\u00f3rmula que m\u00e1s tarde le dar\u00eda fama mundial a su sobrina<\/strong>.<\/p>\n\n\n\n<p>Tras descubrir que Marie era muy apta y aprend\u00eda r\u00e1pido, Curtius la tom\u00f3 de aprendiz y le confi\u00f3 la tarea de hacer los moldes de las cabezas de los personajes principales de ese per\u00edodo, que \u00abpacientemente se pon\u00edan en manos de la hermosa artista\u00bb.<\/p>\n\n\n\n<h2 class=\"wp-block-heading\">\u00bfRealmente real?<\/h2>\n\n\n\n<p>Al convertirse en una fabricante de modelos consumada, Marie empez\u00f3 a involucrarse completamente en el proceso.<\/p>\n\n\n\n<p>Sus habilidades aumentaron, as\u00ed como su reputaci\u00f3n&#8230; al menos seg\u00fan sus memorias.<\/p>\n\n\n\n<figure class=\"wp-block-image\"><img decoding=\"async\" src=\"https:\/\/ichef.bbci.co.uk\/news\/624\/cpsprodpb\/C38E\/production\/_96526005_gettyimages-152231812.jpg\" alt=\"Versalles\" \/><figcaption>Image captionEn la corte de Versalles, no hab\u00eda mucho chance de que burgueses se codearan con la aristocracia.<\/figcaption><\/figure>\n\n\n\n<p>\u00abEntre los miembros de la familia real, que a menudo visitan los apartamentos y admiran el trabajo de Curtius y su sobrina&#8230; estaba Madame Elisabeth, la hermana del rey\u00bb.<\/p>\n\n\n\n<p>Cuenta que la princesa le pidi\u00f3 que le ense\u00f1ara el arte de modelar en cera, y que le gust\u00f3 tanto estar con ella que le pidi\u00f3 permiso a Monsieur Curtius para llevarla a vivir al Palacio de Versalles para poder disfrutar de su agradable compa\u00f1\u00eda.<\/p>\n\n\n\n<p>Todo lo cual es muy improbable. Marie Grosholtz no aparece en el registro oficial.<\/p>\n\n\n\n<p>Adem\u00e1s, en esa estructura jer\u00e1rquica tan codificada y controlada, alguien que ganaba dinero con una exhibici\u00f3n comercial en Par\u00eds con Curtius nunca habr\u00eda tenido acceso a ese \u00edntimo c\u00edrculo.<\/p>\n\n\n\n<h2 class=\"wp-block-heading\">14 de julio de 1789: la toma de la Bastilla<\/h2>\n\n\n\n<p>Despu\u00e9s de m\u00e1s recuentos de sus supuestas conversaciones con la realeza, las memorias se tornan dram\u00e1ticas.<\/p>\n\n\n\n<p>La vida de la joven Marie estaba a punto de recibir un revolc\u00f3n. Se avecinaba la Revoluci\u00f3n Francesa.<\/p>\n\n\n\n<figure class=\"wp-block-image\"><img decoding=\"async\" src=\"https:\/\/ichef.bbci.co.uk\/news\/624\/cpsprodpb\/B06A\/production\/_96526154_gettyimages-2667398.jpg\" alt=\"Ilustraci\u00f3n de la toma de la Bastilla\" \/><figcaption>Image captionLa toma de la Bastilla cambi\u00f3 completamente el enfoque de la exhibici\u00f3n de figuras de cera.<\/figcaption><\/figure>\n\n\n\n<p>Los registros de este corto pero excitante per\u00edodo est\u00e1n repletos de ejemplos de&nbsp;<strong>la ferocidad m\u00e1s diab\u00f3lica<\/strong>.<\/p>\n\n\n\n<p>Como Marie, Curtius era mon\u00e1rquico pero tambi\u00e9n un astuto hombre de negocios. Sab\u00eda que ten\u00eda que cambiar su estilo para sobrevivir.<\/p>\n\n\n\n<p>A partir de ese momento, era demasiado peligroso tener bustos de la familia real a la vista del p\u00fablico.<\/p>\n\n\n\n<p>El primer evento que Madame Tussaud recuerda del \u00absanguinario comienzo de la Revoluci\u00f3n\u00bb fue cuando \u00abel p\u00fablico se empez\u00f3 a congregar en las calles demandando bustos de los \u00eddolos del pueblo\u00bb.<\/p>\n\n\n\n<p>La exhibici\u00f3n de figuras de cera empez\u00f3 a cumplir el rol de los noticieros de hoy en d\u00eda pues la gente la visitaba&nbsp;<strong>para enterarse de los \u00faltimos acontecimientos<\/strong>.<\/p>\n\n\n\n<p>Por eso ten\u00edan que cambiar r\u00e1pidamente los bustos de lugar, para reflejar los cambios de mando en la Revoluci\u00f3n.<\/p>\n\n\n\n<figure class=\"wp-block-image\"><img decoding=\"async\" src=\"https:\/\/ichef.bbci.co.uk\/news\/624\/cpsprodpb\/0336\/production\/_96522800_gettyimages-457360365.jpg\" alt=\"Figuras juntas de los ahora separados Angela Jolie y Bratt Pit\" \/><figcaption>Image captionEn la actualidad, tambi\u00e9n tienen que estar pendientes de cambiar la exposici\u00f3n cuando algo ocurre.<\/figcaption><\/figure>\n\n\n\n<p>Las cabezas decapitadas eran llevadas inmediatamente a donde Madame Tussaud \u00abcuyos sentimientos pueden ser m\u00e1s f\u00e1cilmente imaginados que descritos.&nbsp;<strong>Temblando de horror, estaba obligada a hacer un molde<\/strong>\u00ab.<\/p>\n\n\n\n<p>Marie cuenta que hac\u00eda los modelos de cera de los guillotinados sentada en los escalones de la sala de exposici\u00f3n.<\/p>\n\n\n\n<p>Aunque la escena parezca inveros\u00edmil, en este caso s\u00ed es real: est\u00e1 corroborada por relatos de otras personas y se sabe que efectivamente la exposici\u00f3n incorpor\u00f3 las cabezas de revolucionarios decapitados.<\/p>\n\n\n\n<p>Por desagradable que fuera hacerlas, no hay duda de que los macabros retratos en cera de las v\u00edctimas m\u00e1s famosas atrajo a\u00fan m\u00e1s multitudes.<\/p>\n\n\n\n<figure class=\"wp-block-image\"><img decoding=\"async\" src=\"https:\/\/ichef.bbci.co.uk\/news\/624\/cpsprodpb\/EA9E\/production\/_96526006_marie-muertos.jpg\" alt=\"Marie con decapitados\" \/><figcaption>Image captionLa horrenda escena descrita por Marie realmente ocurri\u00f3: le tra\u00edan los cuerpos y ella hac\u00eda los moldes y las figuras de cera tan pronto como era posible.<\/figcaption><\/figure>\n\n\n\n<p>En 1794, Robespierre, el principal arquitecto del Reino del Terror fue a la guillotina. El pa\u00eds estaba en guerra, tanto dentro como fuera de sus fronteras.<\/p>\n\n\n\n<p>El caos en Francia empeoraba; al t\u00edo de Marie le ordenaron servir como traductor con el ej\u00e9rcito franc\u00e9s.<\/p>\n\n\n\n<p>Tras unos meses, retorn\u00f3, muy enfermo. Muri\u00f3 poco despu\u00e9s, dejando a Marie como \u00fanica heredera de su casa en Versalles y el sal\u00f3n de exposiciones en Boulevard Du Temple.<\/p>\n\n\n\n<h2 class=\"wp-block-heading\">La se\u00f1ora Tussaud<\/h2>\n\n\n\n<p>Marie no se qued\u00f3 sola por mucho tiempo.<\/p>\n\n\n\n<p><strong>Se cas\u00f3 con Fran\u00e7ois Tussaud<\/strong>, un ingeniero al que le gustaba comprar acciones, invertir en teatros, quien estaba con ella por su dinero y quien, francamente, como esposo, era una carga.<\/p>\n\n\n\n<p>Pero Marie finalmente pudo dejar atr\u00e1s el nombre de una familia de escasa alcurnia al pasar de ser Mademoiselle Grosholtz a Madame Tussaud.<\/p>\n\n\n\n<figure class=\"wp-block-image\"><img decoding=\"async\" src=\"https:\/\/ichef.bbci.co.uk\/news\/624\/cpsprodpb\/15FCE\/production\/_96526009_gettyimages-171140313.jpg\" alt=\"Madame Tussaud en Baker Street.\" \/><figcaption>Image captionEn ese momento, era dif\u00edcil imaginarse cu\u00e1l ser\u00eda su destino.<\/figcaption><\/figure>\n\n\n\n<p>Cuando Marie tuvo su primer hijo, Joseph, ella ten\u00eda 37 a\u00f1os. Su segunda hija muri\u00f3 al nacer y otro hijo naci\u00f3 el a\u00f1o siguiente: Fran\u00e7ois.<\/p>\n\n\n\n<p>Su vida de casaba era infeliz y la revoluci\u00f3n estaba arruinando su negocio. Los turistas ya no ven\u00edan a Par\u00eds; la gente ten\u00eda menos dinero y los ricos que sobrevivieron la guillotina, se hab\u00edan ido de Francia.<\/p>\n\n\n\n<p>Ese podr\u00eda haber sido el final de la historia, pero una ma\u00f1ana de octubre de 1802, un encuentro con un amigo de la familia le cambi\u00f3 el curso de la vida.<\/p>\n\n\n\n<h2 class=\"wp-block-heading\">\u00abPhantasmagoria\u00bb<\/h2>\n\n\n\n<p>Paul de Philipsthal era un artista itinerante alem\u00e1n que dec\u00eda que pod\u00eda conectarse con el m\u00e1s all\u00e1.<\/p>\n\n\n\n<p>Cuando se revel\u00f3 que era un charlat\u00e1n, dej\u00f3 su pa\u00eds y se fue a Par\u00eds en busca de una audiencia m\u00e1s susceptible.<\/p>\n\n\n\n<figure class=\"wp-block-image\"><img decoding=\"async\" src=\"https:\/\/ichef.bbci.co.uk\/news\/624\/cpsprodpb\/403A\/production\/_96524461_fantasmagoria.jpg\" alt=\"Phantasmagoria\" \/><figcaption>Image captionEl horror atra\u00eda al p\u00fablico.<\/figcaption><\/figure>\n\n\n\n<p>Usaba la Linterna M\u00e1gica, que era un desarrollo de la c\u00e1mara obscura, el antecesor de los proyectores de diapositivas, que en el siglo XVII era una distracci\u00f3n que fascinaba a los europeos acomodados.<\/p>\n\n\n\n<p>Los espect\u00e1culos se llamaban&nbsp;<em>phantasmagoria<\/em>&nbsp;(reuni\u00f3n de fantasmas). El p\u00fablico entraba en una habitaci\u00f3n completamente oscura y era bombardeado con una serie de im\u00e1genes de&nbsp;<strong>fantasmas y esp\u00edritus diab\u00f3licos<\/strong>.<\/p>\n\n\n\n<p>Philipsthal estaba buscando otros elementos para agregarle a su espect\u00e1culo y le sugiri\u00f3 a Marie que se fuera con \u00e9l a Inglaterra.<\/p>\n\n\n\n<p>Ella empac\u00f3 sus cosas, dej\u00f3 a su irresponsable esposo encargado del sal\u00f3n de exhibiciones en Par\u00eds y a su hijo menor con su madre, y cruz\u00f3 el Canal de la Mancha con su hijo mayor Joseph, que para entonces ten\u00eda 5 a\u00f1os.<\/p>\n\n\n\n<h2 class=\"wp-block-heading\">El hombre de su vida<\/h2>\n\n\n\n<p>En 1802, lleg\u00f3 a una Inglaterra a la que todo lo franc\u00e9s produc\u00eda fascinaci\u00f3n y repulsi\u00f3n.<\/p>\n\n\n\n<figure class=\"wp-block-image\"><img decoding=\"async\" src=\"https:\/\/ichef.bbci.co.uk\/news\/624\/cpsprodpb\/B56A\/production\/_96524464_gettyimages-463984565.jpg\" alt=\"Retrato de Napole\u00f3n Bonaparte de Paul Delaroche\" \/><figcaption>Image captionA diferencia de su marido, Napole\u00f3n la ayud\u00f3 a volverse rica.<\/figcaption><\/figure>\n\n\n\n<p>Francia era el enemigo. Napole\u00f3n era la figura central de esa extra\u00f1a atracci\u00f3n y aborrecimiento.<\/p>\n\n\n\n<p>Y Madame Tussaud la ten\u00eda&#8230; en cera.<\/p>\n\n\n\n<p>As\u00ed que&nbsp;<strong>Napole\u00f3n&nbsp;<\/strong><strong>se convirti\u00f3 en la figura central de su exhibici\u00f3n<\/strong>.<\/p>\n\n\n\n<p>Luego de romper con Philipsthal -quien no result\u00f3 un buen socio-, empez\u00f3 a recorrer Inglaterra con un show que hasta 1808, se llam\u00f3 \u00abEl gabinete de curiosidades de Curtius\u00bb.<\/p>\n\n\n\n<p>Al llegar a un sitio nuevo, produc\u00eda carteles que anunciaban: \u00abEspecialmente para tu ciudad por tiempo limitado&#8230; el gabinete de curiosidades de Curtius\u00bb.<\/p>\n\n\n\n<p>El \u00abtiempo limitado\u00bb no ten\u00eda fecha exacta pues hab\u00eda aprendido a trasladarse s\u00f3lo cuando empezaba a ganar menos.<\/p>\n\n\n\n<p>Sab\u00eda adem\u00e1s que el viaje mismo era publicitario pues cada uno de sus carruajes ten\u00edan el nombre del show y su siguiente destino.<\/p>\n\n\n\n<figure class=\"wp-block-image\"><img decoding=\"async\" src=\"https:\/\/ichef.bbci.co.uk\/news\/624\/cpsprodpb\/12A9A\/production\/_96524467_gettyimages-464461797.jpg\" alt=\"Carroza de Madame Tussaud\" \/><figcaption>Image captionLas carrozas que transportaban sus figuras de cera eran carteles publicitarios.<\/figcaption><\/figure>\n\n\n\n<p>Y como quer\u00eda atraer a la nueva clase media adinerada, a diferencia de otros espect\u00e1culos itinerantes, rentaba grandes salones, bien amueblados y decorados. Los modelos de cera eran distribuidos de manera que la gente pudiera caminar entre ellos y tocarlos.<\/p>\n\n\n\n<p>As\u00ed le cambi\u00f3 la cara a la modelaci\u00f3n en cera que en Reino Unido hab\u00eda estado asociada al entretenimiento popular o a la anatom\u00eda. Madame Taussaud la torn\u00f3 en una forma de entretenimiento educativa e informativa para la clase media con aspiraciones.<\/p>\n\n\n\n<p>\u00abTodos se asombran con mis figuras, no hab\u00edan visto algo as\u00ed. Aqu\u00ed me tratan como una gran dama\u00bb.<\/p>\n\n\n\n<figure class=\"wp-block-image\"><img decoding=\"async\" src=\"https:\/\/ichef.bbci.co.uk\/news\/624\/cpsprodpb\/176D0\/production\/_96525959_gettyimages-2989926.jpg\" alt=\"Sal\u00f3n de exhibiciones de Madame Tussaud\" \/><figcaption>Image captionLos visitantes caminaban entre las figuras de cera de los famosos.<\/figcaption><\/figure>\n\n\n\n<p>Las giras del gabinete curiosidades por Reino Unido eran cada vez m\u00e1s rentables y ella continuaba envi\u00e1ndole dinero a su esposo, quien segu\u00eda en Francia supuestamente ocup\u00e1ndose de la educaci\u00f3n de Fran\u00e7ois, el hijo menor.<\/p>\n\n\n\n<p>Pero realmente&nbsp;<strong>se lo gast\u00f3 todo<\/strong>&nbsp;y en 1812 Fran\u00e7ois se vio obligado a vender las figuras de cera de Boulevard Du Temple.<\/p>\n\n\n\n<p>En 1817, tras la separaci\u00f3n de sus padres, Fran\u00e7ois lleg\u00f3 a Londres cargando un recuerdo de la familia para confirmar su identidad, pues no hab\u00eda visto a su madre y hermano por 15 a\u00f1os.<\/p>\n\n\n\n<p>Era carpintero y su lugar en el negocio de su madre fue hacer los brazos y piernas de las figuras.<\/p>\n\n\n\n<p>Los dos hijos trabajaban bajo las \u00f3rdenes de la mam\u00e1 y la exhibici\u00f3n cambi\u00f3 de nombre a Madame Tussaud e hijos.<\/p>\n\n\n\n<h2 class=\"wp-block-heading\">Londres, Baker Street<\/h2>\n\n\n\n<figure class=\"wp-block-image\"><img decoding=\"async\" src=\"https:\/\/ichef.bbci.co.uk\/news\/624\/cpsprodpb\/6560\/production\/_96525952_gettyimages-514890240.jpg\" alt=\"Portada del cat\u00e1logo de la exposici\u00f3n de Madame Tusssaud e hijos en Baker Street.\" \/><figcaption>Image captionPortada del cat\u00e1logo de la exposici\u00f3n de Madame Tusssaud e hijos en Baker Street.<\/figcaption><\/figure>\n\n\n\n<p>En 1835,&nbsp;<strong>tras tres d\u00e9cadas de recorrer los caminos de Reino Unido<\/strong>, Madame Tussaud e hijos era un negocio pr\u00f3spero.<\/p>\n\n\n\n<p>Finalmente Marie ten\u00eda lo suficiente para alquilar un sal\u00f3n de exposiciones en Baker Street, Londres.<\/p>\n\n\n\n<p>En ese momento, no sab\u00eda que se convertir\u00eda en un lugar permanente. El plan era estar ah\u00ed, en el centro de Londres, de la moda, del \u00e1rea cultural y burguesa durante unos meses. Pero como siguieron ganando dinero, se quedaron.<\/p>\n\n\n\n<p>Su \u00ab<strong>C\u00e1mara del Horror<\/strong>\u00ab, que combinaba la sangrienta violencia de la Revoluci\u00f3n Francesa con figuras de asesinos famosos, atra\u00eda multitudes.<\/p>\n\n\n\n<p>En una \u00e9poca en la que las ejecuciones hab\u00edan dejado de ser p\u00fablicas, le permit\u00eda a la gente acercarse un poco al oculto mundo del crimen y castigo.<\/p>\n\n\n\n<p>Y pod\u00edan estar seguros de que el modelo hab\u00eda sido tomado de la cabeza del muerto.<\/p>\n\n\n\n<figure class=\"wp-block-image\"><img decoding=\"async\" src=\"https:\/\/ichef.bbci.co.uk\/news\/624\/cpsprodpb\/DA90\/production\/_96525955_gettyimages-2672344.jpg\" alt=\"C\u00e1mara del horror, ilustraci\u00f3n\" \/><figcaption>Image captionEl horror atra\u00eda a la gente.<\/figcaption><\/figure>\n\n\n\n<p>En 1837 una nueva atracci\u00f3n llev\u00f3 a Madame Tussaud y a su exhibici\u00f3n a otro nivel: la joven reina Victoria permiti\u00f3 que la modelara en cera y que la figura vistiera r\u00e9plicas exactas de su atuendo de coronaci\u00f3n.<\/p>\n\n\n\n<p>La reina qued\u00f3 tan complacida con la obra que llevaba a sus hijos a verla y animaba a otros arist\u00f3cratas a hacer lo mismo.<\/p>\n\n\n\n<p>\u00abTras 36 a\u00f1os de residencia, incluyendo los \u00faltimos cinco en Londres, Madame Tussaud est\u00e1 m\u00e1s de moda que nunca. Escap\u00f3 masacres, fue liberada de la prisi\u00f3n, se salv\u00f3 de la guillotina y lleg\u00f3 a un retiro pac\u00edfico. Sana y salva, se despide de sus lectores\u00bb.<\/p>\n\n\n\n<p>As\u00ed termina su brillante autobiograf\u00eda,&nbsp;<strong>un excelente retrato de c\u00f3mo ella quer\u00eda que se le recordara<\/strong>.<\/p>\n\n\n\n<p>Madame Tussaud cre\u00f3 tanto el mito como la realidad que lo inspir\u00f3.<\/p>\n\n\n\n<figure class=\"wp-block-image\"><img decoding=\"async\" src=\"https:\/\/ichef.bbci.co.uk\/news\/624\/cpsprodpb\/128B0\/production\/_96525957_gettyimages-542424877.jpg\" alt=\"Figura de cera de Madame Tussaud\" \/><figcaption>Image captionElla misma era lo suficientemente famosa como para merecer una figura de cera con su semejanza.<\/figcaption><\/figure>\n\n\n\n<p>Muri\u00f3 el 15 de abril de 1850 a la edad de 89 a\u00f1os. Su obituario apareci\u00f3 en casi todos los diarios que calificaron, sin excepci\u00f3n, que Madame Tussaud era una \u00abinstituci\u00f3n nacional\u00bb.<\/p>\n\n\n\n<p>Su museo que sigue siendo espectacularmente exitoso entre londinenses y visitantes. Hoy en d\u00eda, Madame Tussands tiene nueve sedes en Asia, siete en Europa, siete en Estados Unidos y uno en Ocean\u00eda.<\/p>\n","protected":false},"excerpt":{"rendered":"<p>Fuente: bbc.com 18\/05\/2017 En 1838, a los 80 a\u00f1os de edad, una extraordinaria mujer se dispuso a dictarle sus memorias a su amiga, cont\u00e1ndolas en tercera persona: \u00abMadame Tussaud naci\u00f3 en Berna en 1761\u00bb. Sus memorias, cartas y documentos ofrecen una visi\u00f3n \u00fanica de la creaci\u00f3n del mundialmente famoso imperio de museos de cera que &hellip; <a href=\"https:\/\/blogsaverroes.juntadeandalucia.es\/aldeacordoba\/?p=1217\" class=\"more-link\">Continuar leyendo<span class=\"screen-reader-text\"> \u00ab\u00abLe llevaban las cabezas directo de la guillotina\u00bb: la extraordinaria vida de Madame Tussaud\u00bb<\/span><\/a><\/p>\n","protected":false},"author":168,"featured_media":0,"comment_status":"open","ping_status":"open","sticky":false,"template":"","format":"standard","meta":{"ngg_post_thumbnail":0,"footnotes":""},"categories":[224380],"tags":[224532,224750,224784,224871],"aioseo_notices":[],"_links":{"self":[{"href":"https:\/\/blogsaverroes.juntadeandalucia.es\/aldeacordoba\/index.php?rest_route=\/wp\/v2\/posts\/1217"}],"collection":[{"href":"https:\/\/blogsaverroes.juntadeandalucia.es\/aldeacordoba\/index.php?rest_route=\/wp\/v2\/posts"}],"about":[{"href":"https:\/\/blogsaverroes.juntadeandalucia.es\/aldeacordoba\/index.php?rest_route=\/wp\/v2\/types\/post"}],"author":[{"embeddable":true,"href":"https:\/\/blogsaverroes.juntadeandalucia.es\/aldeacordoba\/index.php?rest_route=\/wp\/v2\/users\/168"}],"replies":[{"embeddable":true,"href":"https:\/\/blogsaverroes.juntadeandalucia.es\/aldeacordoba\/index.php?rest_route=%2Fwp%2Fv2%2Fcomments&post=1217"}],"version-history":[{"count":0,"href":"https:\/\/blogsaverroes.juntadeandalucia.es\/aldeacordoba\/index.php?rest_route=\/wp\/v2\/posts\/1217\/revisions"}],"wp:attachment":[{"href":"https:\/\/blogsaverroes.juntadeandalucia.es\/aldeacordoba\/index.php?rest_route=%2Fwp%2Fv2%2Fmedia&parent=1217"}],"wp:term":[{"taxonomy":"category","embeddable":true,"href":"https:\/\/blogsaverroes.juntadeandalucia.es\/aldeacordoba\/index.php?rest_route=%2Fwp%2Fv2%2Fcategories&post=1217"},{"taxonomy":"post_tag","embeddable":true,"href":"https:\/\/blogsaverroes.juntadeandalucia.es\/aldeacordoba\/index.php?rest_route=%2Fwp%2Fv2%2Ftags&post=1217"}],"curies":[{"name":"wp","href":"https:\/\/api.w.org\/{rel}","templated":true}]}}