{"id":1219,"date":"2020-08-04T09:17:00","date_gmt":"2020-08-04T08:17:00","guid":{"rendered":"https:\/\/jmoragahc.wordpress.com\/?p=1219"},"modified":"2020-08-04T09:17:00","modified_gmt":"2020-08-04T08:17:00","slug":"benito-mussolini-a-75-anos-de-su-muerte","status":"publish","type":"post","link":"https:\/\/blogsaverroes.juntadeandalucia.es\/aldeacordoba\/?p=1219","title":{"rendered":"Benito Mussolini, a 75 a\u00f1os de su muerte"},"content":{"rendered":"\n<figure class=\"wp-block-image size-large\"><img decoding=\"async\" src=\"https:\/\/ichef.bbci.co.uk\/news\/660\/cpsprodpb\/DF6F\/production\/_111999175_musso_ultimoritratto.jpg\" alt=\"\" \/><figcaption>Benito Mussolini fue capturado por los partisanos el 27 de abril de 1945 cerca de la frontera entre Italia y Suiza y ejecutado al d\u00eda siguiente.<\/figcaption><\/figure>\n\n\n\n<p>| \u00abLa gran mentira sobre Mussolini es que fue un dictador bueno que quer\u00eda a su pueblo: fue \u00e9l quien mat\u00f3 a m\u00e1s italianos en la historia del pa\u00eds\u00bb<\/p>\n\n\n\n<p><strong>Autor<\/strong>: Angelo Attanasio<\/p>\n\n\n\n<p><strong>Fuente<\/strong>: <a href=\"https:\/\/www.bbc.com\/mundo\/noticias-internacional-52447027?at_campaign=64&amp;at_custom2=facebook_page&amp;at_custom4=A81C2818-D188-11EA-9526-E4E339982C1E&amp;at_custom1=%5Bpost+type%5D&amp;at_medium=custom7&amp;at_custom3=BBC+News+Mundo&amp;fbclid=IwAR2hceRceBf_ZDJfop7DexWm7XIgS2WcBnGJkT-deaU46iPxciLFxUSlJNE\">bbc.com<\/a> 28\/04\/2020<\/p>\n\n\n\n<p>En Italia, una de cada cinco personas cree que \u00abMussolini fue un gran l\u00edder que solo cometi\u00f3 algunos errores\u00bb, seg\u00fan una encuesta del centro estad\u00edstico Eurispes de enero de 2020.<\/p>\n\n\n\n<p>Es decir, que 75 a\u00f1os despu\u00e9s de la muerte de \u00abIl Duce\u00bb y casi 100 desde su toma de poder, millones de italianos creen que a Mussolini le deben el actual sistema de jubilaciones, la construcci\u00f3n de carreteras y acueductos o la reducci\u00f3n de los \u00edndices de criminalidad.<\/p>\n\n\n\n<p>En definitiva, muchos italianos creen que el legado de Mussolini no es tan negativo, sobre todo si se le compara con la clase pol\u00edtica actual.<\/p>\n\n\n\n<p>Pero, \u00bfson ciertas todas estas creencias?<\/p>\n\n\n\n<p>Seg\u00fan Francesco Filippi (Italia, 1981), historiador de las mentalidades y colaborador de la Universidad de Trento,\u00a0<strong>no<\/strong>.<\/p>\n\n\n\n<p>En su libro, titulado ir\u00f3nicamente&nbsp;<strong><em>Mussolini ha fatto anche cose buone<\/em><\/strong>&nbsp;(\u00abMussolini hizo tambi\u00e9n cosas buenas\u00bb, en castellano, editorial Bollati Boringhieri), Filippi explica c\u00f3mo se generaron las que \u00e9l define como \u00ab<em>fake news<\/em>&nbsp;del fascismo\u00bb y por qu\u00e9 consiguieron circular casi intactas hasta hoy, imponi\u00e9ndose en las redes sociales y en los discursos p\u00fablicos.<\/p>\n\n\n\n<figure class=\"wp-block-image\"><img decoding=\"async\" src=\"https:\/\/ichef.bbci.co.uk\/news\/624\/cpsprodpb\/17082\/production\/_111983349_filippi.jpg\" alt=\"Francesco Filippi\" \/><figcaption>Image captionEl historiador Francesco Filippi imparte talleres de memoria hist\u00f3rica para adolescentes en la asociaci\u00f3n Deina.<\/figcaption><\/figure>\n\n\n\n<p>\u00abMi intenci\u00f3n era utilizar los instrumentos de la investigaci\u00f3n hist\u00f3rica para desmontar algunos de los mitos m\u00e1s radicados sobre el fascismo\u00bb, explica Filippi en conversaci\u00f3n con BBC Mundo.<\/p>\n\n\n\n<ul><li><a href=\"https:\/\/www.bbc.com\/mundo\/noticias-52450602\">Clara Petacci, la amante que muri\u00f3 fusilada junto al l\u00edder italiano y cuyos diarios revelaron detalles \u00edntimos de la vida de \u00abil Duce\u00bb<\/a><\/li><\/ul>\n\n\n\n<p>El libro sali\u00f3 en marzo de 2019 y sigue siendo un \u00e9xito comercial en el pa\u00eds europeo. Algo que claramente enorgullece a su autor, pero que tambi\u00e9n le preocupa.<\/p>\n\n\n\n<p>\u00abPorque\u00bb, aclara Filippi, \u00absi 75 a\u00f1os despu\u00e9s de la muerte de Mussolini todav\u00eda hace falta un manual como este para arrojar luz sobre el r\u00e9gimen m\u00e1s sanguinario de la historia de Italia, quiere decir que todav\u00eda tenemos problemas con la memoria p\u00fablica sobre el fascismo\u00bb.<\/p>\n\n\n\n<figure class=\"wp-block-image\"><img decoding=\"async\" src=\"https:\/\/ichef.bbci.co.uk\/news\/624\/cpsprodpb\/030E\/production\/_106028700_line976.jpg\" alt=\"BBC\" \/><\/figure>\n\n\n\n<p><strong>\u00bfCu\u00e1l de las ideas sobre Mussolini es las m\u00e1s arraigada en la cultura italiana?<\/strong><\/p>\n\n\n\n<p>Seguramente, la madre de todas las&nbsp;<em>fake news&nbsp;<\/em>sobre Mussolini es la que pinta al \u00abDuce\u00bb como un dictador bueno, que quiso a su pueblo, como si hubiese sido un padre para toda la naci\u00f3n.<\/p>\n\n\n\n<p>En realidad, fue \u00e9l quien, con sus decisiones,&nbsp;<strong>mat\u00f3 a m\u00e1s italianos en las historia del pa\u00eds<\/strong>, que provoc\u00f3 una guerra en la que murieron centenares de miles de personas, que caus\u00f3 da\u00f1os irreparables al patrimonio cultural, social y econ\u00f3mico de este pa\u00eds.<\/p>\n\n\n\n<figure class=\"wp-block-image\"><img decoding=\"async\" src=\"https:\/\/ichef.bbci.co.uk\/news\/624\/cpsprodpb\/ED6E\/production\/_106028706_benitomussolini1.jpg\" alt=\"Benito Mussolini\" \/><figcaption>Image captionBenito Mussolini fund\u00f3 los \u00abFasci italiani di combattimento\u00bb el 23 de marzo de 1919, en Mil\u00e1n, Italia.<\/figcaption><\/figure>\n\n\n\n<p>Hay una an\u00e9cdota muy representativa a este respecto. Seg\u00fan cuenta Galeazzo Ciano, su cu\u00f1ado y ministro de Exteriores, durante el invierno de 1940, seis meses despu\u00e9s de que Italia entrara en guerra al lado de la Alemania nazi, Mussolini miraba desde su despacho c\u00f3mo nevaba sobre Roma. &#8216;Me alegra de que haga tanto fr\u00edo&#8217;, le dijo el Duce a Ciano, \u00abas\u00ed nos libramos de todos los blandengues&#8217;.<\/p>\n\n\n\n<ul><li><a href=\"https:\/\/www.bbc.com\/mundo\/noticias-52411191\">Benito Mussolini, a 75 a\u00f1os de su muerte: de d\u00f3nde viene el fascio, el s\u00edmbolo que \u00abIl Duce\u00bb adopt\u00f3 para su Partido Fascista<\/a><\/li><\/ul>\n\n\n\n<p>Eso muestra que&nbsp;<strong>Mussolini odiaba a una parte de sus&nbsp;<\/strong><strong>\u00ab<\/strong><strong>s\u00fabditos&#8217;<\/strong>. Por suerte nunca hubo un genocidio del pueblo italiano, pero podemos decir que el fascismo fue el momento en el que el pueblo italiano en su totalidad estuvo m\u00e1s en peligro.<\/p>\n\n\n\n<p>Habr\u00eda que preguntarse por qu\u00e9, a pesar de eso, una quinta parte de los italianos lo siguen considerando un buen l\u00edder.<\/p>\n\n\n\n<p><strong>Entonces, \u00bfcu\u00e1l es tu respuesta?<\/strong><\/p>\n\n\n\n<p>Hay dos razones principales. Por lo que respecta a la primera, parte de la culpa la tenemos los historiadores. Porque si, 75 a\u00f1os despu\u00e9s de su muerte y a pesar del enorme n\u00famero de libros publicados, a\u00fan se desconoce la verdad, quiere decir que hay una separaci\u00f3n entre la academia y la sociedad, y nosotros tenemos parte de responsabilidad.<\/p>\n\n\n\n<p>Y eso es algo que pasa no solo en Italia, sino en muchos pa\u00edses europeos.<\/p>\n\n\n\n<figure class=\"wp-block-image\"><img decoding=\"async\" src=\"https:\/\/ichef.bbci.co.uk\/news\/624\/cpsprodpb\/62FA\/production\/_111983352_discorso.jpg\" alt=\"Benito Mussolini dando un discurso\" \/><figcaption>Image captionLa ret\u00f3rica del \u00abDuce\u00bb, seg\u00fan Filippi, fue una revoluci\u00f3n mundial, y por eso sus mensajes y su lenguaje siguen circulando con fuerza hasta hoy.<\/figcaption><\/figure>\n\n\n\n<p><strong>\u00bfY la segunda?<\/strong><\/p>\n\n\n\n<p>Un segundo problema es c\u00f3mo la figura del hombre fuerte, del padre autoritario, atrae a las sociedades cuando atraviesan per\u00edodos de crisis.<\/p>\n\n\n\n<p>Hay per\u00edodos en los que las personas necesitan respuestas sencillas a problemas complejos. Es lo que yo llamo&nbsp;<strong>\u00abinfantilismo social\u00bb<\/strong>: as\u00ed como los ni\u00f1os, delante de determinados problemas, no quieren entender de soluciones dif\u00edciles, algunas sociedades, en determinados momentos, esperan que un adulto les resuelva los problemas con una varita m\u00e1gica.<\/p>\n\n\n\n<p>En el momento en que personajes hist\u00f3ricos como Mussolini consiguen encarnar ese papel de solucionador de problemas, a la gente ya no le importa si eso es verdad o no, porque se siente tranquilizada.<\/p>\n\n\n\n<figure class=\"wp-block-image\"><img decoding=\"async\" src=\"https:\/\/ichef.bbci.co.uk\/news\/624\/cpsprodpb\/AD32\/production\/_111983344_adunateoceaniche.jpg\" alt=\"Benito Mussolini en Palacio venezia\" \/><figcaption>Image captionEl \u00abDuce\u00bbcelebraba peri\u00f3dicamente discursos desde el balc\u00f3n de Palacio Venezia, en Roma, a los que asist\u00edan miles de personas.<\/figcaption><\/figure>\n\n\n\n<p><strong>\u00bfQu\u00e9 es lo que preocupa tanto a los italianos como para a\u00f1orar a Mussolini?<\/strong><\/p>\n\n\n\n<p>La generaci\u00f3n m\u00e1s joven est\u00e1 comprimida entre un presente en constante mutaci\u00f3n y un futuro incierto, donde sus condiciones de trabajo y de vida ser\u00e1n peores que las de sus padres.<\/p>\n\n\n\n<p>Entonces, no le queda otra que refugiarse en un pasado m\u00edtico, tranquilizador, aunque sea falso: un pasado donde, por ejemplo, se pod\u00eda salir de casa dejando la puerta abierta o donde todos viv\u00edan mejor.<\/p>\n\n\n\n<p>En realidad, ese pasado sirve para proyectar las esperanzas que el presente y el futuro no pueden cumplir.<\/p>\n\n\n\n<p><strong>Seg\u00fan repiten muchos italianos, sin embargo, Mussolini s\u00ed consigui\u00f3 numerosos logros como gobernante. T\u00fa dedicas cada cap\u00edtulo a analizar y desmontar uno de ellos. \u00bfCu\u00e1l es el m\u00e1s significativo?<\/strong><\/p>\n\n\n\n<p>Uno de los convencimientos m\u00e1s s\u00f3lidos en Italia es que Mussolini introdujo el sistema de jubilaciones para los ancianos. En realidad exist\u00edan desde el 1895, \u00a1cuando el \u00abDuce\u00bb ten\u00eda 12 a\u00f1os!<\/p>\n\n\n\n<p>Pero insistir en que Mussolini introdujo las jubilaciones quiere decir contar el cuento del dictador que quiso mucho a nuestros abuelos y que les dio seguridad. Es dibujar el perfil de un atento arquitecto de una sociedad que piensa en los m\u00e1s d\u00e9biles. Es mostrarlo como un dictador simp\u00e1tico.<\/p>\n\n\n\n<figure class=\"wp-block-image\"><img decoding=\"async\" src=\"https:\/\/ichef.bbci.co.uk\/news\/624\/cpsprodpb\/12262\/production\/_111983347_propaganda.jpg\" alt=\"Benito Mussolini\" \/><figcaption>Image captionEn las im\u00e1genes de propaganda m\u00e1s comunes del fascismo aparec\u00eda Benito Mussolini mientras realizaba trabajos manuales como cortar el trigo en el campo.<\/figcaption><\/figure>\n\n\n\n<p><strong>\u00bfPor qu\u00e9 son tan fuertes algunos mensajes de Mussolini como para ser considerados actuales?<\/strong><\/p>\n\n\n\n<p>Si hay algo que el fascismo hizo muy bien fue hablar de s\u00ed mismo. La propaganda fascista fue muy eficaz porque era primitiva, sencilla y directa.<\/p>\n\n\n\n<p>La ret\u00f3rica del \u00abDuce\u00bb fue una revoluci\u00f3n mundial, y por eso sus mensajes y su lenguaje siguen circulando con fuerza hasta hoy.<\/p>\n\n\n\n<p>Mussolini fue el primero en entender la importancia de los<strong>&nbsp;medios de comunicaci\u00f3n<\/strong>&nbsp;y del contacto directo con las&nbsp;<strong>masas<\/strong>.<\/p>\n\n\n\n<p>Luego tanto Hitler, quien declar\u00f3 su admiraci\u00f3n por Mussolini, como las democracias occidentales entienden la importancia de visibilizar al l\u00edder.<\/p>\n\n\n\n<figure class=\"wp-block-image\"><img decoding=\"async\" src=\"https:\/\/ichef.bbci.co.uk\/news\/624\/cpsprodpb\/C65E\/production\/_106028705_benitomussolini2.jpg\" alt=\"Mussolini y Hitler\" \/><figcaption>Image captionBenito Mussolini y Adolf Hitler fueron aliados durante la Segunda Guerra Mundial y ten\u00edan una fuerte relaci\u00f3n personal.<\/figcaption><\/figure>\n\n\n\n<p>Esto es lo mismo que pas\u00f3 con las redes sociales. Si pensamos en lo que pasa en la democracia por excelencia del d\u00eda de hoy, Estados Unidos, vemos c\u00f3mo su presidente publica decenas y hasta centenares de tuits cada d\u00eda y dialoga directamente con su base electoral. Pero esto pasa en todos los pa\u00edses occidentales.<\/p>\n\n\n\n<p>Esta forma vertical de comunicar es la versi\u00f3n 2.0 de la revoluci\u00f3n comunicativa de Mussolini: sus esl\u00f3ganes funcionaban tan bien en las plazas de los a\u00f1os 20 del siglo pasado como lo hacen ahora en las plazas virtuales.<\/p>\n\n\n\n<p><strong>Justamente, en un plaza de Mil\u00e1n se&nbsp;<\/strong><strong>puso final<\/strong><strong>&nbsp;hace 75 a\u00f1os la vida de Mussolini y la experiencia del fascismo en Italia. \u00bfQu\u00e9 representa hoy en d\u00eda la imagen del \u00abDuce\u00bb colgado de los pies delante de la poblaci\u00f3n italiana enfurecida que se ensa\u00f1aba con su cuerpo?<\/strong><\/p>\n\n\n\n<figure class=\"wp-block-image\"><img decoding=\"async\" src=\"https:\/\/ichef.bbci.co.uk\/news\/624\/cpsprodpb\/507B\/production\/_111930602_gettyimages-113491145.jpg\" alt=\"Il Duce y sus compinches, colgados bocabajo en la Piazzale Loreto de Mil\u00e1n.\" \/><figcaption>Image captionLos cuerpos del \u00abDuce\u00bb, de su pareja Claretta Petacci y de otros fascistas fueron colgados por los pies y expuestos en Piazzale Loreto de Mil\u00e1n el 29 de abril de 1945.<\/figcaption><\/figure>\n\n\n\n<p>Fue el \u00faltimo acto de la par\u00e1bola ret\u00f3rica del fascismo, de&nbsp;<strong>la relaci\u00f3n corp\u00f3rea entre el dictador y la muchedumbre<\/strong>.<\/p>\n\n\n\n<p>Esa misma muchedumbre que lo hab\u00eda apoyado se siente ahora traicionada y humillada pero tambi\u00e9n hu\u00e9rfana, y se rebela contra ese padre y se ensa\u00f1a con su cuerpo.<\/p>\n\n\n\n<p>Fue el fascismo que se devoraba a s\u00ed mismo.<\/p>\n\n\n\n<figure class=\"wp-block-embed-youtube wp-block-embed is-type-rich wp-embed-aspect-16-9 wp-has-aspect-ratio\"><div class=\"wp-block-embed__wrapper\">\n<iframe loading=\"lazy\" title=\"\u00bfQu\u00e9 es el fascismo y en qu\u00e9 se diferencia de la extrema derecha?\" width=\"840\" height=\"473\" src=\"https:\/\/www.youtube.com\/embed\/e7iqwokK-xg?feature=oembed\" frameborder=\"0\" allow=\"accelerometer; autoplay; clipboard-write; encrypted-media; gyroscope; picture-in-picture\" allowfullscreen><\/iframe>\n<\/div><\/figure>\n","protected":false},"excerpt":{"rendered":"<p>| \u00abLa gran mentira sobre Mussolini es que fue un dictador bueno que quer\u00eda a su pueblo: fue \u00e9l quien mat\u00f3 a m\u00e1s italianos en la historia del pa\u00eds\u00bb Autor: Angelo Attanasio Fuente: bbc.com 28\/04\/2020 En Italia, una de cada cinco personas cree que \u00abMussolini fue un gran l\u00edder que solo cometi\u00f3 algunos errores\u00bb, seg\u00fan &hellip; <a href=\"https:\/\/blogsaverroes.juntadeandalucia.es\/aldeacordoba\/?p=1219\" class=\"more-link\">Continuar leyendo<span class=\"screen-reader-text\"> \u00abBenito Mussolini, a 75 a\u00f1os de su muerte\u00bb<\/span><\/a><\/p>\n","protected":false},"author":168,"featured_media":0,"comment_status":"open","ping_status":"open","sticky":false,"template":"","format":"standard","meta":{"ngg_post_thumbnail":0,"footnotes":""},"categories":[224388,224390],"tags":[224591,224712,224785],"aioseo_notices":[],"_links":{"self":[{"href":"https:\/\/blogsaverroes.juntadeandalucia.es\/aldeacordoba\/index.php?rest_route=\/wp\/v2\/posts\/1219"}],"collection":[{"href":"https:\/\/blogsaverroes.juntadeandalucia.es\/aldeacordoba\/index.php?rest_route=\/wp\/v2\/posts"}],"about":[{"href":"https:\/\/blogsaverroes.juntadeandalucia.es\/aldeacordoba\/index.php?rest_route=\/wp\/v2\/types\/post"}],"author":[{"embeddable":true,"href":"https:\/\/blogsaverroes.juntadeandalucia.es\/aldeacordoba\/index.php?rest_route=\/wp\/v2\/users\/168"}],"replies":[{"embeddable":true,"href":"https:\/\/blogsaverroes.juntadeandalucia.es\/aldeacordoba\/index.php?rest_route=%2Fwp%2Fv2%2Fcomments&post=1219"}],"version-history":[{"count":0,"href":"https:\/\/blogsaverroes.juntadeandalucia.es\/aldeacordoba\/index.php?rest_route=\/wp\/v2\/posts\/1219\/revisions"}],"wp:attachment":[{"href":"https:\/\/blogsaverroes.juntadeandalucia.es\/aldeacordoba\/index.php?rest_route=%2Fwp%2Fv2%2Fmedia&parent=1219"}],"wp:term":[{"taxonomy":"category","embeddable":true,"href":"https:\/\/blogsaverroes.juntadeandalucia.es\/aldeacordoba\/index.php?rest_route=%2Fwp%2Fv2%2Fcategories&post=1219"},{"taxonomy":"post_tag","embeddable":true,"href":"https:\/\/blogsaverroes.juntadeandalucia.es\/aldeacordoba\/index.php?rest_route=%2Fwp%2Fv2%2Ftags&post=1219"}],"curies":[{"name":"wp","href":"https:\/\/api.w.org\/{rel}","templated":true}]}}