{"id":1224,"date":"2020-08-28T08:24:00","date_gmt":"2020-08-28T07:24:00","guid":{"rendered":"https:\/\/jmoragahc.wordpress.com\/?p=1224"},"modified":"2020-08-28T08:24:00","modified_gmt":"2020-08-28T07:24:00","slug":"jose-i-un-rey-sin-subditos","status":"publish","type":"post","link":"https:\/\/blogsaverroes.juntadeandalucia.es\/aldeacordoba\/?p=1224","title":{"rendered":"Jos\u00e9 I, un rey sin s\u00fabditos"},"content":{"rendered":"\n<figure class=\"wp-block-image size-large\"><img decoding=\"async\" src=\"https:\/\/www.lavanguardia.com\/files\/image_948_465\/uploads\/2018\/12\/18\/5f15efcb806d2.jpeg\" alt=\"\" \/><figcaption>El reinado de Jos\u00e9 I fue poco eficaz debido a la guerra de independencia.<br>\u00a0El reinado de Jos\u00e9 I Bonaparte<\/figcaption><\/figure>\n\n\n\n<p><strong>Autor<\/strong>: <strong>JOAN-MARC FERRANDO<\/strong><\/p>\n\n\n\n<p><strong>Fuente<\/strong>: <a href=\"https:\/\/www.lavanguardia.com\/historiayvida\/historia-contemporanea\/20181218\/47312796704\/jose-i-un-rey-sin-subditos.html?fbclid=IwAR1tyccaLJPelXcROC19L0n221GekjA_fd_SdbFXsCCG5FHyqA4TtHVGhYM\">lavanguardia.com 23\/12\/2018<\/a><\/p>\n\n\n\n<p>A mediados de 1808,&nbsp;<strong>Jos\u00e9 Bonaparte pisaba Espa\u00f1a<\/strong>. Primero pas\u00f3 por San Sebasti\u00e1n y de all\u00ed se dirigi\u00f3 a Madrid, con una breve estancia en Vitoria. La capital recibi\u00f3 con hostilidad al nuevo rey. Ello qued\u00f3 reflejado cuando, a los pocos d\u00edas, fue proclamado oficialmente monarca de Espa\u00f1a y las Indias en una ceremonia en la que casi ning\u00fan cortesano le dio apoyo.<\/p>\n\n\n\n<p>Contrariamente a la leyenda popular,&nbsp;<strong>Jos\u00e9 I era un hombre inteligente, sumamente culto y con talento<\/strong>&nbsp;para moverse en las turbulentas aguas de la pol\u00edtica. Adem\u00e1s, era honesto y, a pesar de su rechazo inicial de la corona espa\u00f1ola, pretend\u00eda gobernar con magnanimidad y acento ilustrado.<\/p>\n\n\n\n<p>Pero ten\u00eda una debilidad: admiraba a su hermano peque\u00f1o.&nbsp;<a href=\"https:\/\/www.lavanguardia.com\/historiayvida\/historia-contemporanea\/20170720\/47311197670\/malmaison-la-mansion-de-los-bonaparte.html\">Napole\u00f3n Bonaparte&nbsp;<\/a>quer\u00eda poner al frente de la d\u00e9bil monarqu\u00eda espa\u00f1ola a un familiar suyo. Para ello, llam\u00f3 a Carlos IV y a su valido,&nbsp;<a href=\"http:\/\/www.lavanguardia.com\/historiayvida\/las-tres-mujeres-de-manuel-godoy_12060_102.html\">Manuel Godoy<\/a>, a Bayona. Tambi\u00e9n acudi\u00f3 Fernando VII con la intenci\u00f3n de ser legitimado como rey.<\/p>\n\n\n\n<div class=\"wp-block-image\"><figure class=\"aligncenter\"><img decoding=\"async\" src=\"https:\/\/www.lavanguardia.com\/files\/content_image_mobile_filter\/uploads\/2018\/12\/18\/5f15efe2ac734.jpeg\" alt=\"\" \/><figcaption>Fernando VII tambi\u00e9n acudi\u00f3 a Bayona para hablar con Napole\u00f3n.&nbsp;TERCEROS<\/figcaption><\/figure><\/div>\n\n\n\n<p>Napole\u00f3n puso fin a la discusi\u00f3n entre los monarcas sobre qui\u00e9n deb\u00eda reinar. Primero, forz\u00f3 a Fernando VII a que devolviera la corona a su padre, Carlos IV, y despu\u00e9s, forz\u00f3 a este \u00faltimo a ced\u00e9rsela a cambio de una renta de 30 millones anuales. Poco m\u00e1s tarde,&nbsp;<strong>el Emperador se la entreg\u00f3 a su hermano Jos\u00e9, que en junio de 1808 era proclamado por Napole\u00f3n como rey de Espa\u00f1a.<\/strong><\/p>\n\n\n\n<p><strong>Un rey intruso<\/strong><\/p>\n\n\n\n<p>Ya como monarca, antes de asentarse en sus nuevos dominios,&nbsp;<strong>Jos\u00e9 I reuni\u00f3 a una comisi\u00f3n de notables en Bayona<\/strong>, donde redact\u00f3 una constituci\u00f3n inspirada en el C\u00f3digo Napole\u00f3nico. El texto jur\u00eddico, que pretend\u00eda congraciarse con los s\u00fabditos espa\u00f1oles, combinaba elementos del derecho espa\u00f1ol con&nbsp;<a href=\"http:\/\/www.lavanguardia.com\/historiayvida\/revolucion-francesa_103_119.html\">los principios ilustrados de la Revoluci\u00f3n Francesa.<\/a><\/p>\n\n\n\n<p>Tambi\u00e9n form\u00f3 un gobierno con espa\u00f1oles partidarios del candidato napole\u00f3nico. Tan solo un reducido grupo de \u201cafrancesados\u201d, entre los que se contaba<strong>&nbsp;Leandro Fern\u00e1ndez de Morat\u00edn o Francisco Goya<\/strong>, prestaba su apoyo al nuevo rey.<\/p>\n\n\n\n<div class=\"wp-block-image\"><figure class=\"aligncenter\"><img decoding=\"async\" src=\"https:\/\/www.lavanguardia.com\/files\/content_image_mobile_filter\/uploads\/2018\/12\/18\/5f15f3526b247.jpeg\" alt=\"\" \/><figcaption>Francisco Goya inicialmente form\u00f3 parte de los afrancesados.&nbsp;TERCEROS<\/figcaption><\/figure><\/div>\n\n\n\n<p>Jos\u00e9 I inici\u00f3 un programa de reformas que chocaba constantemente con la oposici\u00f3n de sus s\u00fabditos. En las calles, corr\u00edan rumores y bulos acerca del alcoholismo del rey y su adicci\u00f3n al juego, lo que le granje\u00f3 el apodo de Pepe Botella.<\/p>\n\n\n\n<p>En Espa\u00f1a la guerra se recrudec\u00eda, lo cual oblig\u00f3 a&nbsp;<strong>Napole\u00f3n a intervenir personalmente en el conflicto para combatir a los espa\u00f1oles.<\/strong>&nbsp;Ello provoc\u00f3 que Jos\u00e9 se viera supeditado a los designios de su hermano peque\u00f1o.<\/p>\n\n\n\n<div class=\"wp-block-image\"><figure class=\"aligncenter\"><img decoding=\"async\" src=\"https:\/\/www.lavanguardia.com\/files\/content_image_mobile_filter\/uploads\/2018\/12\/18\/5f15f2bde5fa6.jpeg\" alt=\"\" \/><figcaption>Vi\u00f1eta que alude al falso alcoholismo de Jos\u00e9 Bonaparte.&nbsp;TERCEROS<\/figcaption><\/figure><\/div>\n\n\n\n<p>A pesar de la guerra, el a\u00f1o 1810 fue el m\u00e1s estable del reinado de Jos\u00e9 I gracias a las victorias militares francesas. Sin embargo,<strong>&nbsp;el conflicto b\u00e9lico no cesaba y era una verdadera sangr\u00eda para el ej\u00e9rcito imperial<\/strong>. Para someter a los espa\u00f1oles, el Emperador gobernaba de forma autoritaria y orden\u00f3 a sus tropas que emplearan severas medidas para aplastar a la poblaci\u00f3n.<\/p>\n\n\n\n<p>Las injerencias de Napole\u00f3n en el reinado de su hermano fueron cada vez m\u00e1s frecuentes a medida que el curso de la guerra se torc\u00eda para los Bonaparte, incluso se anexion\u00f3 virtualmente Catalu\u00f1a al Imperio franc\u00e9s.<\/p>\n\n\n\n<blockquote class=\"wp-block-quote\"><p>Jos\u00e9 I rein\u00f3 apenas cinco a\u00f1os, con escasa efectividad debido a la guerra de Independencia, pero con un ambicioso programa reformista.<\/p><\/blockquote>\n\n\n\n<p>En 1812, Jos\u00e9 I intent\u00f3 un \u00faltimo gobierno efectivo. Convoc\u00f3 las Cortes generales con&nbsp;<strong>la esperanza de contrarrestar la influencia de las Cortes de C\u00e1diz<\/strong>, pero fracas\u00f3. En los meses siguientes, las tropas imperiales fueron derrotadas en Espa\u00f1a as\u00ed que, a mediados de 1813, Jos\u00e9 I regres\u00f3 a Francia, donde abdic\u00f3 del trono.<\/p>\n\n\n\n<p>Atr\u00e1s quedaron los apenas cinco a\u00f1os de reinado, con&nbsp;<strong>escasa efectividad debido a la guerra de Independencia<\/strong>, pero con un ambicioso programa reformista. Estas fueron las medidas m\u00e1s importantes que Jos\u00e9 I intent\u00f3 llevar a cabo:<\/p>\n\n\n\n<div class=\"wp-block-image\"><figure class=\"aligncenter\"><img decoding=\"async\" src=\"https:\/\/www.lavanguardia.com\/files\/content_image_mobile_filter\/uploads\/2018\/12\/18\/5f15f3f94c46f.jpeg\" alt=\"\" \/><figcaption>Las cortes de C\u00e1diz de 1812 intentaron ser contrarrestadas por Jos\u00e9 I.&nbsp;TERCEROS<\/figcaption><\/figure><\/div>\n\n\n\n<p>1.&nbsp;<strong>Suprimi\u00f3 los se\u00f1or\u00edos y el Consejo de Castilla<\/strong>, la instituci\u00f3n principal del Antiguo R\u00e9gimen. Tambi\u00e9n reprimi\u00f3 a los Grandes de Espa\u00f1a que se opusieron a su gobierno.<\/p>\n\n\n\n<p>2. Hizo varias reformas en el trazado urbano de Madrid, para lo cual derrib\u00f3 viviendas insalubres y abri\u00f3 nuevas plazas. Por ello los madrile\u00f1os&nbsp;<strong>le bautizaron con el apodo de Pepito Plazuelas.<\/strong><\/p>\n\n\n\n<p>3. Plante\u00f3 la idea de crear una pinacoteca p\u00fablica donde exponer la Colecci\u00f3n Real. Su idea no prosper\u00f3, pero fue<strong>&nbsp;el germen del futuro Museo del Prado.<\/strong><\/p>\n\n\n\n<p>4. Napole\u00f3n decidi\u00f3 en febrero de 1810 poner las provincias vascas, Navarra, Arag\u00f3n y Catalu\u00f1a bajo gobiernos militares independientes en detrimento de la autoridad de su hermano Jos\u00e9 I. Para contrarrestarlo, este&nbsp;<strong>intent\u00f3 reorganizar Espa\u00f1a en prefecturas, al estilo franc\u00e9s<\/strong>. El emperador se opondr\u00eda tajantemente.<\/p>\n","protected":false},"excerpt":{"rendered":"<p>Autor: JOAN-MARC FERRANDO Fuente: lavanguardia.com 23\/12\/2018 A mediados de 1808,&nbsp;Jos\u00e9 Bonaparte pisaba Espa\u00f1a. Primero pas\u00f3 por San Sebasti\u00e1n y de all\u00ed se dirigi\u00f3 a Madrid, con una breve estancia en Vitoria. La capital recibi\u00f3 con hostilidad al nuevo rey. Ello qued\u00f3 reflejado cuando, a los pocos d\u00edas, fue proclamado oficialmente monarca de Espa\u00f1a y las &hellip; <a href=\"https:\/\/blogsaverroes.juntadeandalucia.es\/aldeacordoba\/?p=1224\" class=\"more-link\">Continuar leyendo<span class=\"screen-reader-text\"> \u00abJos\u00e9 I, un rey sin s\u00fabditos\u00bb<\/span><\/a><\/p>\n","protected":false},"author":168,"featured_media":0,"comment_status":"open","ping_status":"open","sticky":false,"template":"","format":"standard","meta":{"ngg_post_thumbnail":0,"footnotes":""},"categories":[224380,224397],"tags":[224600,224639,224720,224788],"aioseo_notices":[],"_links":{"self":[{"href":"https:\/\/blogsaverroes.juntadeandalucia.es\/aldeacordoba\/index.php?rest_route=\/wp\/v2\/posts\/1224"}],"collection":[{"href":"https:\/\/blogsaverroes.juntadeandalucia.es\/aldeacordoba\/index.php?rest_route=\/wp\/v2\/posts"}],"about":[{"href":"https:\/\/blogsaverroes.juntadeandalucia.es\/aldeacordoba\/index.php?rest_route=\/wp\/v2\/types\/post"}],"author":[{"embeddable":true,"href":"https:\/\/blogsaverroes.juntadeandalucia.es\/aldeacordoba\/index.php?rest_route=\/wp\/v2\/users\/168"}],"replies":[{"embeddable":true,"href":"https:\/\/blogsaverroes.juntadeandalucia.es\/aldeacordoba\/index.php?rest_route=%2Fwp%2Fv2%2Fcomments&post=1224"}],"version-history":[{"count":0,"href":"https:\/\/blogsaverroes.juntadeandalucia.es\/aldeacordoba\/index.php?rest_route=\/wp\/v2\/posts\/1224\/revisions"}],"wp:attachment":[{"href":"https:\/\/blogsaverroes.juntadeandalucia.es\/aldeacordoba\/index.php?rest_route=%2Fwp%2Fv2%2Fmedia&parent=1224"}],"wp:term":[{"taxonomy":"category","embeddable":true,"href":"https:\/\/blogsaverroes.juntadeandalucia.es\/aldeacordoba\/index.php?rest_route=%2Fwp%2Fv2%2Fcategories&post=1224"},{"taxonomy":"post_tag","embeddable":true,"href":"https:\/\/blogsaverroes.juntadeandalucia.es\/aldeacordoba\/index.php?rest_route=%2Fwp%2Fv2%2Ftags&post=1224"}],"curies":[{"name":"wp","href":"https:\/\/api.w.org\/{rel}","templated":true}]}}